{"id":481116,"date":"2025-10-22T04:15:12","date_gmt":"2025-10-22T04:15:12","guid":{"rendered":"https:\/\/www.europesays.com\/fr\/481116\/"},"modified":"2025-10-22T04:15:12","modified_gmt":"2025-10-22T04:15:12","slug":"renaud-ce-gros-coup-de-pouce-a-sa-fille-lolita-sechan-en-plein-divorce-avec-renan-luce","status":"publish","type":"post","link":"https:\/\/www.europesays.com\/fr\/481116\/","title":{"rendered":"Renaud : ce gros coup de pouce \u00e0 sa fille Lolita S\u00e9chan en plein divorce avec Renan Luce"},"content":{"rendered":"<p>Elle est autrice de livres pour enfants. Lola S\u00e9chan a sorti<br \/>\ntrois bandes dessin\u00e9es destin\u00e9es \u00e0 la jeunesse. Une passion pour<br \/>\nl&rsquo;ex-femme de Renan Luce. Mais pas la seule activit\u00e9 pour la fille<br \/>\nRenaud.<\/p>\n<p>Lola S\u00e9chan : \u00ab\u00a0\u00c7a me fait bouffer\u00a0\u00bb<\/p>\n<p>Lola S\u00e9chan a la garde partag\u00e9e de leur fille H\u00e9lo\u00efse,<br \/>\naujourd&rsquo;hui \u00e2g\u00e9e de 14 ans, fan de musique de rap. La femme de 45<br \/>\nans vit avec son chat roux Bobby et son adolescente \u00e0 mi-temps.<br \/>\n<a href=\"https:\/\/www.closermag.fr\/bio-people\/biographie-renan-luce-112403\" target=\"_blank\" rel=\"noopener\">Si<br \/>\nelle est s\u00e9par\u00e9e de Renan Luce,<\/a> l&rsquo;h\u00e9ro\u00efne de Mistral<br \/>\nGagnant a trouv\u00e9 de quoi donner du sens \u00e0 sa vie. <strong>Lola<br \/>\nS\u00e9chan est d\u00e9sormais manager de son c\u00e9l\u00e8bre p\u00e8re.<\/strong> Au<br \/>\nd\u00e9part, un simple coup de main. Puis au fil des ann\u00e9es, <strong>un<br \/>\nsoutien de plus en plus r\u00e9gulier pour <a href=\"https:\/\/www.closermag.fr\/people\/renaud-abime-ses-demons-ont-mis-a-rude-epreuve-ses-amities-on-en-avait-marre-3539193\" target=\"_blank\" rel=\"noopener\"><br \/>\nl&rsquo;homme de 73 ans<\/a>.<\/strong><\/p>\n<p>Alors il a fallu encadrer cette collaboration. \u00ab\u00a0Si je<br \/>\ncontinuais comme \u00e7a, \u00e0 45 ans, j&rsquo;allais devoir lui dire &lsquo;pr\u00eate-moi<br \/>\nde l&rsquo;argent&rsquo; et je ne voulais pas\u00a0\u00bb. Une main tendue du p\u00e8re la<br \/>\nfille qui lui a permis de sortir la t\u00eate de l&rsquo;eau financi\u00e8rement :<br \/>\n\u00ab\u00a0j&rsquo;ai moins peur de me faire bouffer parce que \u00e7a me fait<br \/>\nbouffer\u00a0\u00bb, d\u00e9clare Lola S\u00e9chan.<\/p>\n<p>\u00c0 73 ans, Renaud a encore \u00ab\u00a0besoin de<br \/>\nvibrer\u00a0\u00bb<\/p>\n<p>Lola S\u00e9chan avait donn\u00e9 des nouvelles de son p\u00e8re dans les pages<br \/>\ndu Parisien d\u00e9but octobre.\u00a0\u00ab\u00a0<strong>Il a arr\u00eat\u00e9<br \/>\nde fumer et de boire.<\/strong> Mais il est extr\u00eame, donc il<br \/>\ncompense avec le sucre et la vapoteuse. Il a besoin de vibrer, il a<br \/>\nbesoin d\u2019un comportement extr\u00eame, et en vieillissant c\u2019est de plus<br \/>\nen plus difficile.\u00a0\u00bb<\/p>\n<p>Et m\u00eame si Renaud a travers\u00e9 des temp\u00eates, il sait toujours ce<br \/>\nqu&rsquo;il veut. \u00ab\u00a0C\u2019est toujours lui qui d\u00e9cide, assurait<br \/>\nencore la quadrag\u00e9naire. Dans plusieurs moments critiques, on<br \/>\nm\u2019avait parl\u00e9 de le placer sous tutelle, mais c\u2019est impensable de<br \/>\nlui enlever sa libert\u00e9\u2026 m\u00eame la libert\u00e9 de se tuer.\u00a0\u00bb <a href=\"https:\/\/www.closermag.fr\/people\/jai-gagne-pas-mal-dargent-renaud-pas-si-a-laise-sur-ses-finances-florissantes-3539761\" target=\"_blank\" rel=\"noopener\"><br \/>\nRenaud<\/a> admettait dans une interview \u00eatre \u00ab\u00a0excessif en<br \/>\ntout\u00a0\u00bb. \u00ab\u00a0Heureusement que je n\u2019ai pas pris de drogue, je ne<br \/>\nserais plus l\u00e0 aujourd\u2019hui !\u00a0\u00bb, d\u00e9clarait-il en riant.<\/p>\n","protected":false},"excerpt":{"rendered":"Elle est autrice de livres pour enfants. Lola S\u00e9chan a sorti trois bandes dessin\u00e9es destin\u00e9es \u00e0 la jeunesse.&hellip;\n","protected":false},"author":2,"featured_media":481117,"comment_status":"","ping_status":"","sticky":false,"template":"","format":"standard","meta":{"footnotes":""},"categories":[1359],"tags":[58,59,1011,27,973,1628],"class_list":{"0":"post-481116","1":"post","2":"type-post","3":"status-publish","4":"format-standard","5":"has-post-thumbnail","7":"category-people","8":"tag-divertissement","9":"tag-entertainment","10":"tag-fr","11":"tag-france","12":"tag-people","13":"tag-renaud"},"share_on_mastodon":{"url":"https:\/\/pubeurope.com\/@fr\/115415883658262767","error":""},"_links":{"self":[{"href":"https:\/\/www.europesays.com\/fr\/wp-json\/wp\/v2\/posts\/481116","targetHints":{"allow":["GET"]}}],"collection":[{"href":"https:\/\/www.europesays.com\/fr\/wp-json\/wp\/v2\/posts"}],"about":[{"href":"https:\/\/www.europesays.com\/fr\/wp-json\/wp\/v2\/types\/post"}],"author":[{"embeddable":true,"href":"https:\/\/www.europesays.com\/fr\/wp-json\/wp\/v2\/users\/2"}],"replies":[{"embeddable":true,"href":"https:\/\/www.europesays.com\/fr\/wp-json\/wp\/v2\/comments?post=481116"}],"version-history":[{"count":0,"href":"https:\/\/www.europesays.com\/fr\/wp-json\/wp\/v2\/posts\/481116\/revisions"}],"wp:featuredmedia":[{"embeddable":true,"href":"https:\/\/www.europesays.com\/fr\/wp-json\/wp\/v2\/media\/481117"}],"wp:attachment":[{"href":"https:\/\/www.europesays.com\/fr\/wp-json\/wp\/v2\/media?parent=481116"}],"wp:term":[{"taxonomy":"category","embeddable":true,"href":"https:\/\/www.europesays.com\/fr\/wp-json\/wp\/v2\/categories?post=481116"},{"taxonomy":"post_tag","embeddable":true,"href":"https:\/\/www.europesays.com\/fr\/wp-json\/wp\/v2\/tags?post=481116"}],"curies":[{"name":"wp","href":"https:\/\/api.w.org\/{rel}","templated":true}]}}