{"id":481118,"date":"2025-10-22T04:16:15","date_gmt":"2025-10-22T04:16:15","guid":{"rendered":"https:\/\/www.europesays.com\/fr\/481118\/"},"modified":"2025-10-22T04:16:15","modified_gmt":"2025-10-22T04:16:15","slug":"la-patronne-du-louvre-en-premiere-ligne-apres-le-vol-des-joyaux-actualites","status":"publish","type":"post","link":"https:\/\/www.europesays.com\/fr\/481118\/","title":{"rendered":"La patronne du Louvre en premi\u00e8re ligne apr\u00e8s le vol des joyaux : Actualit\u00e9s"},"content":{"rendered":"<p class=\"lead \">Silencieuse depuis dimanche, la pr\u00e9sidente-directrice du Louvre, Laurence des Cars, s&rsquo;exprime mercredi devant des s\u00e9nateurs pour tenter d&rsquo;expliquer comment des cambrioleurs ont pu voler des joyaux dans le mus\u00e9e le plus visit\u00e9 au monde, pour un pr\u00e9judice estim\u00e9 \u00e0 88 millions d&rsquo;euros.<\/p>\n<p class=\"lead \">Apr\u00e8s trois jours portes closes, dont le mardi de fermeture hebdomadaire, au grand dam des touristes, le mus\u00e9e pr\u00e9voit de rouvrir mercredi, a-t-il indiqu\u00e9 mardi soir \u00e0 l&rsquo;AFP.<\/p>\n<p class=\"lead \">En coulisses, l&rsquo;enqu\u00eate se poursuit en toute discr\u00e9tion pour tenter de mettre la main sur les quatre cambrioleurs et leur incroyable butin. Un vol qui a provoqu\u00e9 une forte \u00e9motion en France comme \u00e0 l&rsquo;\u00e9tranger et une temp\u00eate politico-m\u00e9diatique sur la protection des \u0153uvres du Louvre.<\/p>\n<p class=\"lead \"> Qualifi\u00e9s au d\u00e9part d&rsquo;inestimables, les bijoux vol\u00e9s ont d\u00e9sormais une estimation, qui ne tient toutefois pas compte de leur valeur patrimoniale: \u00ab\u00a0le pr\u00e9judice a \u00e9t\u00e9 estim\u00e9 par la conservatrice du Louvre \u00e0 88 millions d&rsquo;euros\u00a0\u00bb, une somme \u00ab\u00a0extr\u00eamement spectaculaire\u00a0\u00bb mais qui \u00ab\u00a0n&rsquo;a rien de parall\u00e8le et de comparable au pr\u00e9judice historique\u00a0\u00bb, a d\u00e9clar\u00e9 mardi soir sur RTL la procureure de Paris Laure Beccuau.<\/p>\n<p class=\"lead \">Cette estimation en fait un des plus importants vols d&rsquo;objets d&rsquo;art des derni\u00e8res d\u00e9cennies, mais ce montant reste bien inf\u00e9rieur au pr\u00e9judice lors du cambriolage du mus\u00e9e Isabella Stewart Gardner de Boston, en 1990, \u00e9valu\u00e9 \u00e0 au moins un demi-milliard de dollars.<\/p>\n<p class=\"lead \">Plac\u00e9e en premi\u00e8re ligne depuis dimanche, la ministre de la Culture Rachida Dati va laisser s&rsquo;expliquer mercredi Laurence des Cars, qui n&rsquo;a pas encore fait de d\u00e9claration publique sur le vol.<\/p>\n<p class=\"lead \">Elle sera auditionn\u00e9e \u00e0 16H30 par la commission de la culture du S\u00e9nat.<\/p>\n<p class=\"lead \">Cette s\u00e9ance repr\u00e9sente un moment de v\u00e9rit\u00e9 pour celle qui \u00e9tait devenue en mai 2021 la premi\u00e8re femme \u00e0 acc\u00e9der \u00e0 la t\u00eate du Louvre, le mus\u00e9e le plus visit\u00e9 au monde avec neuf millions de visiteurs en 2024, dont 80% d&rsquo;\u00e9trangers.<\/p>\n<p class=\"lead \">Le Figaro a affirm\u00e9 mardi que Mme Des Cars avait pr\u00e9sent\u00e9 sa d\u00e9mission apr\u00e8s le vol, mais que cela lui avait \u00e9t\u00e9 refus\u00e9 et qu&rsquo;elle avait re\u00e7u le soutien d&rsquo;Emmanuel Macron. Sollicit\u00e9 par l&rsquo;AFP, le Louvre n&rsquo;a pas souhait\u00e9 r\u00e9agir \u00e0 ces affirmations.<\/p>\n<p class=\"lead \">&#8211; Pas de \u00ab\u00a0faille\u00a0\u00bb &#8211;<\/p>\n<p class=\"lead \">Mercredi, Laurence des Cars devrait \u00eatre interrog\u00e9e sur les conditions de s\u00e9curit\u00e9 de la galerie d&rsquo;Apollon. Elle abrite la collection royale de gemmes et les diamants de la Couronne, qui compte environ 800 pi\u00e8ces.<\/p>\n<p class=\"lead \">Parmi les huit pi\u00e8ces emport\u00e9es figurent le diad\u00e8me d&rsquo;Eug\u00e9nie, qui compte pr\u00e8s de 2.000 diamants, et le collier de la parure de saphirs de Marie-Am\u00e9lie, derni\u00e8re reine de France, et d&rsquo;Hortense de Beauharnais, m\u00e8re de Napol\u00e9on III.<\/p>\n<p class=\"lead \">Face aux accusations des d\u00e9put\u00e9s mardi, Rachida Dati a exclu toute \u00ab\u00a0faille de s\u00e9curit\u00e9 \u00e0 l&rsquo;int\u00e9rieur\u00a0\u00bb du mus\u00e9e, car les dispositifs \u00ab\u00a0ont fonctionn\u00e9\u00a0\u00bb.<\/p>\n<p class=\"lead \">Elle a en revanche mis en cause l&rsquo;absence de la s\u00e9curit\u00e9 \u00ab\u00a0sur la voie publique\u00a0\u00bb, permettant aux cambrioleurs d&rsquo;installer un monte-charge et d&rsquo;entrer par une fen\u00eatre.<\/p>\n<p class=\"lead \">La ministre et candidate \u00e0 la mairie de Paris a reconnu qu&rsquo;avait \u00e9t\u00e9 \u00ab\u00a0sous-estim\u00e9e pendant trop longtemps la s\u00e9curit\u00e9 des \u0153uvres d&rsquo;art\u00a0\u00bb. \u00ab\u00a0On a plut\u00f4t privil\u00e9gi\u00e9 la s\u00e9curit\u00e9 des publics\u00a0\u00bb, selon elle.<\/p>\n<p class=\"lead \">Les organisations syndicales (CGT, SUD, CFDT, CFTC, FSU) du mus\u00e9e ont \u00e9t\u00e9 re\u00e7ues mardi au minist\u00e8re et ont d\u00e9nonc\u00e9 \u00e0 cette occasion la baisse des effectifs d&rsquo;agents charg\u00e9s de la s\u00e9curit\u00e9.<\/p>\n<p class=\"lead \">Dans un pr\u00e9-rapport consult\u00e9 lundi par l&rsquo;AFP, la Cour des comptes d\u00e9plore un \u00ab\u00a0retard dans le d\u00e9ploiement d&rsquo;\u00e9quipements destin\u00e9s \u00e0 assurer la protection des \u0153uvres\u00a0\u00bb du mus\u00e9e.<\/p>\n<p class=\"lead \">Fille du journaliste et \u00e9crivain Jean des Cars, petite-fille du romancier Guy des Cars, Laurence des Cars a gagn\u00e9 une longue exp\u00e9rience dans les mus\u00e9es.<\/p>\n<p class=\"lead \">Avant le Louvre, cette sp\u00e9cialiste de l&rsquo;art du XIXe et du d\u00e9but du XXe si\u00e8cle a pr\u00e9sid\u00e9 le mus\u00e9e d&rsquo;Orsay, apr\u00e8s celui de l&rsquo;Orangerie, un mus\u00e9e d&rsquo;art impressionniste et post-impressionniste qui expose en particulier les gigantesques Nymph\u00e9as de Monet.<\/p>\n<p class=\"lead \">Elle a \u00e9t\u00e9 aussi directrice scientifique de l&rsquo;agence France-Mus\u00e9ums en juillet 2007, op\u00e9rateur fran\u00e7ais charg\u00e9 du d\u00e9veloppement du Louvre Abu Dhabi puis promue dans le corps des conservateurs g\u00e9n\u00e9raux du patrimoine en 2011.<\/p>\n<p class=\"small font-weight-bold text-gray3 \"> publi\u00e9 le 22 octobre \u00e0 04h45, AFP<\/p>\n<p>                             Partager<\/p>\n","protected":false},"excerpt":{"rendered":"Silencieuse depuis dimanche, la pr\u00e9sidente-directrice du Louvre, Laurence des Cars, s&rsquo;exprime mercredi devant des s\u00e9nateurs pour tenter d&rsquo;expliquer&hellip;\n","protected":false},"author":2,"featured_media":481119,"comment_status":"","ping_status":"","sticky":false,"template":"","format":"standard","meta":{"footnotes":""},"categories":[1358],"tags":[1348,1384,1385,1386,58,1769,59,1011,27,418,10241,2551,1175],"class_list":{"0":"post-481118","1":"post","2":"type-post","3":"status-publish","4":"format-standard","5":"has-post-thumbnail","7":"category-arts-et-design","8":"tag-arts","9":"tag-arts-and-design","10":"tag-arts-et-design","11":"tag-design","12":"tag-divertissement","13":"tag-enqute","14":"tag-entertainment","15":"tag-fr","16":"tag-france","17":"tag-gouvernement","18":"tag-muse","19":"tag-patrimoine","20":"tag-vol"},"share_on_mastodon":{"url":"https:\/\/pubeurope.com\/@fr\/115415887603588281","error":""},"_links":{"self":[{"href":"https:\/\/www.europesays.com\/fr\/wp-json\/wp\/v2\/posts\/481118","targetHints":{"allow":["GET"]}}],"collection":[{"href":"https:\/\/www.europesays.com\/fr\/wp-json\/wp\/v2\/posts"}],"about":[{"href":"https:\/\/www.europesays.com\/fr\/wp-json\/wp\/v2\/types\/post"}],"author":[{"embeddable":true,"href":"https:\/\/www.europesays.com\/fr\/wp-json\/wp\/v2\/users\/2"}],"replies":[{"embeddable":true,"href":"https:\/\/www.europesays.com\/fr\/wp-json\/wp\/v2\/comments?post=481118"}],"version-history":[{"count":0,"href":"https:\/\/www.europesays.com\/fr\/wp-json\/wp\/v2\/posts\/481118\/revisions"}],"wp:featuredmedia":[{"embeddable":true,"href":"https:\/\/www.europesays.com\/fr\/wp-json\/wp\/v2\/media\/481119"}],"wp:attachment":[{"href":"https:\/\/www.europesays.com\/fr\/wp-json\/wp\/v2\/media?parent=481118"}],"wp:term":[{"taxonomy":"category","embeddable":true,"href":"https:\/\/www.europesays.com\/fr\/wp-json\/wp\/v2\/categories?post=481118"},{"taxonomy":"post_tag","embeddable":true,"href":"https:\/\/www.europesays.com\/fr\/wp-json\/wp\/v2\/tags?post=481118"}],"curies":[{"name":"wp","href":"https:\/\/api.w.org\/{rel}","templated":true}]}}