{"id":481130,"date":"2025-10-22T04:22:16","date_gmt":"2025-10-22T04:22:16","guid":{"rendered":"https:\/\/www.europesays.com\/fr\/481130\/"},"modified":"2025-10-22T04:22:16","modified_gmt":"2025-10-22T04:22:16","slug":"arsenal-explose-latletico-madrid-en-seulement-treize-minutes","status":"publish","type":"post","link":"https:\/\/www.europesays.com\/fr\/481130\/","title":{"rendered":"Arsenal explose l\u2019Atl\u00e9tico Madrid en seulement treize minutes"},"content":{"rendered":"<p>Mardi soir, Arsenal n\u2019aura eu besoin que de treize minutes pour donner une le\u00e7on de football \u00e0 l\u2019Atl\u00e9tico Madrid. A Londres, les Gunners ont en effet fait exploser le club espagnol (4-0) avec quatre buts en seconde p\u00e9riode. Le club anglais encha\u00eene ainsi un troisi\u00e8me succ\u00e8s sans but encaiss\u00e9 en trois matchs de <a href=\"https:\/\/www.20minutes.fr\/sport\/football\/ligue_des_champions\/4179567-20251021-ligue-champions-paphos-kairat-almaty-eleves-dingues-foot-meilleurs-geographie\" target=\"_blank\" class=\"c-link c-link--is-underlined\" rel=\"noopener\">Ligue des champions<\/a>.<\/p>\n<p>Dominant d\u2019entr\u00e9e, accroch\u00e9 et menac\u00e9 ensuite, le club au canon a donc fait parler la poudre apr\u00e8s la mi-temps avec quatre buts, dont deux sign\u00e9s Viktor Gy\u00f6keres. Le faible rendement de la recrue phare de l\u2019\u00e9t\u00e9, muet depuis sept matchs, \u00e9tait pourtant un des rares nuages dans le ciel bleu d\u2019Arsenal, leader de la <a href=\"https:\/\/www.20minutes.fr\/sport\/football\/4180185-20251019-football-triple-double-francais-offrent-festival-buts-premier-league\" target=\"_blank\" class=\"c-link c-link--is-underlined\" rel=\"noopener\">Premier League<\/a>. L\u2019attaquant su\u00e9dois a remis les points sur les \u00ab\u00a0i\u00a0\u00bb avec des buts et un engagement de chaque instant.<\/p>\n<p>Alvarez manque de r\u00e9ussite<\/p>\n<p>Le club anglais poursuit son d\u00e9but de saison parfait dans la grande Coupe d\u2019Europe, qu\u2019il r\u00eave de gagner pour la premi\u00e8re fois de sa riche histoire. Cela fait trois victoires en trois matchs, avec huit buts marqu\u00e9s et aucun encaiss\u00e9. L\u2019Atl\u00e9tico ressemblait pourtant \u00e0 un adversaire plus redoutable que l\u2019Athletic Bilbao et l\u2019Olympiakos, battus tous deux 2-0. Il a donc fallu du temps \u00e0 Arsenal pour avaler sa proie.<\/p>\n<\/p>\n<p>L\u2019histoire aurait pu \u00eatre bien diff\u00e9rente si Julian Alvarez, la menace offensive N.1 c\u00f4t\u00e9 espagnol, avait eu davantage de r\u00e9ussite. L\u2019ex de Manchester City a manqu\u00e9 de peu la cible alors que le gardien David Raya, peu inspir\u00e9 sur le coup, \u00e9tait parti loin de sa cage jouer un ballon pr\u00e8s d\u2019un poteau de corner (25e). <a href=\"https:\/\/www.20minutes.fr\/sport\/football\/4177953-20251008-coupe-monde-2026-william-saliba-chaud-veut-prendre-revanche-argentine\" target=\"_blank\" class=\"c-link c-link--is-underlined\" rel=\"noopener\">William Saliba<\/a> et Gabriel ont d\u00fb s\u2019y mettre \u00e0 deux pour stopper l\u2019Argentin (28e), qui a aussi d\u00e9pos\u00e9 une superbe frappe enroul\u00e9e de l\u2019ext\u00e9rieur de la surface sur la barre transversale (49e).<\/p>\n<p>Les coups de pied arr\u00eat\u00e9s, l\u2019arme d\u2019Arsenal<\/p>\n<p>Arsenal aussi s\u2019est frott\u00e9 aux montants, tr\u00e8s t\u00f4t, sur un tir d\u2019Eberechi Eze contr\u00e9 par un d\u00e9fenseur (5e), et a multipli\u00e9 les incursions dans la surface adverse dans les vingt premi\u00e8res minutes, sans r\u00e9ussite.<\/p>\n<p><a href=\"https:\/\/www.20minutes.fr\/sport\/football\/\" target=\"_blank\" class=\"c-link c-btn c-btn--primary\" rel=\"noopener\">Notre dossier Football<\/a><\/p>\n<p>La f\u00e9brilit\u00e9 a sembl\u00e9 gagner les tribunes au d\u00e9but de la seconde p\u00e9riode mais les joueurs, eux, ont continu\u00e9 de pousser sans paniquer. Et les Gunners ont fini par faire craquer les Colchoneros gr\u00e2ce \u00e0 leur arme de pr\u00e9dilection, les coups de pied arr\u00eat\u00e9s. Declan Rice a envoy\u00e9 un coup franc dans la surface et Gabriel, \u00e9trangement d\u00e9marqu\u00e9, est venu le d\u00e9poser de la t\u00eate dans les filets de Jan Oblak (57e).<\/p>\n<p>Puis le tableau d\u2019affichage s\u2019est mis \u00e0 s\u2019affoler dans la foul\u00e9e. Le jeune lat\u00e9ral Myles Lewis-Skelly a fait une perc\u00e9e dans l\u2019axe et d\u00e9cal\u00e9 sur sa gauche Gabriel Martinelli. L\u2019ailier a enroul\u00e9 une frappe du droit qu\u2019Oblak n\u2019a plus que d\u00e9vier sur un poteau, rentrant (64e). Gy\u00f6keres a ensuite ajout\u00e9 son nom \u00e0 la liste des buteurs, et plut\u00f4t deux fois qu\u2019une. L\u2019avant-centre su\u00e9dois a marqu\u00e9 d\u2019un tir de pr\u00e8s, contr\u00e9 par un d\u00e9fenseur (67e), puis il a pouss\u00e9 le ballon de la cuisse sur un corner de Rice redress\u00e9 par Gabriel, de la t\u00eate, au second poteau (70e).<\/p>\n","protected":false},"excerpt":{"rendered":"Mardi soir, Arsenal n\u2019aura eu besoin que de treize minutes pour donner une le\u00e7on de football \u00e0 l\u2019Atl\u00e9tico&hellip;\n","protected":false},"author":2,"featured_media":481131,"comment_status":"","ping_status":"","sticky":false,"template":"","format":"standard","meta":{"footnotes":""},"categories":[9],"tags":[5357,29295,63,1011,27,447,70,517,60,133],"class_list":{"0":"post-481130","1":"post","2":"type-post","3":"status-publish","4":"format-standard","5":"has-post-thumbnail","7":"category-sports","8":"tag-arsenal","9":"tag-atletico-madrid","10":"tag-football","11":"tag-fr","12":"tag-france","13":"tag-ligue-des-champions","14":"tag-premier-league","15":"tag-sport","16":"tag-sports","17":"tag-video"},"share_on_mastodon":{"url":"https:\/\/pubeurope.com\/@fr\/115415911248952272","error":""},"_links":{"self":[{"href":"https:\/\/www.europesays.com\/fr\/wp-json\/wp\/v2\/posts\/481130","targetHints":{"allow":["GET"]}}],"collection":[{"href":"https:\/\/www.europesays.com\/fr\/wp-json\/wp\/v2\/posts"}],"about":[{"href":"https:\/\/www.europesays.com\/fr\/wp-json\/wp\/v2\/types\/post"}],"author":[{"embeddable":true,"href":"https:\/\/www.europesays.com\/fr\/wp-json\/wp\/v2\/users\/2"}],"replies":[{"embeddable":true,"href":"https:\/\/www.europesays.com\/fr\/wp-json\/wp\/v2\/comments?post=481130"}],"version-history":[{"count":0,"href":"https:\/\/www.europesays.com\/fr\/wp-json\/wp\/v2\/posts\/481130\/revisions"}],"wp:featuredmedia":[{"embeddable":true,"href":"https:\/\/www.europesays.com\/fr\/wp-json\/wp\/v2\/media\/481131"}],"wp:attachment":[{"href":"https:\/\/www.europesays.com\/fr\/wp-json\/wp\/v2\/media?parent=481130"}],"wp:term":[{"taxonomy":"category","embeddable":true,"href":"https:\/\/www.europesays.com\/fr\/wp-json\/wp\/v2\/categories?post=481130"},{"taxonomy":"post_tag","embeddable":true,"href":"https:\/\/www.europesays.com\/fr\/wp-json\/wp\/v2\/tags?post=481130"}],"curies":[{"name":"wp","href":"https:\/\/api.w.org\/{rel}","templated":true}]}}