{"id":481132,"date":"2025-10-22T04:23:11","date_gmt":"2025-10-22T04:23:11","guid":{"rendered":"https:\/\/www.europesays.com\/fr\/481132\/"},"modified":"2025-10-22T04:23:11","modified_gmt":"2025-10-22T04:23:11","slug":"star-academy-comme-marine-ce-candidat-a-tente-sa-chance-dans-the-voice-kids-il-y-a-plusieurs-annees","status":"publish","type":"post","link":"https:\/\/www.europesays.com\/fr\/481132\/","title":{"rendered":"\u00ab\u00a0Star Academy\u00a0\u00bb : comme Marine, ce candidat a tent\u00e9 sa chance dans \u00ab\u00a0The Voice Kids\u00a0\u00bb il y a plusieurs ann\u00e9es"},"content":{"rendered":"<p>      R\u00e9sum\u00e9<\/p>\n<p>Un candidat de la Star Academy 2025, ancien participant de The Voice Kids, suit un parcours similaire \u00e0 celui de Marine, gagnante de la derni\u00e8re \u00e9dition du t\u00e9l\u00e9-crochet.<\/p>\n<p>        Sommaire<\/p>\n<p>Et si le fait de participer \u00e0 <strong>The Voice Kids<\/strong> permettrait de remporter la <strong><a href=\"https:\/\/www.public.fr\/tag\/star-academy\" target=\"_blank\" rel=\"noopener\">Star Academy<\/a><\/strong> ou, au moins, y prendre part ? Depuis l\u2019an dernier, il semblerait que participer au t\u00e9l\u00e9-crochet r\u00e9serv\u00e9 aux enfants sur TF1, ouvre les portes du ch\u00e2teau de Dammarie-les-Lys. La preuve, avec <a href=\"https:\/\/www.public.fr\/tag\/marine-delplace\" target=\"_blank\" rel=\"noopener\">Marine<\/a>, et un candidat de cette saison.<\/p>\n<p>En effet, avant de performer \u00e0 la <strong>Star Ac\u2019<\/strong> et se hisser jusqu\u2019en finale face \u00e0 Ebony pour remporter le programme, Marine tentait sa chance dans la version pour enfants de <strong>The Voice<\/strong> en 2015, alors qu\u2019elle n\u2019avait que 14 ans.<\/p>\n<p>Th\u00e9o L. suit les pas de Marine <\/p>\n<p>Malheureusement, l\u2019interpr\u00e8te de <strong>C\u0153ur Maladroit<\/strong> n\u2019a pas remport\u00e9 le programme \u00e0 l\u2019\u00e9poque mais a su se rattraper, quelques ann\u00e9es plus tard, en remportant la <strong>Star Academy<\/strong>. Un parcours que pourrait suivre Th\u00e9o L.<\/p>\n<p>Car oui, ce dernier semble suivre le parcours de Marine pour le moment. Ce jeune homme originaire d\u2019Orl\u00e9ans fait partie du <a href=\"https:\/\/www.public.fr\/star-academy-2026-huit-hommes-pour-neuf-femmes-decouvrez-le-casting-de-la-saison-13\" target=\"_blank\" rel=\"noopener\">casting de l\u2019\u00e9dition 2025<\/a> du programme de TF1. Dans son portrait diffus\u00e9 au cours du prime de lancement de ce samedi, les t\u00e9l\u00e9spectateurs ont pu apprendre qu\u2019il travaillait dans l\u2019\u00e9v\u00e9nementiel.<\/p>\n<p>Comme l\u2019indique Purecharts, \u00ab\u00a0il loue du mat\u00e9riel audio et exerce le m\u00e9tier d&rsquo;ing\u00e9nieur son. Mais ce qu&rsquo;il aime faire, c&rsquo;est prendre son camion am\u00e9ricain pour transporter une sc\u00e8ne sur laquelle il se produit \u2018dans les f\u00eates de village de sa r\u00e9gion\u2019\u00a0\u00bb.<\/p>\n<p>Comme la gagnante de la derni\u00e8re saison de la \u00ab\u00a0Star Academy\u00a0\u00bb, il a particip\u00e9 \u00e0 \u00ab\u00a0The Voice Kids\u00a0\u00bb<\/p>\n<p>\u00ab\u00a0Ma passion, c&rsquo;est le chant. Aujourd&rsquo;hui, il est temps pour moi de passer de l&rsquo;ombre \u00e0 la lumi\u00e8re\u00a0\u00bb, a expliqu\u00e9 <strong>l\u2019ancien candidat de The Voice Kids<\/strong>. Car oui, si cette exp\u00e9rience n\u2019a pas \u00e9t\u00e9 \u00e9voqu\u00e9e dans son portrait, le candidat de la saison 2025 de la <strong>Star Academy<\/strong> a bel et bien particip\u00e9 \u00e0 un autre t\u00e9l\u00e9 crochet de TF1 en 2017.<\/p>\n<p>\u00c0 l\u2019\u00e9poque, il avait repris le titre <strong>Alive<\/strong> de Sia. Une reprise qui avait notamment fait retourner<a href=\"https:\/\/www.public.fr\/tag\/jenifer\" target=\"_blank\" rel=\"noopener\"> Jenifer<\/a> et <a href=\"https:\/\/vsd.fr\/87781-patrick-fiori-quitte-son-fauteuil-dans-the-voice-kids-le-chanteur-comme-vous-ne-lavez-jamais-vu\/\" target=\"_blank\" rel=\"noopener\">Patrick Fiori<\/a>. Ce dernier coach avait eu la chance de se faire choisir par Th\u00e9o L. Malheureusement pour lui, son parcours a pris fin aux battles. Kelvin avait en effet convaincu son coach apr\u00e8s leur reprise de <strong>Say Say Say<\/strong> Michael Jackson et Paul McCartney.<\/p>\n<\/p>\n<p>      Mentionn\u00e9s dans cet article<\/p>\n<p>      Sur le m\u00eame sujet<\/p>\n","protected":false},"excerpt":{"rendered":"R\u00e9sum\u00e9 Un candidat de la Star Academy 2025, ancien participant de The Voice Kids, suit un parcours similaire&hellip;\n","protected":false},"author":2,"featured_media":481133,"comment_status":"","ping_status":"","sticky":false,"template":"","format":"standard","meta":{"footnotes":""},"categories":[8],"tags":[58,59,1011,27,3284,8520,9644,5095,10828],"class_list":{"0":"post-481132","1":"post","2":"type-post","3":"status-publish","4":"format-standard","5":"has-post-thumbnail","7":"category-divertissement","8":"tag-divertissement","9":"tag-entertainment","10":"tag-fr","11":"tag-france","12":"tag-jenifer","13":"tag-marine-delplace","14":"tag-patrick-fiori","15":"tag-star-academy","16":"tag-the-voice-kids"},"share_on_mastodon":{"url":"https:\/\/pubeurope.com\/@fr\/115415915227943817","error":""},"_links":{"self":[{"href":"https:\/\/www.europesays.com\/fr\/wp-json\/wp\/v2\/posts\/481132","targetHints":{"allow":["GET"]}}],"collection":[{"href":"https:\/\/www.europesays.com\/fr\/wp-json\/wp\/v2\/posts"}],"about":[{"href":"https:\/\/www.europesays.com\/fr\/wp-json\/wp\/v2\/types\/post"}],"author":[{"embeddable":true,"href":"https:\/\/www.europesays.com\/fr\/wp-json\/wp\/v2\/users\/2"}],"replies":[{"embeddable":true,"href":"https:\/\/www.europesays.com\/fr\/wp-json\/wp\/v2\/comments?post=481132"}],"version-history":[{"count":0,"href":"https:\/\/www.europesays.com\/fr\/wp-json\/wp\/v2\/posts\/481132\/revisions"}],"wp:featuredmedia":[{"embeddable":true,"href":"https:\/\/www.europesays.com\/fr\/wp-json\/wp\/v2\/media\/481133"}],"wp:attachment":[{"href":"https:\/\/www.europesays.com\/fr\/wp-json\/wp\/v2\/media?parent=481132"}],"wp:term":[{"taxonomy":"category","embeddable":true,"href":"https:\/\/www.europesays.com\/fr\/wp-json\/wp\/v2\/categories?post=481132"},{"taxonomy":"post_tag","embeddable":true,"href":"https:\/\/www.europesays.com\/fr\/wp-json\/wp\/v2\/tags?post=481132"}],"curies":[{"name":"wp","href":"https:\/\/api.w.org\/{rel}","templated":true}]}}