{"id":481138,"date":"2025-10-22T04:26:16","date_gmt":"2025-10-22T04:26:16","guid":{"rendered":"https:\/\/www.europesays.com\/fr\/481138\/"},"modified":"2025-10-22T04:26:16","modified_gmt":"2025-10-22T04:26:16","slug":"les-causes-du-deces-de-jane-goodall-enfin-devoilees","status":"publish","type":"post","link":"https:\/\/www.europesays.com\/fr\/481138\/","title":{"rendered":"Les causes du d\u00e9c\u00e8s de Jane Goodall enfin d\u00e9voil\u00e9es"},"content":{"rendered":"<p>Sa disparition a \u00e9mu le monde entier, suscitant une pluie d\u2019hommages venus de tous horizons \u2013 de <a href=\"https:\/\/www.vanityfair.fr\/article\/leonardo-dicaprio-rend-hommage-a-jane-goodall\" target=\"_blank\" rel=\"noopener\"><strong>Leonardo Dicaprio<\/strong><\/a> aux <strong>prince <a href=\"https:\/\/www.vanityfair.fr\/article\/jane-goodall-le-prince-harry-et-meghan-markle-lui-rendent-un-bel-hommage\" target=\"_blank\" rel=\"noopener\">Harry et Meghan Markle<\/a><\/strong>. Le 1er octobre 2025, <strong>Jane Goodall<\/strong>, l&rsquo;une des plus grandes figures de la protection de l\u2019environnement et pionni\u00e8re en mati\u00e8re d\u2019\u00e9tude sur les chimpanz\u00e9s, est d\u00e9c\u00e9d\u00e9e.<\/p>\n<p>Ce lundi 20 octobre, le d\u00e9partement de la sant\u00e9 publique du comt\u00e9 de Los Angeles a fait part des causes de sa mort qui n\u2019avaient pas encore \u00e9t\u00e9 r\u00e9v\u00e9l\u00e9es. L\u2019activiste est d\u00e9c\u00e9d\u00e9e dans son sommeil des suites d\u2019un arr\u00eat cardiaque \u00e9galement appel\u00e9 arr\u00eat cardio-pulmonaire selon son certificat de d\u00e9c\u00e8s. Le document pr\u00e9cise aussi que la d\u00e9funte souffrait d&rsquo;\u00e9pilepsie, mais cette maladie chronique ne semble pas avoir caus\u00e9 son d\u00e9c\u00e8s. Jane Goodall \u00e9tait \u00e2g\u00e9e de 91 ans. Les risques d\u2019arr\u00eat cardiaque \u00e9tant plus fr\u00e9quents \u00e0 mesure que l\u2019\u00e2ge avance, les causes de son d\u00e9c\u00e8s ont ainsi \u00e9t\u00e9 consid\u00e9r\u00e9es comme \u00e9tant \u00ab naturelles \u00bb.<\/p>\n<p>Le secret de sa long\u00e9vit\u00e9 tient peut-\u00eatre dans le r\u00e9gime alimentaire qu\u2019elle avait d\u00e9cid\u00e9 d\u2019adopter dans le courant des ann\u00e9es 1960. Fid\u00e8le \u00e0 son engagement envers la cause animale, elle avait entrepris de ne plus s\u2019alimenter que de produits v\u00e9g\u00e9taux. Dans un <a data-offer-url=\"https:\/\/news.janegoodall.org\/2017\/04\/28\/why-i-went-plant-based-and-why-we-should-all-eat-less-meat\/\" class=\"external-link\" data-event-click=\"{&quot;element&quot;:&quot;ExternalLink&quot;,&quot;outgoingURL&quot;:&quot;https:\/\/news.janegoodall.org\/2017\/04\/28\/why-i-went-plant-based-and-why-we-should-all-eat-less-meat\/&quot;}\" href=\"https:\/\/news.janegoodall.org\/2017\/04\/28\/why-i-went-plant-based-and-why-we-should-all-eat-less-meat\/\" rel=\"nofollow noopener\" target=\"_blank\">article<\/a> publi\u00e9 en 2017 elle encourage les lecteurs \u00e0 privil\u00e9gier ce type d\u2019alimentation et d\u00e9clare : \u00ab J\u2019ai arr\u00eat\u00e9 de manger de la viande il y a environ 50 ans lorsque j\u2019ai regard\u00e9 la c\u00f4telette de porc dans mon assiette et que j\u2019ai pens\u00e9 : cela repr\u00e9sente la peur, la douleur, la mort \u00bb. \u00ab Je suis devenue v\u00e9g\u00e9talienne instantan\u00e9ment \u00bb a-t-elle \u00e9galement \u00e9crit.<\/p>\n<p>\u00ab Je suis v\u00e9g\u00e9talien pour l\u2019environnement \u00bb<\/p>\n<p>Bien que ce choix soit le fruit d\u2019une d\u00e9cision \u00e9thique, li\u00e9 au refus de Goodall de soutenir les \u00e9levages industriels et les dommages environnementaux qu\u2019ils engendrent, son r\u00e9gime alimentaire aurait \u00e9galement contribu\u00e9 \u00e0 une am\u00e9lioration de sa sant\u00e9. Elle avait notamment d\u00e9clar\u00e9 : \u00ab Quand j\u2019ai arr\u00eat\u00e9 de manger de la viande, je me suis imm\u00e9diatement sentie mieux, plus l\u00e9g\u00e8re \u00bb. Dans un de ses articles, <a href=\"https:\/\/www.health.harvard.edu\/staying-healthy\/cutting-red-meat-for-a-longer-life\" target=\"_blank\" rel=\"noopener\">Harvard Health Publishin<\/a>g, indique que supprimer la viande rouge de son alimentation pourrait permettre de r\u00e9duire le risque de maladies cardiovasculaires et de cancer.<\/p>\n<p>Pour autant, ces raisons n&rsquo;\u00e9taient pas l&rsquo;objet de la motivation de Jane Goodall. \u00ab Je suis v\u00e9g\u00e9talienne pour l\u2019environnement \u00bb avait-elle d\u00e9clar\u00e9. Son choix s\u2019inscrivait avant-tout dans la continuit\u00e9 de ce qu\u2019elle a toujours \u00e9t\u00e9 : une femme engag\u00e9e dans la protection de notre plan\u00e8te.<\/p>\n","protected":false},"excerpt":{"rendered":"Sa disparition a \u00e9mu le monde entier, suscitant une pluie d\u2019hommages venus de tous horizons \u2013 de Leonardo&hellip;\n","protected":false},"author":2,"featured_media":481139,"comment_status":"","ping_status":"","sticky":false,"template":"","format":"standard","meta":{"footnotes":""},"categories":[5],"tags":[11,1000,1011,27,14,12,6747,721,28],"class_list":{"0":"post-481138","1":"post","2":"type-post","3":"status-publish","4":"format-standard","5":"has-post-thumbnail","7":"category-international","8":"tag-actualites","9":"tag-celebrites","10":"tag-fr","11":"tag-france","12":"tag-international","13":"tag-news","14":"tag-textabovecentergridwidth","15":"tag-web","16":"tag-world"},"share_on_mastodon":{"url":"https:\/\/pubeurope.com\/@fr\/115415927028435085","error":""},"_links":{"self":[{"href":"https:\/\/www.europesays.com\/fr\/wp-json\/wp\/v2\/posts\/481138","targetHints":{"allow":["GET"]}}],"collection":[{"href":"https:\/\/www.europesays.com\/fr\/wp-json\/wp\/v2\/posts"}],"about":[{"href":"https:\/\/www.europesays.com\/fr\/wp-json\/wp\/v2\/types\/post"}],"author":[{"embeddable":true,"href":"https:\/\/www.europesays.com\/fr\/wp-json\/wp\/v2\/users\/2"}],"replies":[{"embeddable":true,"href":"https:\/\/www.europesays.com\/fr\/wp-json\/wp\/v2\/comments?post=481138"}],"version-history":[{"count":0,"href":"https:\/\/www.europesays.com\/fr\/wp-json\/wp\/v2\/posts\/481138\/revisions"}],"wp:featuredmedia":[{"embeddable":true,"href":"https:\/\/www.europesays.com\/fr\/wp-json\/wp\/v2\/media\/481139"}],"wp:attachment":[{"href":"https:\/\/www.europesays.com\/fr\/wp-json\/wp\/v2\/media?parent=481138"}],"wp:term":[{"taxonomy":"category","embeddable":true,"href":"https:\/\/www.europesays.com\/fr\/wp-json\/wp\/v2\/categories?post=481138"},{"taxonomy":"post_tag","embeddable":true,"href":"https:\/\/www.europesays.com\/fr\/wp-json\/wp\/v2\/tags?post=481138"}],"curies":[{"name":"wp","href":"https:\/\/api.w.org\/{rel}","templated":true}]}}