{"id":481144,"date":"2025-10-22T04:29:12","date_gmt":"2025-10-22T04:29:12","guid":{"rendered":"https:\/\/www.europesays.com\/fr\/481144\/"},"modified":"2025-10-22T04:29:12","modified_gmt":"2025-10-22T04:29:12","slug":"lunion-de-la-gauche-enterree-vers-un-bras-de-fer-entre-socialistes-et-insoumis","status":"publish","type":"post","link":"https:\/\/www.europesays.com\/fr\/481144\/","title":{"rendered":"l\u2019union de la gauche enterr\u00e9e, vers un bras de fer entre socialistes et insoumis"},"content":{"rendered":"<p>\u00ab\u00a0Notre mouvement, Saint\u00e9 populaire, est n\u00e9 pour cr\u00e9er un large rassemblement \u00e0 gauche, \u00e9tablir une liste de rupture avec une t\u00eate de liste citoyenne issue de la soci\u00e9t\u00e9 civile. C\u2019est en mauvaise voie aujourd\u2019hui\u00a0\u00bb, explique Fanny Vincent qui reconna\u00eet que le r\u00eave est pass\u00e9 et utilise une formule franche \u00e0 d\u00e9faut d\u2019\u00eatre po\u00e9tique\u00a0: \u00ab\u00a0C\u2019est le bordel\u2026\u00a0\u00bb<\/p>\n<p>Tout en reconnaissant que le dialogue entre les diff\u00e9rents partis de gauche n\u2019est pas rompu, Fanny Vincent sait tr\u00e8s bien que l\u2019union de la gauche ne sera pas possible au sens large du terme pour les municipales de mars prochain \u00e0 Saint-Etienne. LFI et PS ne sont pas sur la m\u00eame ligne, ce que confirme Valentine Mercier, t\u00eate de liste insoumise.<\/p>\n<p>Valentine Mercier (LFI)\u00a0: \u00ab\u00a0Notre boussole, c\u2019est notre programme\u00a0\u00bb<\/p>\n<p>\u00ab\u00a0Avec les autres partis de gauche, ce n\u2019est pas encore pli\u00e9 mais l\u2019id\u00e9e de partir avec le PS est bel et bien enterr\u00e9e. Notre boussole, c\u2019est notre programme\u00a0\u00bb, explique la candidate qui esp\u00e8re encore rallier le PC et les \u00e9cologistes&#8230;.<\/p>\n","protected":false},"excerpt":{"rendered":"\u00ab\u00a0Notre mouvement, Saint\u00e9 populaire, est n\u00e9 pour cr\u00e9er un large rassemblement \u00e0 gauche, \u00e9tablir une liste de rupture&hellip;\n","protected":false},"author":2,"featured_media":481145,"comment_status":"","ping_status":"","sticky":false,"template":"","format":"standard","meta":{"footnotes":""},"categories":[9653],"tags":[1111,11,2430,7539,4188,1777,674,1011,27,12,316,25,4001,7538],"class_list":{"0":"post-481144","1":"post","2":"type-post","3":"status-publish","4":"format-standard","5":"has-post-thumbnail","7":"category-saint-etienne","8":"tag-actu","9":"tag-actualites","10":"tag-auvergne-rhone-alpes","11":"tag-edition-loire-sud","12":"tag-elections-municipales","13":"tag-eu","14":"tag-europe","15":"tag-fr","16":"tag-france","17":"tag-news","18":"tag-politique","19":"tag-republique-francaise","20":"tag-saint-etienne","21":"tag-saint-etienne-ville"},"share_on_mastodon":{"url":"https:\/\/pubeurope.com\/@fr\/115415938712881834","error":""},"_links":{"self":[{"href":"https:\/\/www.europesays.com\/fr\/wp-json\/wp\/v2\/posts\/481144","targetHints":{"allow":["GET"]}}],"collection":[{"href":"https:\/\/www.europesays.com\/fr\/wp-json\/wp\/v2\/posts"}],"about":[{"href":"https:\/\/www.europesays.com\/fr\/wp-json\/wp\/v2\/types\/post"}],"author":[{"embeddable":true,"href":"https:\/\/www.europesays.com\/fr\/wp-json\/wp\/v2\/users\/2"}],"replies":[{"embeddable":true,"href":"https:\/\/www.europesays.com\/fr\/wp-json\/wp\/v2\/comments?post=481144"}],"version-history":[{"count":0,"href":"https:\/\/www.europesays.com\/fr\/wp-json\/wp\/v2\/posts\/481144\/revisions"}],"wp:featuredmedia":[{"embeddable":true,"href":"https:\/\/www.europesays.com\/fr\/wp-json\/wp\/v2\/media\/481145"}],"wp:attachment":[{"href":"https:\/\/www.europesays.com\/fr\/wp-json\/wp\/v2\/media?parent=481144"}],"wp:term":[{"taxonomy":"category","embeddable":true,"href":"https:\/\/www.europesays.com\/fr\/wp-json\/wp\/v2\/categories?post=481144"},{"taxonomy":"post_tag","embeddable":true,"href":"https:\/\/www.europesays.com\/fr\/wp-json\/wp\/v2\/tags?post=481144"}],"curies":[{"name":"wp","href":"https:\/\/api.w.org\/{rel}","templated":true}]}}