{"id":481159,"date":"2025-10-22T04:38:26","date_gmt":"2025-10-22T04:38:26","guid":{"rendered":"https:\/\/www.europesays.com\/fr\/481159\/"},"modified":"2025-10-22T04:38:26","modified_gmt":"2025-10-22T04:38:26","slug":"pas-de-vainqueur-dans-le-derby-entre-caen-et-rouen","status":"publish","type":"post","link":"https:\/\/www.europesays.com\/fr\/481159\/","title":{"rendered":"pas de vainqueur dans le derby entre Caen et Rouen"},"content":{"rendered":"<p>Zapping Foot National Coupe de France : Calais, Quevilly, El-Biar, &#8230; les plus grands exploits de la comp\u00e9tition<\/p>\n<p>En cl\u00f4ture de la onzi\u00e8me journ\u00e9e du championnat National, le Stade Malherbe de Caen recevait le leader, le Football Club de Rouen 1899, pour un derby normand des plus attendus au stade Michel-d&rsquo;Ornano. \u00c0 l&rsquo;issue d&rsquo;une rencontre \u00e9lectrique et pleine de rebondissements, les deux \u00e9quipes se sont finalement quitt\u00e9es sur un match nul (1-1).<\/p>\n<p><a href=\"https:\/\/www.foot-national.com\/data\/classement-national.html\" target=\"_blank\" rel=\"noopener\">&gt;&gt; National : le classement.<\/a><br \/><a href=\"https:\/\/www.foot-national.com\/actus\/national-j11-les-resultats-du-multiplex-928072\" target=\"_blank\" rel=\"noopener\">&gt;&gt; National : les r\u00e9sultats du multiplex de la 11e journ\u00e9e.<\/a><\/p>\n<p><strong>Un premier acte anim\u00e9 et \u00e9quilibr\u00e9<\/strong><\/p>\n<p>Le match a rapidement pris une tournure favorable aux Diables Rouges. C&rsquo;est le d\u00e9fenseur rouennais Cl\u00e9ment Bassin qui a ouvert le score pour le FCR d\u00e8s la 13e minute de jeu (1-0). Le SMC a cependant r\u00e9ussi \u00e0 revenir dans la partie juste avant la pause. Sur une action bien construite, Mohamed Hafid a permis aux Caennais d&rsquo;\u00e9galiser (43e, 1-1), ramenant les deux \u00e9quipes \u00e0 \u00e9galit\u00e9 au moment de regagner les vestiaires.<\/p>\n<p><strong>Deux joueurs ont \u00e9t\u00e9 exclus<\/strong><\/p>\n<p>Le second acte a \u00e9t\u00e9 marqu\u00e9 par la tension et les expulsions. Le FC Rouen a d&rsquo;abord \u00e9t\u00e9 r\u00e9duit \u00e0 dix peu avant l&rsquo;heure de jeu, suite au carton rouge re\u00e7u par Benzia (57e). Cette sup\u00e9riorit\u00e9 num\u00e9rique n&rsquo;aura pas dur\u00e9 pour Caen. En fin de partie, le SMC a \u00e9galement perdu un joueur : Ivann Botella a \u00e9t\u00e9 exclu (87e), ramenant l&rsquo;\u00e9quilibre num\u00e9rique sur le terrain \u00e0 quelques minutes du coup de sifflet final. Le score n&rsquo;a pas boug\u00e9, scellant le match nul (1-1).<\/p>\n<p><strong>Rouen conserve la t\u00eate, Caen reste bloqu\u00e9<\/strong><\/p>\n<p>Malgr\u00e9 l&rsquo;interruption de leur s\u00e9rie de cinq victoires cons\u00e9cutives, les hommes de R\u00e9gis Brouard r\u00e9alisent une bonne op\u00e9ration comptable. Le FC Rouen conserve la t\u00eate du classement avec quatre points d&rsquo;avance sur ses principaux poursuivants : Dijon, Orl\u00e9ans et Versailles. De son c\u00f4t\u00e9, le Stade Malherbe de Caen ne parvient pas \u00e0 d\u00e9coller et occupe une d\u00e9cevante septi\u00e8me place avec quatorze points, loin de ses objectifs initiaux.<\/p>\n<p>Partagez cette info avec vos amis et vos proches en cliquant ici<br \/>Pour r\u00e9sumer<\/p>\n<p>La onzi\u00e8me journ\u00e9e de la saison 2025-2026 du championnat National s&rsquo;est achev\u00e9e au Stade Michel-d&rsquo;Ornano par un derby normand sous haute tension. Le Stade Malherbe de Caen et le Football Club de Rouen 1899 se sont neutralis\u00e9s (1-1).<\/p>\n<p> <img decoding=\"async\" width=\"76\" height=\"76\" loading=\"lazy\" src=\"https:\/\/static.wui.fr\/images_v3\/avatar-footnational.png\" alt=\"Aris Djennadi\"\/><\/p>\n","protected":false},"excerpt":{"rendered":"Zapping Foot National Coupe de France : Calais, Quevilly, El-Biar, &#8230; les plus grands exploits de la comp\u00e9tition&hellip;\n","protected":false},"author":2,"featured_media":481160,"comment_status":"","ping_status":"","sticky":false,"template":"","format":"standard","meta":{"footnotes":""},"categories":[9587],"tags":[1111,11,1777,674,1011,27,59645,12,5161,25,9590],"class_list":{"0":"post-481159","1":"post","2":"type-post","3":"status-publish","4":"format-standard","5":"has-post-thumbnail","7":"category-rouen","8":"tag-actu","9":"tag-actualites","10":"tag-eu","11":"tag-europe","12":"tag-fr","13":"tag-france","14":"tag-national-actus","15":"tag-news","16":"tag-normandie","17":"tag-republique-francaise","18":"tag-rouen"},"share_on_mastodon":{"url":"https:\/\/pubeurope.com\/@fr\/115415974556964154","error":""},"_links":{"self":[{"href":"https:\/\/www.europesays.com\/fr\/wp-json\/wp\/v2\/posts\/481159","targetHints":{"allow":["GET"]}}],"collection":[{"href":"https:\/\/www.europesays.com\/fr\/wp-json\/wp\/v2\/posts"}],"about":[{"href":"https:\/\/www.europesays.com\/fr\/wp-json\/wp\/v2\/types\/post"}],"author":[{"embeddable":true,"href":"https:\/\/www.europesays.com\/fr\/wp-json\/wp\/v2\/users\/2"}],"replies":[{"embeddable":true,"href":"https:\/\/www.europesays.com\/fr\/wp-json\/wp\/v2\/comments?post=481159"}],"version-history":[{"count":0,"href":"https:\/\/www.europesays.com\/fr\/wp-json\/wp\/v2\/posts\/481159\/revisions"}],"wp:featuredmedia":[{"embeddable":true,"href":"https:\/\/www.europesays.com\/fr\/wp-json\/wp\/v2\/media\/481160"}],"wp:attachment":[{"href":"https:\/\/www.europesays.com\/fr\/wp-json\/wp\/v2\/media?parent=481159"}],"wp:term":[{"taxonomy":"category","embeddable":true,"href":"https:\/\/www.europesays.com\/fr\/wp-json\/wp\/v2\/categories?post=481159"},{"taxonomy":"post_tag","embeddable":true,"href":"https:\/\/www.europesays.com\/fr\/wp-json\/wp\/v2\/tags?post=481159"}],"curies":[{"name":"wp","href":"https:\/\/api.w.org\/{rel}","templated":true}]}}