{"id":481161,"date":"2025-10-22T04:40:18","date_gmt":"2025-10-22T04:40:18","guid":{"rendered":"https:\/\/www.europesays.com\/fr\/481161\/"},"modified":"2025-10-22T04:40:18","modified_gmt":"2025-10-22T04:40:18","slug":"les-moyens-de-la-ville-au-service-des-amis-politiques-des-verts-lfi-a-grenoble","status":"publish","type":"post","link":"https:\/\/www.europesays.com\/fr\/481161\/","title":{"rendered":"LES MOYENS DE LA VILLE AU SERVICE DES AMIS POLITIQUES DES VERTS\/LFI \u00c0 GRENOBLE"},"content":{"rendered":"<p>Posted On 22 octobre 2025 <\/p>\n<p style=\"text-align: justify;\">Les occupants de la Bobine, qui se sont install\u00e9s ill\u00e9galement dans les locaux depuis plus d&rsquo;un mois, se voient d\u00e9sormais proposer par la ville d&rsquo;occuper&#8230; d&rsquo;autres locaux municipaux, la salle Rouge, quartier Berriat. La gauche radicale continue de vivre sur le dos de tous les contribuables grenoblois par d\u00e9cision des \u00e9lus Verts\/LFI qui mettent la municipalit\u00e9 au service d&rsquo;un seul camp.\u00a0<\/p>\n<p>UN LIEU EMBL\u00c9MATIQUE QUI REJOINT L&rsquo;H\u00c9CATOMBE CULTURELLE<\/p>\n<p style=\"text-align: justify;\">Les locaux propri\u00e9t\u00e9 de la ville \u00e9taient d&rsquo;abord rest\u00e9s vides depuis la fermeture en juin de ce lieu culturel embl\u00e9matique, apr\u00e8s 27 ans d&rsquo;existence. Malgr\u00e9 un plan de redressement et des appels \u00e0 l&rsquo;aide depuis des mois, la Bobine n&rsquo;a pas r\u00e9ussi \u00e0 sortir la t\u00eate de l&rsquo;eau.<\/p>\n<p style=\"text-align: justify;\">Rejoignant <a href=\"https:\/\/grenoble-le-changement.fr\/2025\/08\/24\/fabrique-opera-bobine-danse-holocene-livres-la-grande-hecatombe-grenobloise\/\" rel=\"nofollow noopener\" target=\"_blank\">la liste des h\u00e9catombes culturelles<\/a> dans le Grenoble de Piolle, avec les cas r\u00e9cents du Printemps du Livre, de la Fabrique Op\u00e9ra ou du festival Holoc\u00e8ne qui ont d\u00fb mettre fin \u00e0 leurs activit\u00e9s en grande partie par manque de soutien municipal malgr\u00e9 leur large impact.\u00a0<\/p>\n<p>L&rsquo;EXTR\u00caME-GAUCHE PREND POSSESSION DE LA BOBINE<\/p>\n<p style=\"text-align: justify;\">Apr\u00e8s la manifestation \u00ab\u00a0bloquons tout\u00a0\u00bb du 10 septembre dernier, compl\u00e8tement prise en main par l&rsquo;extr\u00eame-gauche \u00e0 Grenoble, une centaine de manifestants avaient ensuite d\u00e9cid\u00e9 d&rsquo;occuper le lieu vide. Justifiant cette occupation avec leur champ lexical habituel : \u00ab\u00a0nous voulons r\u00e9affirmer la n\u00e9cessit\u00e9 de reprendre du pouvoir et de l\u2019autonomie sur nos vies face \u00e0 la bourgeoisie et aux politiciens. La casse sociale mise en \u0153uvre par leurs politiques d\u2019aust\u00e9rit\u00e9 n\u2019a que trop dur\u00e9\u00a0\u00bb (<a target=\"_blank\" href=\"https:\/\/c.ledauphine.com\/social\/2025\/09\/18\/des-manifestants-occupent-les-anciens-locaux-de-la-bobine\" rel=\"nofollow noopener\">DL du 18\/09\/25<\/a>).<\/p>\n<p><a href=\"https:\/\/grenoble-le-changement.fr\/wp-content\/uploads\/2025\/10\/bobine-occupee-grenoble.png\" rel=\"lightbox[85597] nofollow noopener\" target=\"_blank\"><img loading=\"lazy\" decoding=\"async\" class=\" wp-image-85606 jetpack-lazy-image\" src=\"https:\/\/grenoble-le-changement.fr\/wp-content\/uploads\/2025\/10\/bobine-occupee-grenoble-300x222.png\" alt=\"\" width=\"501\" height=\"371\" data-lazy-src=\"https:\/\/www.europesays.com\/fr\/wp-content\/uploads\/2025\/10\/bobine-occupee-grenoble-300x222.png\" \/><\/a>La Bobine \u00ab\u00a0lib\u00e9r\u00e9e et autog\u00e9r\u00e9e\u00a0\u00bb mais dans des locaux municipaux, avec l&rsquo;aval des \u00ab\u00a0politiciens\u00a0\u00bb Verts\/LFI<br \/>\nLES VERTS\/LFI SOUTIENNENT L&rsquo;OCCUPATION<\/p>\n<p style=\"text-align: justify;\">Loin de condamner la confiscation de locaux municipaux au profit d&rsquo;un camp politique, la municipalit\u00e9 Piolle qui en est bien s\u00fbr tr\u00e8s proche id\u00e9ologiquement les avait simplement appel\u00e9 \u00e0 ne pas d\u00e9grader les lieux, ne manquant pas de rappeler son soutien au mouvement social et sa volont\u00e9 de dialogue avec les occupants. L&rsquo;\u00e9lu au logement, Nicolas B\u00e9ron-Perez (PCF), avait lui pris encore moins de pincettes en affichant un soutien clair et net, <a target=\"_blank\" href=\"https:\/\/www.placegrenet.fr\/2025\/09\/19\/occupation-de-la-bobine-a-grenoble-un-elu-de-la-majorite-annonce-son-soutien-la-municipalite-sur-la-reserve\/660106\" rel=\"nofollow noopener\">comme l&rsquo;avait r\u00e9v\u00e9l\u00e9 Place Gre&rsquo;net<\/a>.<\/p>\n<p>UN NOUVEAU SQUAT D&rsquo;EXT-GAUCHE \u00c0 GRENOBLE<\/p>\n<p style=\"text-align: justify;\">Depuis plus d&rsquo;un mois, la Bobine est donc devenu un nouveau squat sur le dos du contribuable grenoblois. Comme <a href=\"https:\/\/grenoble-le-changement.fr\/2024\/09\/23\/le-patrimoine-encore-et-toujours-oublie-a-grenoble\/\" rel=\"nofollow noopener\" target=\"_blank\">la villa Kaminiski, rue des alli\u00e9s<\/a>, \u00e9difice class\u00e9 patrimoine remarquable, propri\u00e9t\u00e9 de la ville, squatt\u00e9e et d\u00e9figur\u00e9e par l&rsquo;extr\u00eame-gauche libertaire depuis des ann\u00e9es. Comme le 38 d&rsquo;Alembert, base arri\u00e8re d&rsquo;organisation de toutes les \u00ab\u00a0luttes\u00a0\u00bb, des mouvances les plus dures de cette ultra-gauche qui l\u00e9gitime y compris les pires violences comme moyen.\u00a0<\/p>\n<p>LA MUNICIPALIT\u00c9 PIOLLE CONTRACTUALISE AVEC LES SQUATTEURS<\/p>\n<p style=\"text-align: justify;\">Dans le cas du 38 d&rsquo;Alembert, la municipalit\u00e9 a pouss\u00e9 la complaisance avec ceux que Piolle consid\u00e8re comme sa famille politique<a href=\"https:\/\/grenoble-le-changement.fr\/2024\/02\/22\/38-rue-dalembert-les-privileges-honteux-de-lextreme-gauche\/\" rel=\"nofollow noopener\" target=\"_blank\"> jusqu&rsquo;\u00e0 contracter avec une association fantoche cr\u00e9\u00e9e pour l&rsquo;occasion<\/a>, pour accorder aux squatteurs la jouissance des lieux moyennent un bail emphyt\u00e9otique de 40 ans&#8230; qui leur garantit l&rsquo;occupation de ces 800m2 pour un peu plus de 300 euros par mois ! Un montant \u00e9videmment ridicule.\u00a0<\/p>\n<p><a href=\"https:\/\/grenoble-le-changement.fr\/wp-content\/uploads\/2024\/02\/38-dAlembert-copie.jpg\" rel=\"lightbox[85597] nofollow noopener\" target=\"_blank\"><img loading=\"lazy\" decoding=\"async\" class=\" wp-image-71861 jetpack-lazy-image\" src=\"https:\/\/grenoble-le-changement.fr\/wp-content\/uploads\/2024\/02\/38-dAlembert-copie-300x225.jpg\" alt=\"\" width=\"595\" height=\"446\" data-lazy-src=\"https:\/\/www.europesays.com\/fr\/wp-content\/uploads\/2025\/10\/38-dAlembert-copie-300x225.jpg\" \/><\/a>Le 38 d&rsquo;Alembert est squatt\u00e9 par la m\u00eame \u00ab\u00a0client\u00e8le\u00a0\u00bb d&rsquo;ultra-gauche que la Bobine occup\u00e9e<br \/>\nLE BAIL ATTAQU\u00c9 EN 2022 MAIS LA JUSTICE TRAINE<\/p>\n<p style=\"text-align: justify;\">Du copinage politique pur et simple sur le dos du contribuable grenoblois qui supporte le manque \u00e0 gagner pour la ville. Brigitte Boer, conseill\u00e8re municipale d&rsquo;opposition avec Alain Carignon, et Cl\u00e9ment Chappet, animateur du collectif R\u00e9concilier Grenoble, <a href=\"https:\/\/grenoble-le-changement.fr\/2022\/03\/21\/38-dalembert-b-boer-et-c-chappet-attaquent-le-bail\/\" rel=\"nofollow noopener\" target=\"_blank\">ont attaqu\u00e9 le bail consenti par la Mairie devant le tribunal en 2022<\/a>. 3 ans apr\u00e8s, toujours aucune nouvelle du dossier, la justice grenobloise semblant toujours aussi peu press\u00e9e de se pencher sur les affaires qui concernent la ville.\u00a0<\/p>\n<p>UN REPRENEUR POUR LA BOBINE FUSTIG\u00c9 PAR LES OCCUPANTS<\/p>\n<p style=\"text-align: justify;\">\u00c0 la Bobine, les Piollistes veulent d\u00e9sormais laisser s&rsquo;installer l&rsquo;op\u00e9rateur choisi par le tribunal de commerce pour reprendre les lieux. Il s&rsquo;agit d&rsquo;un projet de tiers-lieu un peu flou port\u00e9 par \u00ab\u00a0l&rsquo;autre sc\u00e8ne\u00a0\u00bb, une structure <a target=\"_blank\" href=\"https:\/\/www.placegrenet.fr\/2025\/10\/17\/la-ville-de-grenoble-propose-aux-occupants-de-la-bobine-de-demenager-dans-la-salle-rouge\/662536\" rel=\"nofollow noopener\">qui n&rsquo;avait pas r\u00e9ussi \u00e0 s&rsquo;implanter \u00e0 Annecy et va essayer \u00e0 Grenoble<\/a>. Un repreneur vertement accueilli par les militants occupants qui l&rsquo;attaquent avec virulence sur les r\u00e9seaux sociaux, loin d&rsquo;avoir envie de quitter les lieux.\u00a0<\/p>\n<p><img decoding=\"async\" data-id=\"85622\" src=\"https:\/\/grenoble-le-changement.fr\/wp-content\/uploads\/2025\/10\/WhatsApp-Image-2025-10-21-at-20.34.43.jpeg\" alt=\"\" class=\"wp-image-85622 jetpack-lazy-image\" data-lazy-src=\"https:\/\/www.europesays.com\/fr\/wp-content\/uploads\/2025\/10\/WhatsApp-Image-2025-10-21-at-20.34.43.jpeg\" \/><\/p>\n<p><img decoding=\"async\" data-id=\"85621\" src=\"https:\/\/grenoble-le-changement.fr\/wp-content\/uploads\/2025\/10\/WhatsApp-Image-2025-10-21-at-20.34.43-1.jpeg\" alt=\"\" class=\"wp-image-85621 jetpack-lazy-image\" data-lazy-src=\"https:\/\/www.europesays.com\/fr\/wp-content\/uploads\/2025\/10\/WhatsApp-Image-2025-10-21-at-20.34.43-1.jpeg\" \/><br \/>\nLes aimables commentaires des occupants de la Bobine, qui consid\u00e8rent que ces lieux propri\u00e9t\u00e9 de la ville leur appartiennent d\u00e9sormais, sous les publications des repreneurs d\u00e9sign\u00e9s par le tribunal <\/p>\n<p>LES PIOLLISTES PROPOSENT AUX SQUATTEURS UNE AUTRE SALLE MUNICIPALE !<\/p>\n<p style=\"text-align: justify;\">Non pas siffler la fin de la r\u00e9cr\u00e9ation et demander l&rsquo;expulsion des occupants de ces locaux en leur rappelant qu&rsquo;ils sont propri\u00e9t\u00e9 de la collectivit\u00e9, la municipalit\u00e9 Piolle a d\u00e9cid\u00e9&#8230; <a target=\"_blank\" href=\"https:\/\/www.placegrenet.fr\/2025\/10\/17\/la-ville-de-grenoble-propose-aux-occupants-de-la-bobine-de-demenager-dans-la-salle-rouge\/662536\" rel=\"nofollow noopener\">de leur proposer de d\u00e9m\u00e9nager dans une autre salle municipale<\/a> ! Le communiqu\u00e9 officiel ent\u00e9rine la soumission des Verts\/LFI aux squatteurs : \u00ab\u00a0fid\u00e8le au dialogue apais\u00e9 qu\u2019elle a toujours maintenu avec les occupants, la Ville a propos\u00e9 aux occupants d\u2019acc\u00e9der de mani\u00e8re gratuite \u00e0 la Salle rouge dans le secteur 1, afin qu\u2019ils puissent continuer d\u2019accompagner le mouvement social \u00e0 Grenoble\u00a0\u00bb.<\/p>\n<p>LA VILLE PRIVATIS\u00c9E PAR L&rsquo;EXTR\u00caME-GAUCHE<\/p>\n<p style=\"text-align: justify;\">Voil\u00e0 la conception qu&rsquo;ont les Verts\/LFI de la gestion municipale. Ils confisquent la ville et ses moyens pour \u00ab\u00a0accompagner le mouvement social\u00a0\u00bb, donc la mette au service de leur propre cause politique. Que n&rsquo;entendrait-on si une municipalit\u00e9 de droite privatisait les moyens de la ville en offrant des locaux \u00ab\u00a0de mani\u00e8re gratuite\u00a0\u00bb \u00e0 des mouvements politique de son propre bord, et le revendiquait m\u00eame publiquement ?<\/p>\n<p>LE COPINAGE S&rsquo;ACC\u00c9L\u00c8RE<\/p>\n<p style=\"text-align: justify;\">\u00c0 4 mois des \u00e9lections municipales, il faut voir l\u00e0 <a href=\"https:\/\/grenoble-le-changement.fr\/2025\/10\/07\/copinage-la-municipalite-accelere-avant-fermeture\/\" rel=\"nofollow noopener\" target=\"_blank\">une acc\u00e9l\u00e9ration du copinage des Piollistes<\/a>. Affaibli par la frange LFI qui surjoue la radicalit\u00e9 \u00e0 sa gauche, le camp Piolle\/Ruffin aux abois tente de se m\u00e9nager les nervis de l&rsquo;extr\u00eame-gauche la plus radicale en leur conc\u00e9dant tous les cadeaux possibles. Heureusement, les Grenoblois ont toutes les cl\u00e9s pour mettre fin \u00e0 cette confiscation de la ville aux fins d&rsquo;un seul camp politique en votant bien en mars prochain.\u00a0<\/p>\n","protected":false},"excerpt":{"rendered":"Posted On 22 octobre 2025 Les occupants de la Bobine, qui se sont install\u00e9s ill\u00e9galement dans les locaux&hellip;\n","protected":false},"author":2,"featured_media":481162,"comment_status":"","ping_status":"","sticky":false,"template":"","format":"standard","meta":{"footnotes":""},"categories":[9566],"tags":[1111,11,9601,2430,15172,14755,9607,1777,674,1011,27,2731,12,24294,25],"class_list":{"0":"post-481161","1":"post","2":"type-post","3":"status-publish","4":"format-standard","5":"has-post-thumbnail","7":"category-grenoble","8":"tag-actu","9":"tag-actualites","10":"tag-alain-carignon","11":"tag-auvergne-rhone-alpes","12":"tag-brigitte-boer","13":"tag-clement-chappet","14":"tag-eric-piolle","15":"tag-eu","16":"tag-europe","17":"tag-fr","18":"tag-france","19":"tag-grenoble","20":"tag-news","21":"tag-nicolas-beron-perez","22":"tag-republique-francaise"},"share_on_mastodon":{"url":"https:\/\/pubeurope.com\/@fr\/115415982314616529","error":""},"_links":{"self":[{"href":"https:\/\/www.europesays.com\/fr\/wp-json\/wp\/v2\/posts\/481161","targetHints":{"allow":["GET"]}}],"collection":[{"href":"https:\/\/www.europesays.com\/fr\/wp-json\/wp\/v2\/posts"}],"about":[{"href":"https:\/\/www.europesays.com\/fr\/wp-json\/wp\/v2\/types\/post"}],"author":[{"embeddable":true,"href":"https:\/\/www.europesays.com\/fr\/wp-json\/wp\/v2\/users\/2"}],"replies":[{"embeddable":true,"href":"https:\/\/www.europesays.com\/fr\/wp-json\/wp\/v2\/comments?post=481161"}],"version-history":[{"count":0,"href":"https:\/\/www.europesays.com\/fr\/wp-json\/wp\/v2\/posts\/481161\/revisions"}],"wp:featuredmedia":[{"embeddable":true,"href":"https:\/\/www.europesays.com\/fr\/wp-json\/wp\/v2\/media\/481162"}],"wp:attachment":[{"href":"https:\/\/www.europesays.com\/fr\/wp-json\/wp\/v2\/media?parent=481161"}],"wp:term":[{"taxonomy":"category","embeddable":true,"href":"https:\/\/www.europesays.com\/fr\/wp-json\/wp\/v2\/categories?post=481161"},{"taxonomy":"post_tag","embeddable":true,"href":"https:\/\/www.europesays.com\/fr\/wp-json\/wp\/v2\/tags?post=481161"}],"curies":[{"name":"wp","href":"https:\/\/api.w.org\/{rel}","templated":true}]}}