{"id":481163,"date":"2025-10-22T04:41:11","date_gmt":"2025-10-22T04:41:11","guid":{"rendered":"https:\/\/www.europesays.com\/fr\/481163\/"},"modified":"2025-10-22T04:41:11","modified_gmt":"2025-10-22T04:41:11","slug":"ils-avaient-obtenu-leur-bac-en-piratant-le-systeme-informatique-du-plus-grand-lycee-de-bretagne","status":"publish","type":"post","link":"https:\/\/www.europesays.com\/fr\/481163\/","title":{"rendered":"Ils avaient obtenu leur bac en piratant le syst\u00e8me informatique du plus grand lyc\u00e9e de Bretagne"},"content":{"rendered":"<p>Pendant plus d\u2019un an, ils trafiquaient leurs notes sur le logiciel Pronote. Une fraude qui leur a permis d\u2019obtenir facilement leur baccalaur\u00e9at par le biais du contr\u00f4le continu. \u00c0 Rennes, deux anciens \u00e9l\u00e8ves du lyc\u00e9e Br\u00e9quigny ont \u00e9t\u00e9 condamn\u00e9s par le tribunal correctionnel, jeudi 9 octobre, pour avoir pirat\u00e9 le syst\u00e8me informatique de leur \u00e9tablissement.<\/p>\n<p>Logiciel espion<\/p>\n<p>Afin de mener \u00e0 bien leur plan, les lyc\u00e9ens avaient d\u2019abord r\u00e9ussi \u00e0 se procurer une cl\u00e9 passe-partout leur permettant d\u2019acc\u00e9der \u00e0 la salle des professeurs. Ils avaient ensuite utilis\u00e9 un logiciel espion sur les ordinateurs du proviseur et de professeurs de l\u2019\u00e9tablissement afin de d\u00e9rober leurs identifiants de connexion.<\/p>\n<p>Pendant des mois, ils ont ensuite pu s\u2019introduire ill\u00e9galement dans les syst\u00e8mes informatiques de l\u2019\u00e9ducation nationale. Ce qui leur a permis de falsifier leurs notes et les appr\u00e9ciations des professeurs, ou encore d\u2019effacer leurs absences et retards.<\/p>\n<p>La fraude d\u00e9voil\u00e9e<\/p>\n<p>Une fraude qui leur a permis d\u2019obtenir plus facilement leur baccalaur\u00e9at par le biais du contr\u00f4le continu. Probablement trop \u00e9vidente, la supercherie a fini par \u00eatre d\u00e9voil\u00e9e. Mis devant le fait accompli, les deux ex-\u00e9l\u00e8ves ont reconnu les faits.<\/p>\n<p>Consid\u00e9r\u00e9 comme l\u2019instigateur, l\u2019un des deux pr\u00e9venus (\u00e9galement condamn\u00e9 dans une autre affaire pour d\u00e9tention d\u2019images p\u00e9dopornographiques) a \u00e9t\u00e9 condamn\u00e9 \u00e0 huit mois de prison ferme am\u00e9nageable. Le co-auteur a \u00e9cop\u00e9 de huit mois de prison avec sursis.<\/p>\n<p>D\u00e9clar\u00e9s parties civiles, le rectorat et le lyc\u00e9e Br\u00e9quigny ont \u00e9t\u00e9 reconnus victimes. Le montant des dommages et int\u00e9r\u00eats sera jug\u00e9 lors d\u2019une nouvelle audience qui aura lieu en 2026.<\/p>\n","protected":false},"excerpt":{"rendered":"Pendant plus d\u2019un an, ils trafiquaient leurs notes sur le logiciel Pronote. Une fraude qui leur a permis&hellip;\n","protected":false},"author":2,"featured_media":481164,"comment_status":"","ping_status":"","sticky":false,"template":"","format":"standard","meta":{"footnotes":""},"categories":[2821],"tags":[1111,11,829,1777,674,1011,27,848,12,584,25],"class_list":{"0":"post-481163","1":"post","2":"type-post","3":"status-publish","4":"format-standard","5":"has-post-thumbnail","7":"category-rennes","8":"tag-actu","9":"tag-actualites","10":"tag-bretagne","11":"tag-eu","12":"tag-europe","13":"tag-fr","14":"tag-france","15":"tag-ille-et-vilaine","16":"tag-news","17":"tag-rennes","18":"tag-republique-francaise"},"share_on_mastodon":{"url":"https:\/\/pubeurope.com\/@fr\/115415985988162816","error":""},"_links":{"self":[{"href":"https:\/\/www.europesays.com\/fr\/wp-json\/wp\/v2\/posts\/481163","targetHints":{"allow":["GET"]}}],"collection":[{"href":"https:\/\/www.europesays.com\/fr\/wp-json\/wp\/v2\/posts"}],"about":[{"href":"https:\/\/www.europesays.com\/fr\/wp-json\/wp\/v2\/types\/post"}],"author":[{"embeddable":true,"href":"https:\/\/www.europesays.com\/fr\/wp-json\/wp\/v2\/users\/2"}],"replies":[{"embeddable":true,"href":"https:\/\/www.europesays.com\/fr\/wp-json\/wp\/v2\/comments?post=481163"}],"version-history":[{"count":0,"href":"https:\/\/www.europesays.com\/fr\/wp-json\/wp\/v2\/posts\/481163\/revisions"}],"wp:featuredmedia":[{"embeddable":true,"href":"https:\/\/www.europesays.com\/fr\/wp-json\/wp\/v2\/media\/481164"}],"wp:attachment":[{"href":"https:\/\/www.europesays.com\/fr\/wp-json\/wp\/v2\/media?parent=481163"}],"wp:term":[{"taxonomy":"category","embeddable":true,"href":"https:\/\/www.europesays.com\/fr\/wp-json\/wp\/v2\/categories?post=481163"},{"taxonomy":"post_tag","embeddable":true,"href":"https:\/\/www.europesays.com\/fr\/wp-json\/wp\/v2\/tags?post=481163"}],"curies":[{"name":"wp","href":"https:\/\/api.w.org\/{rel}","templated":true}]}}