{"id":481165,"date":"2025-10-22T04:42:11","date_gmt":"2025-10-22T04:42:11","guid":{"rendered":"https:\/\/www.europesays.com\/fr\/481165\/"},"modified":"2025-10-22T04:42:11","modified_gmt":"2025-10-22T04:42:11","slug":"a-rennes-le-salon-des-artisans-et-commercants-de-retour-dans-le-centre-ville","status":"publish","type":"post","link":"https:\/\/www.europesays.com\/fr\/481165\/","title":{"rendered":"\u00e0 Rennes, le Salon des artisans et commer\u00e7ants de retour dans le centre-ville"},"content":{"rendered":"<p>            Par<br \/>\n        <strong><br \/>\n            <a href=\"https:\/\/actu.fr\/auteur\/clemence-pays02-actu-fr\" title=\"Consulter tous les articles de Cl\u00e9mence Pays\" target=\"_blank\" rel=\"noopener\">Cl\u00e9mence Pays<\/a><br \/>\n        <\/strong><\/p>\n<p>        Publi\u00e9 le<\/p>\n<p>            22 oct. 2025 \u00e0 6h32        <\/p>\n<p>La Veste tatou\u00e9e, <a href=\"https:\/\/actu.fr\/bretagne\/rennes_35238\/le-cellier-saint-germain-plus-vieille-cave-de-rennes-change-de-proprietaire_60417794.html\" target=\"_blank\" rel=\"noopener\">Le Cellier Saint-Germain<\/a>, Bayoo Tattoo, La Maison de Zazou\u2026 Une <strong>cinquantaine de commerces<\/strong> sont attendus \u00e0 la halle Martenot, place des Lices, dimanche 9\u00a0novembre 2025 \u00e0 Rennes. Cette date marque le retour du <strong>Salon des artisans et commer\u00e7ants<\/strong> organis\u00e9 par le Carr\u00e9 Rennais.<\/p>\n<p class=\" wall-content\">Cette <strong>deuxi\u00e8me \u00e9dition<\/strong> se calquera sur le m\u00eame format que celui de l\u2019an pass\u00e9 avec de nouvelles animations.<\/p>\n<blockquote class=\"ac-article-quote wall-content\">\n<p>En 2025, on veut mettre en avant l&rsquo;humanisme et la rencontre. <\/p>\n<p>    <strong>Laurence Taillandier<\/strong><br \/>\n        Co-pr\u00e9sidente de l&rsquo;association des commer\u00e7ants et artisans, le Carr\u00e9 Rennais    <\/p><\/blockquote>\n<p class=\" wall-content\"><strong>\u00ab\u2009L\u2019ann\u00e9e a \u00e9t\u00e9 difficile pour les commerces<\/strong> et les clients qui sont en dehors de Rennes, avec les nombreux travaux dans la ville et <a href=\"https:\/\/actu.fr\/bretagne\/rennes_35238\/deconstruction-du-parking-vilaine-a-rennes-le-calendrier-est-confirme-voici-ce-qu-il-va-se-passer-a-present_63299855.html\" target=\"_blank\" rel=\"noopener\">la fermeture du parking Vilaine<\/a>\u2009\u00bb, poursuit Laurence Taillandier. Avec le Salon des artisans et commer\u00e7ants, la co-pr\u00e9sidente du Carr\u00e9 rennais souhaite \u00ab\u2009\u00eatre au plus pr\u00e8s de ceux qui consomment\u2009\u00bb.<\/p>\n<p>Des ateliers pour les familles<\/p>\n<p class=\" wall-content\">\u00c0 l\u2019occasion de cet \u00e9v\u00e9nement, \u00ab\u2009il y aura une jolie mise en sc\u00e8ne, avec <strong>beaucoup d\u2019ateliers\u2009\u00bb.<\/strong> Pour les <strong>enfants,<\/strong> trois magasins de jeux seront pr\u00e9sents et animeront des ateliers \u00e0 destination des petites et petits Rennais (es).<\/p>\n<p class=\" wall-content\"><strong>Cr\u00e9ation d\u2019un livre<\/strong> pour enfant, <strong>atelier jaspage<\/strong> (d\u00e9coration de la tranche d\u2019un livre), <strong>concours de lassage de lacet,<\/strong> <strong>d\u00e9gustation<\/strong> \u00e0 l\u2019aveugle de vins d\u00e9salcoolis\u00e9s, <strong>test sportif,<\/strong> et <strong>conseils en bien-\u00eatre<\/strong> et alimentation saine, seront au programme.<\/p>\n<p class=\" wall-content\">La Maison Boligrafo fera \u00e9galement venir <strong>Pauline Combes,<\/strong> \u00ab\u2009une autrice rennaise qui pr\u00e9sentera son premier roman et fera des d\u00e9dicaces\u2009\u00bb.<\/p>\n<p>Votre r\u00e9gion, votre actu !<\/p>\n<p>Recevez chaque jour les infos qui comptent pour vous.<\/p>\n<p>\t<a href=\"https:\/\/actu.fr\/newsletter\" class=\"ac-btn ac-btn--corner ac-btn--medium ac-btn--blue800\" target=\"_blank\" rel=\"noopener\">S&rsquo;incrire<\/a><br \/>\nUn jeu-concours<\/p>\n<p>Lors du salon, un jeu-concours sera organis\u00e9 par le Carr\u00e9 rennais. Une vitrine sera pr\u00e9sent\u00e9e avec plusieurs produits offerts par les commer\u00e7ants participants. Les visiteurs devront retrouver le juste prix de l&rsquo;ensemble de la vitrine pour la remporter.<\/p>\n<p>D\u00e9couvrir de nouveaux commerces<\/p>\n<p class=\" wall-content\">Le Salon des artisans et commer\u00e7ants est aussi l\u2019occasion de <strong>faire conna\u00eetre des boutiques<\/strong> fra\u00eechement install\u00e9es dans la capitale rennaise comme <strong>JS Gallery,<\/strong> qui propose des produits cor\u00e9ens, en particulier de la cosm\u00e9tique.<\/p>\n<p class=\" wall-content\">Pour d\u2019autres, c\u2019est le moment de pr\u00e9senter leurs nouveaut\u00e9s. <strong>\u00ab\u2009Au comptoir des sorciers<\/strong> ne propose plus seulement que des produits autour de l\u2019univers d\u2019Harry Potter, ils ont pris un virage et \u00e9largie \u00e0 la pop culture\u2009\u00bb, cite par exemple Lucie Leclerc, charg\u00e9e de mission et de projet au Carr\u00e9 Rennais.<\/p>\n<p class=\" wall-content\">La boutique organisera d\u2019ailleurs un <strong>d\u00e9fil\u00e9 cosplay,<\/strong> en partenariat avec l\u2019association R\u00eaves et costumes.<\/p>\n<blockquote class=\"ac-article-quote wall-content\">\n<p>Il y aura du tatouage, des v\u00eatements de seconde main, Ronces des bois donnera des conseils pour les plantes&#8230; Il y en a pour tout le monde.<\/p>\n<p>    <strong>Laurence Taillandier<\/strong><br \/>\n        Co-pr\u00e9sidente de l&rsquo;association des commer\u00e7ants et artisans, le Carr\u00e9 Rennais    <\/p><\/blockquote>\n<p class=\" wall-content\">\u00ab\u2009On met aussi en avant des <strong>cr\u00e9ateurs<\/strong> qui sont pr\u00e9sents sur d\u2019autres \u00e9v\u00e9nements comme <a href=\"https:\/\/actu.fr\/bretagne\/rennes_35238\/nouvelle-place-speciale-transports-gratuits-village-sportif-la-grande-braderie-de-rennes-revient-bientot_62638175.html\" target=\"_blank\" rel=\"noopener\">la braderie<\/a> ou <a href=\"https:\/\/actu.fr\/bretagne\/rennes_35238\/ateliers-defiles-degustations-la-nouvelle-edition-des-rues-vivantes-arrive-bientot-a-rennes_63112886.html\" target=\"_blank\" rel=\"noopener\">Rues vivantes<\/a>, mais qui n\u2019ont pas de boutique \u00e0 Rennes. Cela leur donne de la visibilit\u00e9\u2009\u00bb, appuie Emmy Bethuel, alternante charg\u00e9e de missions pour l\u2019association des commer\u00e7ants.<\/p>\n<p class=\" wall-content\">Au total, \u00ab\u2009entre 35 et 40\u2009\u00bb commer\u00e7ants sont d\u00e9j\u00e0 inscrits pour participer \u00e0 l\u2019\u00e9v\u00e9nement, pour 50 places disponibles. \u00ab\u2009Les inscriptions sont encore ouvertes, donc il y aura <strong>d\u2019autres surprises<\/strong> que celles annonc\u00e9es\u2009\u00bb, pr\u00e9vient Lucie Leclerc.<\/p>\n<p>Restauration sur place<\/p>\n<p class=\" wall-content\">En plus des produits \u00e0 d\u00e9guster sur les divers stands, de la <strong>restauration<\/strong> sera propos\u00e9e sur place.<\/p>\n<p class=\" wall-content\">Les g\u00e9rants du restaurant <strong>Supino<\/strong> pr\u00e9senteront les produits qui seront dans les rayons de <a href=\"https:\/\/actu.fr\/bretagne\/rennes_35238\/montrer-notre-savoir-faire-gerants-de-deux-restaurants-a-rennes-ils-vont-ouvrir-une-epicerie-italienne_62970333.html\" target=\"_blank\" rel=\"noopener\">leur future \u00e9picerie<\/a>, comme \u00ab\u2009de la mozza faite pr\u00e8s de Rennes\u2009\u00bb. <a href=\"https:\/\/actu.fr\/bretagne\/rennes_35238\/nouveau-a-rennes-on-a-teste-les-cookies-de-jojo-s-dough-connus-sur-tiktok-et-instagram_61366492.html\" target=\"_blank\" rel=\"noopener\">Jojo\u2019s Dough<\/a> vendra des cookies et smoothie de fruits frais\u2009; <strong>Silex caf\u00e9<\/strong> de la \u00ab\u2009fast-food healthy\u2009\u00bb\u2009; <strong>Cr\u00eape house,<\/strong> des galettes-saucisses, frites et cr\u00eapes.<\/p>\n<p class=\" wall-content\">Le Carr\u00e9 rennais organise ce salon dans <strong>\u00ab\u2009un but, faire se rencontrer les gens et que cela perdure\u2009\u00bb,<\/strong> conclut Laurence Taillandier.<\/p>\n<p class=\" wall-content\">Personnalisez votre actualit\u00e9 en ajoutant vos villes et m\u00e9dias en favori avec <a href=\"https:\/\/moncompte.actu.fr\" title=\"D\u00e9couvez Mon Actu\" rel=\"nofollow noopener\" data-trk=\"{&quot;cta&quot;:{&quot;action&quot;:&quot;https:\\\/\\\/moncompte.actu.fr&quot;,&quot;category&quot;:&quot;mon compte&quot;,&quot;from&quot;:&quot;article footer&quot;,&quot;name&quot;:&quot;Mon actu&quot;,&quot;type&quot;:&quot;cta&quot;}}\" target=\"_blank\">Mon Actu<\/a>.<\/p>\n","protected":false},"excerpt":{"rendered":"Par Cl\u00e9mence Pays Publi\u00e9 le 22 oct. 2025 \u00e0 6h32 La Veste tatou\u00e9e, Le Cellier Saint-Germain, Bayoo Tattoo,&hellip;\n","protected":false},"author":2,"featured_media":481166,"comment_status":"","ping_status":"","sticky":false,"template":"","format":"standard","meta":{"footnotes":""},"categories":[2821],"tags":[1111,11,1063,829,215,1777,674,1011,27,1305,12,584,25],"class_list":{"0":"post-481165","1":"post","2":"type-post","3":"status-publish","4":"format-standard","5":"has-post-thumbnail","7":"category-rennes","8":"tag-actu","9":"tag-actualites","10":"tag-animations","11":"tag-bretagne","12":"tag-commerce","13":"tag-eu","14":"tag-europe","15":"tag-fr","16":"tag-france","17":"tag-lifestyle","18":"tag-news","19":"tag-rennes","20":"tag-republique-francaise"},"share_on_mastodon":{"url":"https:\/\/pubeurope.com\/@fr\/115415989827527163","error":""},"_links":{"self":[{"href":"https:\/\/www.europesays.com\/fr\/wp-json\/wp\/v2\/posts\/481165","targetHints":{"allow":["GET"]}}],"collection":[{"href":"https:\/\/www.europesays.com\/fr\/wp-json\/wp\/v2\/posts"}],"about":[{"href":"https:\/\/www.europesays.com\/fr\/wp-json\/wp\/v2\/types\/post"}],"author":[{"embeddable":true,"href":"https:\/\/www.europesays.com\/fr\/wp-json\/wp\/v2\/users\/2"}],"replies":[{"embeddable":true,"href":"https:\/\/www.europesays.com\/fr\/wp-json\/wp\/v2\/comments?post=481165"}],"version-history":[{"count":0,"href":"https:\/\/www.europesays.com\/fr\/wp-json\/wp\/v2\/posts\/481165\/revisions"}],"wp:featuredmedia":[{"embeddable":true,"href":"https:\/\/www.europesays.com\/fr\/wp-json\/wp\/v2\/media\/481166"}],"wp:attachment":[{"href":"https:\/\/www.europesays.com\/fr\/wp-json\/wp\/v2\/media?parent=481165"}],"wp:term":[{"taxonomy":"category","embeddable":true,"href":"https:\/\/www.europesays.com\/fr\/wp-json\/wp\/v2\/categories?post=481165"},{"taxonomy":"post_tag","embeddable":true,"href":"https:\/\/www.europesays.com\/fr\/wp-json\/wp\/v2\/tags?post=481165"}],"curies":[{"name":"wp","href":"https:\/\/api.w.org\/{rel}","templated":true}]}}