{"id":481169,"date":"2025-10-22T04:44:23","date_gmt":"2025-10-22T04:44:23","guid":{"rendered":"https:\/\/www.europesays.com\/fr\/481169\/"},"modified":"2025-10-22T04:44:23","modified_gmt":"2025-10-22T04:44:23","slug":"psg-je-voulais-deja-revenir-contre-strasbourg-dembele-aux-anges-apres-son-retour","status":"publish","type":"post","link":"https:\/\/www.europesays.com\/fr\/481169\/","title":{"rendered":"PSG : \u00ab\u00a0Je voulais d\u00e9j\u00e0 revenir contre Strasbourg\u00a0\u00bb &#8230; Demb\u00e9l\u00e9 aux anges apr\u00e8s son retour"},"content":{"rendered":"<p>Le Paris Saint-Germain \u00e9tait en d\u00e9placement sur le terrain du Bayer Leverkusen ce soir. L&rsquo;objectif des champions d&rsquo;Europe en titre \u00e9tait clair : une troisi\u00e8me victoire en autant de match. Ce qui a \u00e9t\u00e9 fait sur le score incroyable de 7 buts \u00e0 2. Apr\u00e8s la rencontre, Ousmane Demb\u00e9l\u00e9 a r\u00e9agi, lui qui faisait son grand comeback : \u00ab\u00a0On a bien d\u00e9marr\u00e9, apr\u00e8s on a eu une p\u00e9riode difficile avec plusieurs cartons. On aurait pu \u00e9viter notre rouge mais c&rsquo;est comme \u00e7a. Les buts en fin de premi\u00e8re p\u00e9riode nous ont fait du bien, on n&rsquo;avait plus qu&rsquo;\u00e0 d\u00e9rouler en seconde p\u00e9riode\u00a0\u00bb a-t-il d\u00e9clar\u00e9 au micro de Canal+.<\/p>\n<p>Demb\u00e9l\u00e9 savoure son retour !<\/p>\n<p>Interrog\u00e9 sur les sept buts parisiens, le Ballon d&rsquo;Or en titre n&rsquo;a pas voulu minimiser la performance : \u00ab\u00a0\u00c7a compte, m\u00eame si ce n&rsquo;est que la premi\u00e8re partie de la saison. Il faudra \u00eatre dans les clous en Ligue des champions et en championnat. On va continuer notre chemin tranquillement\u00a0\u00bb a-t-il confi\u00e9 avant de se confier sur son grand retour.<\/p>\n<p>Il a avou\u00e9 qu&rsquo;il aurait d\u00e9j\u00e0 aim\u00e9 revenir contre Strasbourg mais que Luis Enrique avait mis son veto : \u00ab\u00a0Je suis un peu entr\u00e9 sur la pointe des pieds, tu n&rsquo;es pas encore \u00e0 100%. Je voulais revenir contre Strasbourg, mais le coach m&rsquo;avait dit d&rsquo;attendre\u00a0\u00bb a-t-il expliqu\u00e9 avant de revenir sur son but : \u00ab\u00a0Je n&rsquo;avais plus qu&rsquo;\u00e0 la mettre au fond apr\u00e8s un gros travail de Bradley (Barcola), je me sens bien, je retrouve peu \u00e0 peu mes sensations.\u00a0\u00bb<\/p>\n<p>Nuno Mendes, buteur ce soir, a aussi r\u00e9agi pour la cha\u00eene crypt\u00e9e : \u00ab\u00a0J&rsquo;essaie d&rsquo;aider l&rsquo;\u00e9quipe au maximum. On sait que cette ann\u00e9e \u00e7a va \u00eatre encore plus dur. On a fait un bon match m\u00eame si on a fini avec dix joueurs. Le gardien m&rsquo;a un peu aid\u00e9 sur le but (sourire).\u00a0\u00bb<\/p>\n<p>\u00a0<\/p>\n<p class=\"dazn-text\">La Coupe du monde des clubs, c\u2019est 100 % gratuit sur DAZN.<a href=\"https:\/\/dazn.prf.hn\/click\/camref:1101l5aPuW\" target=\"_blank\" rel=\"noopener\">\ud83d\udc49 Cr\u00e9e ton compte gratuitement et regarde les matchs en direct<\/a><\/p>\n<p>Partagez cette info avec vos amis et vos proches en cliquant ici<br \/> Pour r\u00e9sumer<\/p>\n<p>Le Paris Saint-Germain s\u2019est d\u00e9plac\u00e9 ce soir sur le terrain du Bayer Leverkusen, avec l\u2019objectif de d\u00e9crocher une troisi\u00e8me victoire cons\u00e9cutive en Ligue des champions. Apr\u00e8s la rencontre, remport\u00e9e sur le score de 7 buts \u00e0 2, Ousmane Demb\u00e9l\u00e9 a r\u00e9agi.<\/p>\n<p>R\u00e9dacteur<\/p>\n<p><img decoding=\"async\" width=\"76\" height=\"76\" loading=\"lazy\" src=\"https:\/\/www.europesays.com\/fr\/wp-content\/uploads\/2025\/04\/avatar-onze.webp.webp\" alt=\"Nathan Bricout\"\/><\/p>\n","protected":false},"excerpt":{"rendered":"Le Paris Saint-Germain \u00e9tait en d\u00e9placement sur le terrain du Bayer Leverkusen ce soir. L&rsquo;objectif des champions d&rsquo;Europe&hellip;\n","protected":false},"author":2,"featured_media":481170,"comment_status":"","ping_status":"","sticky":false,"template":"","format":"standard","meta":{"footnotes":""},"categories":[2820],"tags":[1111,11,7151,1777,674,1011,27,775,447,12,25,640],"class_list":{"0":"post-481169","1":"post","2":"type-post","3":"status-publish","4":"format-standard","5":"has-post-thumbnail","7":"category-strasbourg","8":"tag-actu","9":"tag-actualites","10":"tag-coupe-du-monde-des-clubs","11":"tag-eu","12":"tag-europe","13":"tag-fr","14":"tag-france","15":"tag-grand-est","16":"tag-ligue-des-champions","17":"tag-news","18":"tag-republique-francaise","19":"tag-strasbourg"},"share_on_mastodon":{"url":"https:\/\/pubeurope.com\/@fr\/115415997821517951","error":""},"_links":{"self":[{"href":"https:\/\/www.europesays.com\/fr\/wp-json\/wp\/v2\/posts\/481169","targetHints":{"allow":["GET"]}}],"collection":[{"href":"https:\/\/www.europesays.com\/fr\/wp-json\/wp\/v2\/posts"}],"about":[{"href":"https:\/\/www.europesays.com\/fr\/wp-json\/wp\/v2\/types\/post"}],"author":[{"embeddable":true,"href":"https:\/\/www.europesays.com\/fr\/wp-json\/wp\/v2\/users\/2"}],"replies":[{"embeddable":true,"href":"https:\/\/www.europesays.com\/fr\/wp-json\/wp\/v2\/comments?post=481169"}],"version-history":[{"count":0,"href":"https:\/\/www.europesays.com\/fr\/wp-json\/wp\/v2\/posts\/481169\/revisions"}],"wp:featuredmedia":[{"embeddable":true,"href":"https:\/\/www.europesays.com\/fr\/wp-json\/wp\/v2\/media\/481170"}],"wp:attachment":[{"href":"https:\/\/www.europesays.com\/fr\/wp-json\/wp\/v2\/media?parent=481169"}],"wp:term":[{"taxonomy":"category","embeddable":true,"href":"https:\/\/www.europesays.com\/fr\/wp-json\/wp\/v2\/categories?post=481169"},{"taxonomy":"post_tag","embeddable":true,"href":"https:\/\/www.europesays.com\/fr\/wp-json\/wp\/v2\/tags?post=481169"}],"curies":[{"name":"wp","href":"https:\/\/api.w.org\/{rel}","templated":true}]}}