{"id":48117,"date":"2025-04-24T02:51:21","date_gmt":"2025-04-24T02:51:21","guid":{"rendered":"https:\/\/www.europesays.com\/fr\/48117\/"},"modified":"2025-04-24T02:51:21","modified_gmt":"2025-04-24T02:51:21","slug":"apres-la-fusillade-la-police-pourra-survoler-certains-quartiers-avec-des-drones-2","status":"publish","type":"post","link":"https:\/\/www.europesays.com\/fr\/48117\/","title":{"rendered":"Apr\u00e8s la fusillade, la police pourra survoler certains quartiers avec des drones"},"content":{"rendered":"<p>La requ\u00eate de la Ligue des droits de l&rsquo;homme n\u2019aura pas abouti. Saisi le 16\u00a0avril par l\u2019association apr\u00e8s l\u2019annonce de l\u2019autorisation du survol de plusieurs quartiers de <a href=\"https:\/\/www.20minutes.fr\/rennes\/\" rel=\"nofollow noopener\" class=\"color-ultramarine c-link\" target=\"_blank\">Rennes <\/a>par des drones, le tribunal administratif a donn\u00e9 raison au pr\u00e9fet. Dix jours plus t\u00f4t, Amaury de Saint-Quentin avait pris un arr\u00eat\u00e9 autorisant la captation d\u2019images a\u00e9riennes dans quatre quartiers de la capitale bretonne. L\u2019objectif \u00e9tait clair\u00a0: lutter contre le <a href=\"https:\/\/www.20minutes.fr\/dossier\/trafic_de_drogue\" class=\"color-ultramarine c-link\" target=\"_blank\" rel=\"noopener\">trafic de stup\u00e9fiants<\/a> en fournissant aux enqu\u00eateurs de la police un moyen de surveillance discret.<\/p>\n<p>La Ligue des droits de l&rsquo;homme ignorait alors qu\u2019un violent \u00e9pisode de r\u00e8glement de comptes allait secouer toute une ville. Le 17 avril, des tirs \u00e0 la kalachnikov<a href=\"https:\/\/www.20minutes.fr\/faits_divers\/faits-divers-rennes\/4149294-20250418-rennes-trois-individus-interpelles-apres-fusillade-kalachnikov\" class=\"color-ultramarine c-link\" target=\"_blank\" rel=\"noopener\"> ont retenti dans un restaurant Subway <\/a>de la dalle Kennedy, dans le quartier Villejean. Trois hommes ont \u00e9t\u00e9 bless\u00e9s par ces tirs et un quatri\u00e8me a \u00e9t\u00e9 renvers\u00e9 par la voiture des tireurs. Quatre hommes soup\u00e7onn\u00e9s d\u2019avoir particip\u00e9 \u00e0 ce raid <a href=\"https:\/\/www.20minutes.fr\/faits_divers\/faits-divers-rennes\/4149699-20250422-rennes-determination-extreme-quatre-suspects-fusillade-prison\" class=\"color-ultramarine c-link\" target=\"_blank\" rel=\"noopener\">ont depuis \u00e9t\u00e9 mis en examen et \u00e9crou\u00e9s<\/a>.<\/p>\n<\/p>\n<p>Avant m\u00eame ces tirs <a href=\"https:\/\/www.20minutes.fr\/faits_divers\/faits-divers-rennes\/4149321-20250418-rennes-jeunes-criaient-temoin-fusillade-subway-elu-raconte-violence-scene\" class=\"color-ultramarine c-link\" target=\"_blank\" rel=\"noopener\">qui ont r\u00e9sonn\u00e9 sous les yeux de plusieurs \u00e9lus<\/a>, la justice fran\u00e7aise avait donn\u00e9 raison au pr\u00e9fet. La police se doutait bien que quelque chose allait se produire\u00a0: le 14\u00a0avril, un groupe pilot\u00e9 depuis la r\u00e9gion parisienne avait \u00ab\u00a0perdu\u00a0\u00bb son point de deal de la dalle. \u00ab\u00a0Evinc\u00e9 par\u00a0le groupe des Villejeannais\u00a0\u00bb, avait expliqu\u00e9 le procureur de la R\u00e9publique, pr\u00e9cisant que \u00ab\u00a0plusieurs jours d\u2019assauts violents\u00a0\u00bb avaient \u00e9t\u00e9 n\u00e9cessaires pour d\u00e9loger les dealers ext\u00e9rieurs au quartier.<\/p>\n<p>Les cam\u00e9ras au sol sont d\u00e9grad\u00e9es<\/p>\n<p>Le pr\u00e9fet avait d\u00e9fendu ses arr\u00eat\u00e9s, expliquant que le p\u00e9rim\u00e8tre retenu \u00e9tait \u00ab\u00a0coh\u00e9rent avec les lieux identifi\u00e9s comme points de deal\u00a0\u00bb. Et que le survol des drones permettait \u00ab\u00a0d\u2019accompagner et de s\u00e9curiser l\u2019action des services de police\u00a0\u00bb. Et les cam\u00e9ras de vid\u00e9osurveillance au sol\u00a0? \u00ab\u00a0Elles font l\u2019objet de d\u00e9gradations d\u00e9sormais syst\u00e9matiques\u00a0\u00bb, r\u00e9pond la pr\u00e9fecture. Lors d\u2019un violent \u00e9pisode de tirs \u00e0 l\u2019arme lourde sur la dalle Kennedy en janvier dernier, un \u00ab\u00a0bug\u00a0\u00bb <a href=\"https:\/\/www.20minutes.fr\/rennes\/4132424-20250107-rennes-apres-tirs-pleine-journee-police-privee-images-videosurveillance-cause-bug\" class=\"color-ultramarine c-link\" target=\"_blank\" rel=\"noopener\">avait emp\u00each\u00e9 les enqu\u00eateurs de disposer des images<\/a> de vid\u00e9osurveillance de la ville.<\/p>\n<p>Les survols concernaient les secteurs de Villejean, Beauregard, Cleunay, Bourg-l\u2019Ev\u00eaque, Maurepas, La Bellangerais et du centre-ville. La requ\u00eate de la Ligue des droits de l&rsquo;homme a donc \u00e9t\u00e9 rejet\u00e9e, autorisant la police \u00e0 utiliser des drones jusqu\u2019\u00e0 la fin du mois d\u2019avril.<\/p>\n","protected":false},"excerpt":{"rendered":"La requ\u00eate de la Ligue des droits de l&rsquo;homme n\u2019aura pas abouti. Saisi le 16\u00a0avril par l\u2019association apr\u00e8s&hellip;\n","protected":false},"author":2,"featured_media":48118,"comment_status":"","ping_status":"","sticky":false,"template":"","format":"standard","meta":{"footnotes":""},"categories":[2821],"tags":[1111,47,11,6376,829,564,1777,674,118,7641,1011,27,3832,848,303,10909,12,1072,8916,584,25,4377,887,3693],"class_list":{"0":"post-48117","1":"post","2":"type-post","3":"status-publish","4":"format-standard","5":"has-post-thumbnail","7":"category-rennes","8":"tag-actu","9":"tag-actualite","10":"tag-actualites","11":"tag-armes","12":"tag-bretagne","13":"tag-drone","14":"tag-eu","15":"tag-europe","16":"tag-faits-divers","17":"tag-faits-divers-rennes","18":"tag-fr","19":"tag-france","20":"tag-fusillade","21":"tag-ille-et-vilaine","22":"tag-justice","23":"tag-kalachnikov","24":"tag-news","25":"tag-police","26":"tag-prefecture","27":"tag-rennes","28":"tag-republique-francaise","29":"tag-stupefiant","30":"tag-trafic-de-drogue","31":"tag-tribunal"},"share_on_mastodon":{"url":"https:\/\/pubeurope.com\/@fr\/114390675279338106","error":""},"_links":{"self":[{"href":"https:\/\/www.europesays.com\/fr\/wp-json\/wp\/v2\/posts\/48117","targetHints":{"allow":["GET"]}}],"collection":[{"href":"https:\/\/www.europesays.com\/fr\/wp-json\/wp\/v2\/posts"}],"about":[{"href":"https:\/\/www.europesays.com\/fr\/wp-json\/wp\/v2\/types\/post"}],"author":[{"embeddable":true,"href":"https:\/\/www.europesays.com\/fr\/wp-json\/wp\/v2\/users\/2"}],"replies":[{"embeddable":true,"href":"https:\/\/www.europesays.com\/fr\/wp-json\/wp\/v2\/comments?post=48117"}],"version-history":[{"count":0,"href":"https:\/\/www.europesays.com\/fr\/wp-json\/wp\/v2\/posts\/48117\/revisions"}],"wp:featuredmedia":[{"embeddable":true,"href":"https:\/\/www.europesays.com\/fr\/wp-json\/wp\/v2\/media\/48118"}],"wp:attachment":[{"href":"https:\/\/www.europesays.com\/fr\/wp-json\/wp\/v2\/media?parent=48117"}],"wp:term":[{"taxonomy":"category","embeddable":true,"href":"https:\/\/www.europesays.com\/fr\/wp-json\/wp\/v2\/categories?post=48117"},{"taxonomy":"post_tag","embeddable":true,"href":"https:\/\/www.europesays.com\/fr\/wp-json\/wp\/v2\/tags?post=48117"}],"curies":[{"name":"wp","href":"https:\/\/api.w.org\/{rel}","templated":true}]}}