{"id":481186,"date":"2025-10-22T04:53:16","date_gmt":"2025-10-22T04:53:16","guid":{"rendered":"https:\/\/www.europesays.com\/fr\/481186\/"},"modified":"2025-10-22T04:53:16","modified_gmt":"2025-10-22T04:53:16","slug":"une-seconde-sortie-a-ete-creee","status":"publish","type":"post","link":"https:\/\/www.europesays.com\/fr\/481186\/","title":{"rendered":"une seconde sortie a \u00e9t\u00e9 cr\u00e9\u00e9e"},"content":{"rendered":"<p>            Par<br \/>\n        <strong><br \/>\n            <a href=\"https:\/\/actu.fr\/auteur\/margot-nicodeme\" title=\"Consulter tous les articles de Margot Nicod\u00e8me\" rel=\"nofollow noopener\" target=\"_blank\">Margot Nicod\u00e8me<\/a><br \/>\n        <\/strong><\/p>\n<p>        Publi\u00e9 le<\/p>\n<p>            22 oct. 2025 \u00e0 6h30        <\/p>\n<p>Il aura fallu<b> un an <\/b>pour<b> mettre en place une solution<\/b>, et <b>les d\u00e9marches arrivent \u00e0 leur terme<\/b>. Le Super U de <a href=\"https:\/\/actu.fr\/hauts-de-france\/la-madeleine_59368\" rel=\"nofollow noopener\" target=\"_blank\">La Madeleine<\/a> (Nord) a enfin <b>une seconde sortie<\/b> sur son site, apr\u00e8s 2 ans et demi d\u2019existence, et presque autant de temps <b>d\u2019embouteillages sur son parking<\/b>. \u00c7a ne manquait jamais : les voitures \u00e0 l\u2019arr\u00eat s\u2019accumulaient aux abords du supermarch\u00e9 aux heures de pointe, alors que <b>l\u2019entr\u00e9e et la sortie se faisaient par un m\u00eame acc\u00e8s<\/b>, au croisement de la rue Gustave-Scrive. Ce probl\u00e8me de congestion, \u00ab\u00a0c\u2019\u00e9tait le principal grief\u00a0\u00bb <a href=\"https:\/\/actu.fr\/hauts-de-france\/la-madeleine_59368\/la-madeleine-victime-de-son-succes-le-super-u-fait-face-a-des-embouteillages-sur-son-parking_62220424.html\" rel=\"nofollow noopener\" target=\"_blank\">au sujet de ce commerce en pleine croissance<\/a>, reconna\u00eet son directeur, Guillaume Dumarch\u00e9. <b>Depuis le 17 octobre 2025, fini la congestion<\/b> : une seconde sortie fluidifie la circulation.<\/p>\n<p>    <img   decoding=\"async\" loading=\"lazy\" class=\"size-large\" src=\"https:\/\/www.europesays.com\/fr\/wp-content\/uploads\/2025\/10\/a7e19557a7f864ce19557a7f830f19v-960x640.jpg\" alt=\"Une rampe qui va largement fluidifier la circulation des v\u00e9hicules sur le parking.\" width=\"960\" height=\"640\"\/><br \/>\n    Une rampe qui va largement fluidifier la circulation des v\u00e9hicules sur le parking. \u00a9Margot Nicod\u00e8meAuparavant, 20, 25 minutes d\u2019embouteillages : une nouvelle sortie au Super U de La Madeleine<\/p>\n<p class=\" wall-content\">C\u2019\u00e9tait la ran\u00e7on du succ\u00e8s, pour ce supermarch\u00e9 <a href=\"https:\/\/actu.fr\/hauts-de-france\/la-madeleine_59368\/decouvrez-la-construction-du-nouveau-super-u-de-la-madeleine-dans-capital-sur-m6_58593115.html\" rel=\"nofollow noopener\" target=\"_blank\">construit en 2022, et ouvert en mars 2023<\/a>. Avant m\u00eame qu\u2019il ne sorte de terre, <b>l\u2019installation d\u2019une seconde sortie sur son parking avait \u00e9t\u00e9 \u00e9voqu\u00e9e <\/b>dans les nombreuses \u00e9tudes \u00e0 fournir \u00e0 la <a href=\"https:\/\/actu.fr\/tag\/metropole-europeenne-de-lille\" rel=\"nofollow noopener\" target=\"_blank\">M\u00e9tropole europ\u00e9enne de Lille<\/a>. Mais il avait finalement <b>\u00e9t\u00e9 jug\u00e9 qu\u2019elle n\u2019\u00e9tait pas n\u00e9cessaire<\/b>, apr\u00e8s analyse du chiffre d\u2019affaires pr\u00e9visionnel, et donc du flux de voitures estim\u00e9. <b>C\u2019\u00e9tait sans compter sur l\u2019engouement imm\u00e9diat <\/b>des m\u00e9tropolitains.<\/p>\n<p class=\" wall-content\">\u00ab\u00a0On a donc lanc\u00e9 l\u2019activit\u00e9, avant de s\u2019apercevoir que cela pouvait prendre effectivement 20, 25 minutes pour sortir du magasin\u00a0\u00bb, explique le directeur. Le vendredi soir, en heure de pointe, ce sont 200 \u00e0 250 v\u00e9hicules qui transitent sur le parking du Super U en une heure. 300 en moyenne le samedi, chiffre qui monte jusqu\u2019\u00e0 450 si l\u2019on prend en compte les utilisateurs de la station service.<\/p>\n<p>    <img   decoding=\"async\" loading=\"lazy\" class=\"size-large\" src=\"https:\/\/www.europesays.com\/fr\/wp-content\/uploads\/2025\/10\/25ea7557a7f869aea7557a7f8beea7v-960x640.jpg\" alt=\"Autrefois, en heure de pointe, il n'\u00e9tait pas rare de mettre 20 \u00e0 25 minutes pour sortir par l'unique acc\u00e8s au Super U de La Madeleine. Voici la solution : la seconde sortie.\" width=\"960\" height=\"640\"\/><br \/>\n    Autrefois, en heure de pointe, il n\u2019\u00e9tait pas rare de mettre 20 \u00e0 25 minutes pour sortir par l\u2019unique acc\u00e8s au Super U de La Madeleine. Voici la solution : la seconde sortie. \u00a9Margot Nicod\u00e8me<\/p>\n<p class=\" wall-content\">\u00ab\u00a0La premi\u00e8re \u00e9tape, rappelle Guillaume Dumarch\u00e9, a \u00e9t\u00e9 <b>d\u2019optimiser les feux<\/b>.\u00a0\u00bb Celui \u00e0 la sortie du parking, c\u00f4t\u00e9 station service, et ceux de l\u2019art\u00e8re principale, sur la rue Gustave-Scrive. Avec le concours de la MEL, ils ont \u00e9t\u00e9 adapt\u00e9s pour fluidifier la sortie du Super U. Mais cela n\u2019a pas suffi. La solution de cr\u00e9er un second acc\u00e8s, cette fois par le fond du site, du c\u00f4t\u00e9 d\u2019Animalis, est revenue sur la table. Une longue proc\u00e9dure commen\u00e7ait alors, \u00e0 l\u2019automne 2024.\u00a0<\/p>\n<p class=\" wall-content\">\u00ab\u00a0Il a fallu d\u00e9poser un permis d\u2019am\u00e9nager, attendre la fin du d\u00e9lai de recours, trouver les artisans, voir leur disponibilit\u00e9\u2026\u00a0\u00bb, \u00e9num\u00e8re le directeur. Et la sortie par le fond, bien qu\u2019il reste des d\u00e9tails \u00e0 finaliser, est <b>op\u00e9rationnelle depuis le 17 octobre<\/b>.\u00a0<\/p>\n<p>Votre r\u00e9gion, votre actu !<\/p>\n<p>Recevez chaque jour les infos qui comptent pour vous.<\/p>\n<p>\t<a href=\"https:\/\/actu.fr\/newsletter\" class=\"ac-btn ac-btn--corner ac-btn--medium ac-btn--blue800\" rel=\"nofollow noopener\" target=\"_blank\">S&rsquo;incrire<\/a><br \/>\nUn magasin qui poursuit sa croissance<\/p>\n<p class=\" wall-content\">Elle donne sur la portion \u00e0 sens unique de la rue Gustave-Scrive. Ce tron\u00e7on de la rue, qui n\u2019autorise que les voitures \u00e0 descendre, est r\u00e9serv\u00e9e aux riverains. Ainsi, les clients du Super U doivent tourner \u00e0 gauche, et parcourir quelques m\u00e8tres seulement (avec un feu au bout) avant de rejoindre l\u2019axe principal de la rue Gustave-Scrive, qui relie \u00e0 Marcq-en-Bar\u0153ul.\u00a0<\/p>\n<p>    <img   decoding=\"async\" loading=\"lazy\" class=\"size-large\" src=\"https:\/\/www.europesays.com\/fr\/wp-content\/uploads\/2025\/10\/46e36557a7f861be36557a7f8fee36v-960x640.jpg\" alt=\"La sortie par le fond a \u00e9t\u00e9 mise en service le 17 octobre.\" width=\"960\" height=\"640\"\/><br \/>\n    La sortie par le fond a \u00e9t\u00e9 mise en service le 17 octobre. \u00a9Margot Nicod\u00e8me<br \/>\n    <img   decoding=\"async\" loading=\"lazy\" class=\"size-large\" src=\"https:\/\/www.europesays.com\/fr\/wp-content\/uploads\/2025\/10\/fc154557a7f86f0254557a7f8c4254v-960x640.jpg\" alt=\"La nouvelle sortie donne sur cette courte portion de la rue Gustave-Scrive, \u00e0 sens unique et r\u00e9serv\u00e9e aux riverains.\" width=\"960\" height=\"640\"\/><br \/>\n    La nouvelle sortie donne sur cette courte portion de la rue Gustave-Scrive, \u00e0 sens unique et r\u00e9serv\u00e9e aux riverains. \u00a9Margot Nicod\u00e8me<\/p>\n<p class=\" wall-content\">De quoi rendre plus agr\u00e9able encore l\u2019exp\u00e9rience des acheteurs, toujours plus nombreux. \u00ab\u00a0On gagne en clients \u00e0 chaque retour de vacances scolaires, glisse Guillaume Dumarch\u00e9. Le magasin poursuit sa croissance.\u00a0\u00bb<\/p>\n<p>    <img   decoding=\"async\" loading=\"lazy\" class=\"size-large\" src=\"https:\/\/www.europesays.com\/fr\/wp-content\/uploads\/2025\/10\/50bf3858a7f8644bf3858a7f818bf3v-960x640.jpg\" alt=\"Le supermarch\u00e9 continue sa croissante, 2 ans et demi apr\u00e8s son ouverture.\" width=\"960\" height=\"640\"\/><br \/>\n    Le supermarch\u00e9 continue sa croissante, 2 ans et demi apr\u00e8s son ouverture. \u00a9Margot Nicod\u00e8me<\/p>\n<p class=\" wall-content\">Le Super U madeleinois attire principalement les habitants de La Madeleine et de Marcq, mais s\u00e9duit jusqu\u2019au Vieux-Lille et jusqu\u2019\u00e0 Bondues. Sans oublier Marquette et Saint-Andr\u00e9. Et le directeur l\u2019assure : des investissements sont sans cesse r\u00e9alis\u00e9s, pour continuer sur cette belle lanc\u00e9e.\u00a0<\/p>\n<p class=\" wall-content\">Personnalisez votre actualit\u00e9 en ajoutant vos villes et m\u00e9dias en favori avec <a href=\"https:\/\/moncompte.actu.fr\" title=\"D\u00e9couvez Mon Actu\" rel=\"nofollow noopener\" data-trk=\"{&quot;cta&quot;:{&quot;action&quot;:&quot;https:\\\/\\\/moncompte.actu.fr&quot;,&quot;category&quot;:&quot;mon compte&quot;,&quot;from&quot;:&quot;article footer&quot;,&quot;name&quot;:&quot;Mon actu&quot;,&quot;type&quot;:&quot;cta&quot;}}\" target=\"_blank\">Mon Actu<\/a>.<\/p>\n","protected":false},"excerpt":{"rendered":"Par Margot Nicod\u00e8me Publi\u00e9 le 22 oct. 2025 \u00e0 6h30 Il aura fallu un an pour mettre en&hellip;\n","protected":false},"author":2,"featured_media":481187,"comment_status":"","ping_status":"","sticky":false,"template":"","format":"standard","meta":{"footnotes":""},"categories":[2815],"tags":[1111,11,646,215,1777,674,1011,27,811,1307,12,25,104,2086],"class_list":{"0":"post-481186","1":"post","2":"type-post","3":"status-publish","4":"format-standard","5":"has-post-thumbnail","7":"category-lille","8":"tag-actu","9":"tag-actualites","10":"tag-automobile","11":"tag-commerce","12":"tag-eu","13":"tag-europe","14":"tag-fr","15":"tag-france","16":"tag-hauts-de-france","17":"tag-lille","18":"tag-news","19":"tag-republique-francaise","20":"tag-societe","21":"tag-travaux"},"share_on_mastodon":{"url":"https:\/\/pubeurope.com\/@fr\/115416033877301975","error":""},"_links":{"self":[{"href":"https:\/\/www.europesays.com\/fr\/wp-json\/wp\/v2\/posts\/481186","targetHints":{"allow":["GET"]}}],"collection":[{"href":"https:\/\/www.europesays.com\/fr\/wp-json\/wp\/v2\/posts"}],"about":[{"href":"https:\/\/www.europesays.com\/fr\/wp-json\/wp\/v2\/types\/post"}],"author":[{"embeddable":true,"href":"https:\/\/www.europesays.com\/fr\/wp-json\/wp\/v2\/users\/2"}],"replies":[{"embeddable":true,"href":"https:\/\/www.europesays.com\/fr\/wp-json\/wp\/v2\/comments?post=481186"}],"version-history":[{"count":0,"href":"https:\/\/www.europesays.com\/fr\/wp-json\/wp\/v2\/posts\/481186\/revisions"}],"wp:featuredmedia":[{"embeddable":true,"href":"https:\/\/www.europesays.com\/fr\/wp-json\/wp\/v2\/media\/481187"}],"wp:attachment":[{"href":"https:\/\/www.europesays.com\/fr\/wp-json\/wp\/v2\/media?parent=481186"}],"wp:term":[{"taxonomy":"category","embeddable":true,"href":"https:\/\/www.europesays.com\/fr\/wp-json\/wp\/v2\/categories?post=481186"},{"taxonomy":"post_tag","embeddable":true,"href":"https:\/\/www.europesays.com\/fr\/wp-json\/wp\/v2\/tags?post=481186"}],"curies":[{"name":"wp","href":"https:\/\/api.w.org\/{rel}","templated":true}]}}