{"id":481195,"date":"2025-10-22T04:58:18","date_gmt":"2025-10-22T04:58:18","guid":{"rendered":"https:\/\/www.europesays.com\/fr\/481195\/"},"modified":"2025-10-22T04:58:18","modified_gmt":"2025-10-22T04:58:18","slug":"la-metropole-de-lyon-doit-verser-plus-de-11-000-euros-au-proprietaire-de-cette-maison","status":"publish","type":"post","link":"https:\/\/www.europesays.com\/fr\/481195\/","title":{"rendered":"la M\u00e9tropole de Lyon doit verser plus de 11\u00a0000\u00a0euros au propri\u00e9taire de cette maison"},"content":{"rendered":"<p>Souvenez-vous\u00a0! Lorsque Le Progr\u00e8s a commenc\u00e9 \u00e0 vous raconter son histoire, Yannis Yahoui bataillait pour r\u00e9cup\u00e9rer les cl\u00e9s de sa maison\u00a0: le 402 cours \u00c9mile-Zola \u00e0 Villeurbanne. Tout a commenc\u00e9 en 2019. Alors qu\u2019il s\u2019appr\u00eatait \u00e0 acheter cette maison qui borde le p\u00e9riph\u00e9rique, la M\u00e9tropole de Lyon l\u2019a pr\u00e9empt\u00e9e. Le propri\u00e9taire d\u00e9chu a saisi le tribunal, qui a statu\u00e9 en 2021\u00a0: l\u2019arr\u00eat\u00e9 de pr\u00e9emption de la M\u00e9tropole, jug\u00e9 ill\u00e9gal, a \u00e9t\u00e9 annul\u00e9.<\/p>\n<p>La collectivit\u00e9 a interjet\u00e9 appel. Sans succ\u00e8s\u00a0: en 2022, la Cour d\u2019appel a \ufeffdonn\u00e9 raison \u00e0 Yannis Yahoui. Depuis, on pensait que tout \u00e9tait rentr\u00e9 dans l\u2019ordre. Mais, le mois dernier, le tribunal administratif de Lyon a, \u00e0 nouveau, \u00e9tudi\u00e9 ce dossier.<\/p>\n<p>Le propri\u00e9taire estimait le montant des pr\u00e9judices \u00e0 plus de 315\u00a0000\u00a0euros<\/p>\n<p>En 2023, le propri\u00e9taire a demand\u00e9 r\u00e9paration des pr\u00e9judices subis. Des pr\u00e9judices estim\u00e9s&#8230;<\/p>\n","protected":false},"excerpt":{"rendered":"Souvenez-vous\u00a0! Lorsque Le Progr\u00e8s a commenc\u00e9 \u00e0 vous raconter son histoire, Yannis Yahoui bataillait pour r\u00e9cup\u00e9rer les cl\u00e9s&hellip;\n","protected":false},"author":2,"featured_media":481196,"comment_status":"","ping_status":"","sticky":false,"template":"","format":"standard","meta":{"footnotes":""},"categories":[1889],"tags":[1111,11,2430,2757,1777,674,274,107,1011,27,1908,2428,12,25,2429,104,6345,6346],"class_list":{"0":"post-481195","1":"post","2":"type-post","3":"status-publish","4":"format-standard","5":"has-post-thumbnail","7":"category-lyon","8":"tag-actu","9":"tag-actualites","10":"tag-auvergne-rhone-alpes","11":"tag-edition-lyon-villeurbanne","12":"tag-eu","13":"tag-europe","14":"tag-faits-divers-justice","15":"tag-fil-info","16":"tag-fr","17":"tag-france","18":"tag-logement","19":"tag-lyon","20":"tag-news","21":"tag-republique-francaise","22":"tag-rhone","23":"tag-societe","24":"tag-villeurbanne","25":"tag-villeurbanne-bassin"},"share_on_mastodon":{"url":"https:\/\/pubeurope.com\/@fr\/115416052746278935","error":""},"_links":{"self":[{"href":"https:\/\/www.europesays.com\/fr\/wp-json\/wp\/v2\/posts\/481195","targetHints":{"allow":["GET"]}}],"collection":[{"href":"https:\/\/www.europesays.com\/fr\/wp-json\/wp\/v2\/posts"}],"about":[{"href":"https:\/\/www.europesays.com\/fr\/wp-json\/wp\/v2\/types\/post"}],"author":[{"embeddable":true,"href":"https:\/\/www.europesays.com\/fr\/wp-json\/wp\/v2\/users\/2"}],"replies":[{"embeddable":true,"href":"https:\/\/www.europesays.com\/fr\/wp-json\/wp\/v2\/comments?post=481195"}],"version-history":[{"count":0,"href":"https:\/\/www.europesays.com\/fr\/wp-json\/wp\/v2\/posts\/481195\/revisions"}],"wp:featuredmedia":[{"embeddable":true,"href":"https:\/\/www.europesays.com\/fr\/wp-json\/wp\/v2\/media\/481196"}],"wp:attachment":[{"href":"https:\/\/www.europesays.com\/fr\/wp-json\/wp\/v2\/media?parent=481195"}],"wp:term":[{"taxonomy":"category","embeddable":true,"href":"https:\/\/www.europesays.com\/fr\/wp-json\/wp\/v2\/categories?post=481195"},{"taxonomy":"post_tag","embeddable":true,"href":"https:\/\/www.europesays.com\/fr\/wp-json\/wp\/v2\/tags?post=481195"}],"curies":[{"name":"wp","href":"https:\/\/api.w.org\/{rel}","templated":true}]}}