{"id":481199,"date":"2025-10-22T05:01:15","date_gmt":"2025-10-22T05:01:15","guid":{"rendered":"https:\/\/www.europesays.com\/fr\/481199\/"},"modified":"2025-10-22T05:01:15","modified_gmt":"2025-10-22T05:01:15","slug":"a-creteil-cette-appli-originale-aide-les-femmes-en-matiere-de-sante-gynecologique","status":"publish","type":"post","link":"https:\/\/www.europesays.com\/fr\/481199\/","title":{"rendered":"\u00e0 Cr\u00e9teil, cette appli originale aide les femmes en mati\u00e8re de sant\u00e9 gyn\u00e9cologique"},"content":{"rendered":"<p>            Par<br \/>\n        <strong><br \/>\n            <a href=\"https:\/\/actu.fr\/auteur\/antoine-grotteria02\" title=\"Consulter tous les articles de Antoine Grotteria\" target=\"_blank\" rel=\"noopener\">Antoine Grotteria<\/a><br \/>\n        <\/strong><\/p>\n<p>        Publi\u00e9 le<\/p>\n<p>            22 oct. 2025 \u00e0 6h42        <\/p>\n<p>Des droits souvent ignor\u00e9s, un acc\u00e8s \u00e0 l\u2019information d\u00e9faillant, des ressentis fr\u00e9quemment r\u00e9prim\u00e9s\u2026 Pour les femmes, la <strong>sant\u00e9 gyn\u00e9cologique et sexuelle<\/strong> repr\u00e9sente <a href=\"https:\/\/actu.fr\/societe\/temoignages-gynecologie-pourquoi-les-jeunes-femmes-delaissent-les-consultations_48458464.html\" target=\"_blank\" rel=\"noopener\">un chemin sem\u00e9 de pi\u00e8ges<\/a>. Cons\u00e9quence, le <strong>renoncement aux soins<\/strong> reste encore substantiel, notamment chez les jeunes. D\u2019apr\u00e8s un sondage r\u00e9alis\u00e9 en 2022 par l\u2019institut Ifop pour la plateforme Qare, <strong>31\u2009%<\/strong> des femmes \u00e2g\u00e9es de 18 \u00e0 24\u00a0ans ont d\u00e9clar\u00e9 n\u2019avoir <strong>jamais consult\u00e9 un <a href=\"https:\/\/actu.fr\/societe\/endometriose-cinq-questions-au-professeur-pierre-collinet-chirurgien-gynecologue-a-lille_48149878.html\" target=\"_blank\" rel=\"noopener\">gyn\u00e9cologue<\/a><\/strong>, soit presque un tiers de cette cat\u00e9gorie pourtant confront\u00e9e au premier chef \u00e0 ces th\u00e9matiques de <strong>sant\u00e9 publique<\/strong>.<br \/>Malgr\u00e9 l\u2019acuit\u00e9 de cette probl\u00e9matique, les initiatives adress\u00e9es aux adolescentes et aux \u00e9tudiantes restent marginales. C\u2019est la raison pour laquelle <strong>quatre \u00e9tudiantes<\/strong> de <a href=\"https:\/\/actu.fr\/ile-de-france\/creteil_94028\/une-de-mes-priorites-est-la-justice-sociale-la-nouvelle-presidente-de-l-universite-de-creteil-fixe-son-cap_63266081.html\" target=\"_blank\" rel=\"noopener\">l\u2019universit\u00e9 Paris-Est Cr\u00e9teil<\/a> (Upec), Ma\u00ebliss Vallet, S\u00e9gol\u00e8ne Thomas, Camille Lesquer et Jeanne Mazu\u00e9, ont d\u00e9cid\u00e9 de combler les lacunes en lan\u00e7ant <strong>Gynette<\/strong>. Lanc\u00e9e le 18\u00a0septembre 2025, cette <strong>application gratuite<\/strong> sur la sant\u00e9 sexuelle et gyn\u00e9cologique des femmes revendique d\u00e9j\u00e0 plus de <strong>3000 utilisatrices<\/strong>. Un nombre en constante progression qui confirme l\u2019int\u00e9r\u00eat du sujet.<\/p>\n<p>Donn\u00e9es scientifiques, carte, conseils\u2026<\/p>\n<p class=\" wall-content\">\u00ab\u2009Cela concerne toutes les femmes, quel que soit le milieu social et culturel. Les femmes ont besoin d\u2019avoir des <strong>informations pratiques<\/strong> sur leur parcours\u2009\u00bb, explique \u00e0 actu Paris, mardi 21\u00a0octobre 2025, l\u2019une des cofondatrices, S\u00e9gol\u00e8ne Thomas, 25\u00a0ans, au troisi\u00e8me \u00e9tage de la Maison de l\u2019innovation et de l\u2019entrepreneuriat \u00e9tudiant (MIEE) de l\u2019Upec (Val-de-Marne), o\u00f9 sont phosphor\u00e9s les projets port\u00e9s par les \u00e9tudiants.<\/p>\n<p class=\" wall-content\">Des r\u00e8gles menstruelles \u00e0 <a href=\"https:\/\/actu.fr\/societe\/endometriose-symptomes-diagnostic-traitement-huit-questions-sur-cette-maladie-qui-touche-1-femme-sur-10_60841656.html\" target=\"_blank\" rel=\"noopener\">l\u2019endom\u00e9triose<\/a>, en passant par la <a href=\"https:\/\/actu.fr\/ile-de-france\/paris_75056\/c-est-historique-a-paris-les-feministes-fetent-l-inscription-de-l-ivg-dans-la-constitution_60778374.html\" target=\"_blank\" rel=\"noopener\">contraception<\/a>, l\u2019application contient une s\u00e9rie d\u2019informations concr\u00e8tes destin\u00e9es \u00e0 un usage pratique.<\/p>\n<blockquote class=\"ac-article-quote wall-content\">\n<p>\u00ab\u00a0Nous travaillons avec une quinzaine de scientifiques, \u00e0 l&rsquo;image de m\u00e9decins, de nutritionnistes, ou encore de gyn\u00e9cologues (&#8230;) pour avoir des donn\u00e9es fiables. Nous avons \u00e9galement d\u00e9velopp\u00e9 un agenda pour les consultations et une carte interactive pour l&rsquo;offre de soins\u00a0\u00bb<\/p>\n<p>    <strong>S\u00e9gol\u00e8ne Thomas<\/strong><br \/>\n        Cofondatrice de l&rsquo;application Gynette    <\/p><\/blockquote>\n<p>    <img   decoding=\"async\" loading=\"lazy\" src=\"https:\/\/www.europesays.com\/fr\/wp-content\/uploads\/2025\/10\/gynette-application-sante-gynecologie-9-960x640.jpg\" alt=\"L'application Gynette se veut \u00eatre une synth\u00e8se de toutes les informations pratiques pour la sant\u00e9 sexuelle et gyn\u00e9cologique des femmes. \" width=\"960\" height=\"640\"\/><br \/>\n    L\u2019application Gynette se veut \u00eatre une synth\u00e8se de toutes les informations pratiques pour la sant\u00e9 sexuelle et gyn\u00e9cologique des femmes. (\u00a9AG\/ actu Paris)<\/p>\n<p class=\" wall-content\">La proposition r\u00e9pond \u00e0 un besoin. \u00ab\u2009Moi-m\u00eame, je ne suis pas un cycle gyn\u00e9cologique tr\u00e8s assidu. L\u2019application me permet d\u2019\u00eatre <strong>plus \u00e0 l\u2019aise<\/strong>. Et c\u2019est important pour chaque femme, qui a un corps diff\u00e9rent, d\u2019avoir un espace pour s\u2019exprimer\u2009\u00bb, t\u00e9moigne Anna Bonnet, ex-camarade de promotion des 4 fondatrices, et d\u00e9sormais en doctorat de gestion, <strong>utilisatrice<\/strong> de l\u2019application.<\/p>\n<p>Faciliter la parole<\/p>\n<p class=\" wall-content\">Car souvent, le parcours de soins gyn\u00e9cologiques enferme les jeunes femmes dans une <strong>solitude<\/strong> p\u00e9nalisante. \u00ab\u2009J\u2019ai grandi avec deux fr\u00e8res et un p\u00e8re avec lesquels je ne parlais pas de \u00e7a. C\u2019\u00e9tait plut\u00f4t tabou\u2009\u00bb, confesse S\u00e9gol\u00e8ne Thomas. \u00ab\u2009Cela ouvre des conversations\u2009\u00bb, rench\u00e9rit Anna Bonnet, qui confesse avoir pris son premier rendez-vous gyn\u00e9cologique sans l\u2019\u00e9bruiter.<\/p>\n<p>Votre r\u00e9gion, votre actu !<\/p>\n<p>Recevez chaque jour les infos qui comptent pour vous.<\/p>\n<p>\t<a href=\"https:\/\/actu.fr\/newsletter\" class=\"ac-btn ac-btn--corner ac-btn--medium ac-btn--blue800\" target=\"_blank\" rel=\"noopener\">S&rsquo;incrire<\/a><\/p>\n<p class=\" wall-content\">Gynette pr\u00f4ne \u00e9galement la <strong>bienveillance <\/strong>et <strong>l\u2019empathie<\/strong>. Sur les r\u00e9seaux sociaux, les contenus diffus\u00e9s par l\u2019application agr\u00e8gent <strong>vid\u00e9os <\/strong>au <strong>ton l\u00e9ger<\/strong> sur -p\u00e8le m\u00eale- les rapports sexuels, l\u2019alimentation anti-inflammatoire conseill\u00e9e en cas d\u2019endom\u00e9triose. Des <strong>podcasts<\/strong> contenant des t\u00e9moignages sont \u00e9galement enregistr\u00e9s et publi\u00e9s sur l\u2019application. \u00ab\u2009Nous voulons cr\u00e9er beaucoup de contenus pour <strong>toucher tout le monde<\/strong>\u2009\u00bb, assure S\u00e9gol\u00e8ne Thomas.<\/p>\n<p class=\" wall-content\"><a href=\"https:\/\/www.instagram.com\/p\/DP1YSzACAb_\/embed\" title=\"Ouvrir le lien sur Instagram\" target=\"_blank\" rel=\"noopener\">Visualiser le contenu sur Instagram<\/a><\/p>\n<p class=\" wall-content\">Pour ce faire, les porteuses du projet, r\u00e9unies en association, ont b\u00e9n\u00e9fici\u00e9 des cr\u00e9dits allou\u00e9s par <strong>Erasme<\/strong>.<\/p>\n<blockquote class=\"ac-article-quote wall-content\">\n<p>\u00ab\u00a0Nous valorisons des projets engag\u00e9s sur le plan soci\u00e9tal et environnemental. Au total, nous avons une enveloppe de 3,3 millions d&rsquo;euros. Et il est \u00e9vident que &lsquo;Gynette&rsquo; s&rsquo;inscrit totalement dans ce que nous recherchons\u00a0\u00bb<\/p>\n<p>    <strong>Nathalie Rayssac<\/strong><br \/>\n        Cheffe de projet \u00e0 l&rsquo;Upec, charg\u00e9e de piloter les appels \u00e0 projets du programme Erasme    <\/p><\/blockquote>\n<p>Une \u00e9quipe et du budget pour se d\u00e9velopper<\/p>\n<p class=\" wall-content\">Au total, <strong>50\u2009000\u00a0euros<\/strong> ont d\u00e9j\u00e0 \u00e9t\u00e9 vers\u00e9s au budget de l\u2019association. \u00ab\u2009Le d\u00e9veloppement de l\u2019application co\u00fbte 40\u2009000 euros. Ensuite, nous devons payer l\u2019h\u00e9bergement des donn\u00e9es de sant\u00e9 sensibles, une charg\u00e9e de communication, et d\u2019autres services li\u00e9s \u00e0 la communication, comma la soir\u00e9e de lancement\u2009\u00bb, affirme S\u00e9gol\u00e8ne Thomas. Ainsi, une <strong>\u00e9quipe<\/strong> a \u00e9t\u00e9 constitu\u00e9e autour du noyau compos\u00e9 des fondatrices. L\u2019une d\u2019entre elles, Jeanne Mazu\u00e9, consacre m\u00eame l\u2019enti\u00e8ret\u00e9 de son agenda \u00e0 l\u2019application.<\/p>\n<p><img decoding=\"async\" loading=\"lazy\" src=\"https:\/\/www.europesays.com\/fr\/wp-content\/uploads\/2025\/10\/gynette-application-sante-gynecologie-12-960x640.jpg\" alt=\"Romain Aparicio, directeur ex\u00e9cutif du programme Erasme \u00e0 l'Upec, S\u00e9gol\u00e8ne Thomas, cofondatrice de \" width=\"960\" height=\"640\"\/>Romain Aparicio, directeur ex\u00e9cutif du programme Erasme \u00e0 l\u2019Upec, S\u00e9gol\u00e8ne Thomas, cofondatrice de \u00ab\u2009Gynette\u2009\u00bb, Anna Bonnet, doctorante et utilisatrice, et Nathalie Rayssac, cheffe de projet \u00e0 l\u2019Upec (de gauche \u00e0 droite). (\u00a9AG\/ actu Paris)<\/p>\n<p class=\" wall-content\">Nul doute que les prochains mois vont constituer un <strong>laboratoire<\/strong> ad hoc des volont\u00e9s d\u2019expansion de Gynette. Le budget sera bient\u00f4t cr\u00e9dit\u00e9 de 80\u2009000 euros. De quoi approfondir certaines actions ch\u00e8res aux fondatrices. Parmi elles, celles ayant trait \u00e0 <strong>l\u2019\u00e9ducation<\/strong>.<\/p>\n<blockquote class=\"ac-article-quote wall-content\">\n<p>\u00ab\u00a0Nous aimerions intervenir dans des classes pour expliquer l&rsquo;importance de ces sujets aupr\u00e8s des petites. Car le sujet reste tr\u00e8s peu abord\u00e9 \u00e0 l&rsquo;\u00e9cole\u00a0\u00bb<\/p>\n<p>    <strong>S\u00e9gol\u00e8ne Thomas<\/strong>\n            <\/p><\/blockquote>\n<p class=\" wall-content\">Selon Anna Bonnet, l\u2019application pourrait \u00e9galement \u00ab<strong>\u2009mieux r\u00e9f\u00e9rencer <\/strong>les professionnels approuv\u00e9s par la communaut\u00e9\u2009\u00bb. Et ce, alors que les <strong>violences gyn\u00e9cologiques et obst\u00e9tricales<\/strong> ont suscit\u00e9 de nombreux r\u00e9cits \u00e9difiants de la part de femmes, comme le <a href=\"https:\/\/www.haut-conseil-egalite.gouv.fr\/IMG\/pdf\/hce_les_actes_sexistes_durant_le_suivi_gynecologique_et_obstetrical_20180629.pdf\" target=\"_blank\" rel=\"noopener\">notait<\/a> en 2018 le Haut Conseil \u00e0 l\u2019\u00c9galit\u00e9 entre les femmes et hommes. Un axe \u00e0 creuser, assure la cofondatrice, qui juge la parole des femmes \u00ab\u2009fondamentale\u2009\u00bb.<\/p>\n<p class=\" wall-content\">Gynette veut \u00e9galement inciter les hommes \u00e0 s\u2019emparer de la sant\u00e9 gyn\u00e9cologique des femmes. Pour le moment, l\u2019audience reste tr\u00e8s majoritairement f\u00e9minine sur le r\u00e9seau Instagram. \u00ab\u2009Nous avons <strong>26,6\u2009% d\u2019hommes <\/strong>et <strong>73,4\u2009% de femmes<\/strong>\u2009\u00bb, indique S\u00e9gol\u00e8ne Thomas. Une donn\u00e9e qui pourrait \u00e9voluer dans les prochaines ann\u00e9es.<\/p>\n<p class=\" wall-content\">Personnalisez votre actualit\u00e9 en ajoutant vos villes et m\u00e9dias en favori avec <a href=\"https:\/\/moncompte.actu.fr\" title=\"D\u00e9couvez Mon Actu\" rel=\"nofollow noopener\" data-trk=\"{&quot;cta&quot;:{&quot;action&quot;:&quot;https:\\\/\\\/moncompte.actu.fr&quot;,&quot;category&quot;:&quot;mon compte&quot;,&quot;from&quot;:&quot;article footer&quot;,&quot;name&quot;:&quot;Mon actu&quot;,&quot;type&quot;:&quot;cta&quot;}}\" target=\"_blank\">Mon Actu<\/a>.<\/p>\n<p>                    <script async src=\"\/\/www.instagram.com\/embed.js\"><\/script><\/p>\n","protected":false},"excerpt":{"rendered":"Par Antoine Grotteria Publi\u00e9 le 22 oct. 2025 \u00e0 6h42 Des droits souvent ignor\u00e9s, un acc\u00e8s \u00e0 l\u2019information&hellip;\n","protected":false},"author":2,"featured_media":481200,"comment_status":"","ping_status":"","sticky":false,"template":"","format":"standard","meta":{"footnotes":""},"categories":[1888],"tags":[1111,1928,11,1927,6121,1777,674,1011,27,5701,12,1926,626,1925,25,71,104],"class_list":{"0":"post-481199","1":"post","2":"type-post","3":"status-publish","4":"format-standard","5":"has-post-thumbnail","7":"category-paris","8":"tag-actu","9":"tag-actu-paris","10":"tag-actualites","11":"tag-actualites-paris","12":"tag-droits-des-femmes","13":"tag-eu","14":"tag-europe","15":"tag-fr","16":"tag-france","17":"tag-innovation","18":"tag-news","19":"tag-news-paris","20":"tag-paris","21":"tag-paris-news","22":"tag-republique-francaise","23":"tag-sante","24":"tag-societe"},"share_on_mastodon":{"url":"https:\/\/pubeurope.com\/@fr\/115416065091970860","error":""},"_links":{"self":[{"href":"https:\/\/www.europesays.com\/fr\/wp-json\/wp\/v2\/posts\/481199","targetHints":{"allow":["GET"]}}],"collection":[{"href":"https:\/\/www.europesays.com\/fr\/wp-json\/wp\/v2\/posts"}],"about":[{"href":"https:\/\/www.europesays.com\/fr\/wp-json\/wp\/v2\/types\/post"}],"author":[{"embeddable":true,"href":"https:\/\/www.europesays.com\/fr\/wp-json\/wp\/v2\/users\/2"}],"replies":[{"embeddable":true,"href":"https:\/\/www.europesays.com\/fr\/wp-json\/wp\/v2\/comments?post=481199"}],"version-history":[{"count":0,"href":"https:\/\/www.europesays.com\/fr\/wp-json\/wp\/v2\/posts\/481199\/revisions"}],"wp:featuredmedia":[{"embeddable":true,"href":"https:\/\/www.europesays.com\/fr\/wp-json\/wp\/v2\/media\/481200"}],"wp:attachment":[{"href":"https:\/\/www.europesays.com\/fr\/wp-json\/wp\/v2\/media?parent=481199"}],"wp:term":[{"taxonomy":"category","embeddable":true,"href":"https:\/\/www.europesays.com\/fr\/wp-json\/wp\/v2\/categories?post=481199"},{"taxonomy":"post_tag","embeddable":true,"href":"https:\/\/www.europesays.com\/fr\/wp-json\/wp\/v2\/tags?post=481199"}],"curies":[{"name":"wp","href":"https:\/\/api.w.org\/{rel}","templated":true}]}}