{"id":481205,"date":"2025-10-22T05:04:12","date_gmt":"2025-10-22T05:04:12","guid":{"rendered":"https:\/\/www.europesays.com\/fr\/481205\/"},"modified":"2025-10-22T05:04:12","modified_gmt":"2025-10-22T05:04:12","slug":"ca-ne-lattaque-pas-elle-a-paris-une-campagne-de-pub-se-moque-gentiment-de-la-politique-danne-hidalgo","status":"publish","type":"post","link":"https:\/\/www.europesays.com\/fr\/481205\/","title":{"rendered":"\u00ab\u00a0\u00c7a ne l\u2019attaque pas elle\u00a0\u00bb\u00a0: \u00e0 Paris, une campagne de pub se moque \u00ab\u00a0gentiment\u00a0\u00bb de la politique d\u2019Anne Hidalgo"},"content":{"rendered":"<p class=\"paragraph text_align_left lp-f-body-02\">\u00ab Un projet de mobilit\u00e9 durable qui ne cr\u00e9e ni bouchon, ni plainte : Anne en a r\u00eav\u00e9, nous l\u2019avons fait. \u00bb \u00c0 cinq mois des <a href=\"https:\/\/www.leparisien.fr\/elections\/municipales\/municipales-paris\/\" target=\"_blank\" rel=\"noreferrer noopener\">\u00e9lections municipales<\/a>, le slogan pourrait presque ressembler \u00e0 celui d\u2019un tract de campagne. Dans le viseur, pour ceux qui ne l\u2019auraient pas reconnue, <a href=\"https:\/\/www.leparisien.fr\/politique\/anne-hidalgo\/\" target=\"_self\" rel=\"noopener\">la maire socialiste de Paris, Anne Hidalgo.<\/a><\/p>\n<p class=\"paragraph text_align_left lp-f-body-02\">Un message grin\u00e7ant qui s\u2019affiche dans plusieurs stations de m\u00e9tro et de RER, dans des rames mais aussi dans les rues de la capitale, depuis ce mercredi matin.<\/p>\n<p>\u00ab Si elle s\u2019\u00e9tait repr\u00e9sent\u00e9e, nous ne l\u2019aurions pas fait ! \u00bb<\/p>\n<p class=\"paragraph text_align_left lp-f-body-02\">Pas question, pour autant, de tenter de convaincre des \u00e9lecteurs potentiels. L\u2019objectif est commercial : attirer de nouveaux clients parisiens ou franciliens pour <a href=\"https:\/\/www.leparisien.fr\/environnement\/quand-les-navettes-fluviales-touristiques-de-la-seine-se-convertissent-a-lelectrique-21-09-2024-BFCBB4EOTJFSVENI7QODITDL24.php\" target=\"_self\" rel=\"noopener\">\u00ab des croisi\u00e8res sur la Seine 100 % \u00e9lectriques \u00bb.<\/a><\/p>\n<p class=\"paragraph text_align_left lp-f-body-02\">\u00c0 l\u2019origine de cette campagne de publicit\u00e9, Les Vedettes de Paris. Une compagnie de bateaux-mouches qui entend bien se servir <a href=\"https:\/\/www.leparisien.fr\/paris-75\/navettes-fluviales-a-paris-le-premier-bateau-converti-a-lelectrique-sest-lance-sur-la-seine-17-01-2023-A5RDP42XUFDMFKRQ4L64DMTMUA.php\" target=\"_self\" rel=\"noopener\">de l\u2019\u00e9lectrification de sa flotte <\/a>comme d\u2019un argument marketing.<\/p>\n<p class=\"paragraph text_align_left lp-f-body-02\">\u00ab L\u2019id\u00e9e est simple : nous avons investi des millions d\u2019euros dans cette transition et nous avons envie de le faire savoir \u00bb, l\u00e2che Julie Devernay, la directrice g\u00e9n\u00e9rale adjointe de cette entreprise, qui compte cinq bateaux, dont trois d\u00e9j\u00e0 \u00e9lectriques, \u00ab bient\u00f4t quatre \u00bb et un dernier \u00ab hybride \u00bb.<\/p>\n<p>\u00ab Un ton humoristique et gentil \u00bb<\/p>\n<p class=\"paragraph text_align_left lp-f-body-02\">Un message &#8211; d\u2019abord \u00e0 destination des Parisiens et des Franciliens &#8211; que l\u2019entreprise a voulu faire passer \u00ab avec un ton humoristique et gentil \u00bb. \u00ab \u00c7a fait partie de nos engagements de d\u00e9velopper un tourisme local, appuie Julie Devernay. Le but, c\u2019est de les interpeller et de les faire r\u00e9agir par rapport \u00e0 leur quotidien. \u00bb<\/p>\n<p class=\"paragraph text_align_left lp-f-body-02\"><a href=\"https:\/\/www.leparisien.fr\/info-paris-ile-de-france-oise\/transports\/conflits-entre-automobilistes-et-cyclistes-ces-regles-de-bonne-conduite-qui-suffiraient-a-apaiser-les-esprits-31-10-2024-FIORC6WWWNAW7E4VTKKU6L7PEQ.php\" target=\"_blank\" rel=\"noreferrer noopener\">Frictions entre automobilistes et cyclistes<\/a>, <a href=\"https:\/\/www.leparisien.fr\/paris-75\/la-baignade-dans-la-seine-prolongee-en-septembre-27-08-2025-VEBOSWSQ2ZCS5L32DUGY44AJLQ.php\" target=\"_blank\" rel=\"noreferrer noopener\">baignade dans la Seine<\/a>, travaux \u00e0 r\u00e9p\u00e9tition, embouteillages\u2026 Tout ce qui peut alimenter les d\u00e9bats au comptoir ou \u00e0 la machine \u00e0 caf\u00e9 y passe.<\/p>\n<p class=\"paragraph text_align_left lp-f-body-02\">\u00ab Le dernier chantier \u00e9colo n\u2019aura m\u00eame pas demand\u00e9 de travaux \u00bb, peut-on lire sur l\u2019une des affiches. \u00ab Pour le coup, \u00e7a ne devrait \u00e9nerver ni les cyclistes, ni les automobilistes \u00bb, annonce une autre.<\/p>\n<p><img decoding=\"async\" class=\"image \" loading=\"lazy\" src=\"https:\/\/www.europesays.com\/fr\/wp-content\/uploads\/2025\/10\/ZPHLDRAAZJDYVM22S5V62SANGM.jpg\" alt=\"Tensions entre cyclistes et automobilistes, baignade dans la Seine... Tous les sujets qui alimentent les d\u00e9bats entre Parisiens sont abord\u00e9s dans cette campagne d'affichage.\/Vedettes de Paris\" align=\"\" data-rubrique-principale=\"\" data-article-type=\"\" fetchpriority=\"auto\"\/>Tensions entre cyclistes et automobilistes, baignade dans la Seine&#8230; Tous les sujets qui alimentent les d\u00e9bats entre Parisiens sont abord\u00e9s dans cette campagne d&rsquo;affichage.\/Vedettes de Paris<\/p>\n<p class=\"paragraph text_align_left lp-f-body-02\">Les Vedettes de Paris ont aussi d\u00e9cid\u00e9 de jouer la carte Anne Hidalgo. \u00ab \u00c9lectrique, parisien, \u00e9co-responsable, et pourtant, Anne n\u2019y est pour rien \u00bb, ironise le deuxi\u00e8me slogan qui \u00e9voque l\u2019\u00e9lue. \u00ab \u00c7a ne l\u2019attaque pas elle \u00bb, d\u00e9fend d\u2019embl\u00e9e Julie Devernay. Pourtant, la directrice g\u00e9n\u00e9rale adjointe le conc\u00e8de : \u00ab Si elle s\u2019\u00e9tait repr\u00e9sent\u00e9e, nous ne l\u2019aurions pas fait ! \u00bb<\/p>\n<p>\u00ab Nous l\u2019avons voulu, ils l\u2019ont donc fait \u00bb<\/p>\n<p class=\"paragraph text_align_left lp-f-body-02\">Un humour qui fait rire jaune \u00e0 l\u2019H\u00f4tel de Ville ? Sollicit\u00e9e, la mairie r\u00e9torque, au contraire, qu\u2019elle \u00ab consid\u00e8re que toute action agissant en faveur du d\u00e9veloppement de la mobilit\u00e9 durable et contribuant \u00e0 la pr\u00e9servation de la Seine est une chose positive \u00bb.<\/p>\n<p class=\"paragraph text_align_left lp-f-body-02\">Une tirade tr\u00e8s premier degr\u00e9 qui se conclut tout de m\u00eame par une pointe d\u2019ironie : \u00ab Le sujet \u00e9tait en cours de discussion : nous l\u2019avons voulu, ils l\u2019ont donc fait. \u00bb Une mani\u00e8re de r\u00e9pondre au \u00ab Anne en a r\u00eav\u00e9, nous l\u2019avons fait \u00bb des Vedettes de Paris, tout en tentant de r\u00e9cup\u00e9rer un bout de laurier.<\/p>\n<p class=\"paragraph text_align_left lp-f-body-02\">Dans son communiqu\u00e9 de presse, la compagnie de bateaux-mouches assure vouloir montrer que \u00ab certains changements peuvent m\u00eame r\u00e9concilier les Parisiens en ne provoquant ni pol\u00e9miques, ni crispations \u00bb. Le pari sera-t-il r\u00e9ussi pour cette campagne de pub ?<\/p>\n","protected":false},"excerpt":{"rendered":"\u00ab Un projet de mobilit\u00e9 durable qui ne cr\u00e9e ni bouchon, ni plainte : Anne en a r\u00eav\u00e9,&hellip;\n","protected":false},"author":2,"featured_media":481206,"comment_status":"","ping_status":"","sticky":false,"template":"","format":"standard","meta":{"footnotes":""},"categories":[1888],"tags":[11,1777,674,1011,27,3746,1944,12,626,25],"class_list":{"0":"post-481205","1":"post","2":"type-post","3":"status-publish","4":"format-standard","5":"has-post-thumbnail","7":"category-paris","8":"tag-actualites","9":"tag-eu","10":"tag-europe","11":"tag-fr","12":"tag-france","13":"tag-futurs","14":"tag-ma-ville","15":"tag-news","16":"tag-paris","17":"tag-republique-francaise"},"share_on_mastodon":{"url":"https:\/\/pubeurope.com\/@fr\/115416076418404558","error":""},"_links":{"self":[{"href":"https:\/\/www.europesays.com\/fr\/wp-json\/wp\/v2\/posts\/481205","targetHints":{"allow":["GET"]}}],"collection":[{"href":"https:\/\/www.europesays.com\/fr\/wp-json\/wp\/v2\/posts"}],"about":[{"href":"https:\/\/www.europesays.com\/fr\/wp-json\/wp\/v2\/types\/post"}],"author":[{"embeddable":true,"href":"https:\/\/www.europesays.com\/fr\/wp-json\/wp\/v2\/users\/2"}],"replies":[{"embeddable":true,"href":"https:\/\/www.europesays.com\/fr\/wp-json\/wp\/v2\/comments?post=481205"}],"version-history":[{"count":0,"href":"https:\/\/www.europesays.com\/fr\/wp-json\/wp\/v2\/posts\/481205\/revisions"}],"wp:featuredmedia":[{"embeddable":true,"href":"https:\/\/www.europesays.com\/fr\/wp-json\/wp\/v2\/media\/481206"}],"wp:attachment":[{"href":"https:\/\/www.europesays.com\/fr\/wp-json\/wp\/v2\/media?parent=481205"}],"wp:term":[{"taxonomy":"category","embeddable":true,"href":"https:\/\/www.europesays.com\/fr\/wp-json\/wp\/v2\/categories?post=481205"},{"taxonomy":"post_tag","embeddable":true,"href":"https:\/\/www.europesays.com\/fr\/wp-json\/wp\/v2\/tags?post=481205"}],"curies":[{"name":"wp","href":"https:\/\/api.w.org\/{rel}","templated":true}]}}