{"id":481211,"date":"2025-10-22T05:07:15","date_gmt":"2025-10-22T05:07:15","guid":{"rendered":"https:\/\/www.europesays.com\/fr\/481211\/"},"modified":"2025-10-22T05:07:15","modified_gmt":"2025-10-22T05:07:15","slug":"f1-tentative-de-sabotage-de-depart-aux-usa-de-red-bull-a-lencontre-de-norris-et-mclaren","status":"publish","type":"post","link":"https:\/\/www.europesays.com\/fr\/481211\/","title":{"rendered":"F1 Tentative de sabotage de d\u00e9part, aux USA, de Red Bull, \u00e0 l&rsquo;encontre de Norris et Mclaren !?"},"content":{"rendered":"<p>C\u2019est une affaire qui reste assez floue, en F1. Apr\u00e8s l\u2019arriv\u00e9e du Grand-Prix des USA 2025, la FIA convoquait les dirigeants de l\u2019\u00e9quipe Red Bull Racing pour un probl\u00e8me li\u00e9 \u00e0 la proc\u00e9dure de pr\u00e9-d\u00e9part. Car un membre de l\u2019\u00e9quipe se serait trouv\u00e9 dans une zone dans laquelle il n\u2019avait rien \u00e0 faire, \u00e0 ce moment pr\u00e9cis. Rappel\u00e9 \u00e0 l\u2019ordre par les commissaires, il n\u2019en n\u2019aurait ensuite fait qu\u2019\u00e0 sa t\u00eate. R\u00e9sultat, 50 000 euros d\u2019amende pour l\u2019\u00e9curie autrichienne. Dont 25 000 euros avec sursis.<\/p>\n<p>Grand-Prix des USA de F1 : aurons-nous le mot de la fin ?<\/p>\n<p>Dans ses explications officielles, la FIA \u00e9tait rest\u00e9 vague, ne d\u00e9taillant pas l\u2019infraction en question. Mais vraisemblablement, l\u2019employ\u00e9 en question aurait tout bonnement tent\u00e9 de retirer une bande adh\u00e9sive pr\u00e9sente sur le muret des stands, c\u00f4t\u00e9 piste. Laquelle avait \u00e9t\u00e9 positionn\u00e9e par Mclaren, pour donner un rep\u00e8re \u00e0 son pilote, Lando Norris. Rien que le r\u00e8glement n\u2019interdise. Une action pour le moins malveillante et anti-sportive.<\/p>\n<blockquote class=\"twitter-tweet\">\n<p dir=\"ltr\" lang=\"en\">A fifth victory of the season for Max \ud83c\udfc6 Yuki gains six spots to make it a double points finish in Texas \ud83d\udc4f<\/p>\n<p>Result \ud83c\udfc1 Max P1! \ud83c\udfc6, NOR, LEC, HAM, PIA, RUS, Yuki P7 \ud83d\udc4f, HUL, BEA, ALO.<a href=\"https:\/\/twitter.com\/hashtag\/F1?src=hash&amp;ref_src=twsrc%5Etfw\" target=\"_blank\" rel=\"noopener\">#F1<\/a> || <a href=\"https:\/\/twitter.com\/hashtag\/USGP?src=hash&amp;ref_src=twsrc%5Etfw\" target=\"_blank\" rel=\"noopener\">#USGP<\/a> \ud83c\uddfa\ud83c\uddf8 <a href=\"https:\/\/t.co\/IHHs953TOh\">pic.twitter.com\/IHHs953TOh<\/a><\/p>\n<p>\u2014 Oracle Red Bull Racing (@redbullracing) <a href=\"https:\/\/twitter.com\/redbullracing\/status\/1980011112469848211?ref_src=twsrc%5Etfw\" target=\"_blank\" rel=\"noopener\">October 19, 2025<\/a><\/p>\n<\/blockquote>\n<p>Sur laquelle Laurent Mekies \u00e9tait rest\u00e9, lui aussi, assez vague. Difficile de prouver quoique ce soit, donc, dans ces conditions, puisque personne ne confirme r\u00e9ellement l\u2019information. Mais \u00e0 priori, quelqu\u2019un chez Red Bull Racing aurait bien tent\u00e9 de saboter le d\u00e9part de Lando Norris. Reste \u00e0 d\u00e9finir sur l\u2019ordre de qui. Sachant que nous voyons mal le patron tricolore de l\u2019\u00e9curie autrichienne, jouer \u00e0 ce genre de \u201cpetit\u201d jeu. Le myst\u00e8re devrait donc rester entier et \u201cl\u2019affaire\u201d, en rester l\u00e0\u2026<\/p>\n<\/p>\n<p>Article publi\u00e9 le 22\/10\/2025 \u00e0 5h45<\/p>\n<p>                                                            <script async src=\"https:\/\/platform.twitter.com\/widgets.js\" charset=\"utf-8\"><\/script><\/p>\n","protected":false},"excerpt":{"rendered":"C\u2019est une affaire qui reste assez floue, en F1. Apr\u00e8s l\u2019arriv\u00e9e du Grand-Prix des USA 2025, la FIA&hellip;\n","protected":false},"author":2,"featured_media":481212,"comment_status":"","ping_status":"","sticky":false,"template":"","format":"standard","meta":{"footnotes":""},"categories":[1589],"tags":[11,73,1866,1451,4475,12,2255,1864,1865,1863,308],"class_list":{"0":"post-481211","1":"post","2":"type-post","3":"status-publish","4":"format-standard","5":"has-post-thumbnail","7":"category-etats-unis","8":"tag-actualites","9":"tag-etats-unis","10":"tag-etats-unis-damerique","11":"tag-f1","12":"tag-mclaren","13":"tag-news","14":"tag-red-bull","15":"tag-united-states","16":"tag-united-states-of-america","17":"tag-us","18":"tag-usa"},"share_on_mastodon":{"url":"https:\/\/pubeurope.com\/@fr\/115416088144955600","error":""},"_links":{"self":[{"href":"https:\/\/www.europesays.com\/fr\/wp-json\/wp\/v2\/posts\/481211","targetHints":{"allow":["GET"]}}],"collection":[{"href":"https:\/\/www.europesays.com\/fr\/wp-json\/wp\/v2\/posts"}],"about":[{"href":"https:\/\/www.europesays.com\/fr\/wp-json\/wp\/v2\/types\/post"}],"author":[{"embeddable":true,"href":"https:\/\/www.europesays.com\/fr\/wp-json\/wp\/v2\/users\/2"}],"replies":[{"embeddable":true,"href":"https:\/\/www.europesays.com\/fr\/wp-json\/wp\/v2\/comments?post=481211"}],"version-history":[{"count":0,"href":"https:\/\/www.europesays.com\/fr\/wp-json\/wp\/v2\/posts\/481211\/revisions"}],"wp:featuredmedia":[{"embeddable":true,"href":"https:\/\/www.europesays.com\/fr\/wp-json\/wp\/v2\/media\/481212"}],"wp:attachment":[{"href":"https:\/\/www.europesays.com\/fr\/wp-json\/wp\/v2\/media?parent=481211"}],"wp:term":[{"taxonomy":"category","embeddable":true,"href":"https:\/\/www.europesays.com\/fr\/wp-json\/wp\/v2\/categories?post=481211"},{"taxonomy":"post_tag","embeddable":true,"href":"https:\/\/www.europesays.com\/fr\/wp-json\/wp\/v2\/tags?post=481211"}],"curies":[{"name":"wp","href":"https:\/\/api.w.org\/{rel}","templated":true}]}}