{"id":481230,"date":"2025-10-22T05:20:10","date_gmt":"2025-10-22T05:20:10","guid":{"rendered":"https:\/\/www.europesays.com\/fr\/481230\/"},"modified":"2025-10-22T05:20:10","modified_gmt":"2025-10-22T05:20:10","slug":"le-coach-de-valentino-rossi-se-confie-enfin-sur-marquez-cest-le-plus-fort","status":"publish","type":"post","link":"https:\/\/www.europesays.com\/fr\/481230\/","title":{"rendered":"Le coach de Valentino Rossi se confie enfin sur M\u00e1rquez : \u00ab\u00a0C&rsquo;est le plus fort&#8230;\u00a0\u00bb"},"content":{"rendered":"<p class=\"L6-news-detail__text\">Il est peu courant d\u2019entendre le cercle de <b>Valentino Rossi<\/b> complimenter <b>Marc M\u00e1rquez<\/b>. C\u2019est pourquoi les propos d\u2019Alessio Salucci, surnomm\u00e9 \u2018Uccio\u2019, directeur de l\u2019\u00e9quipe VR46, ont surpris. L\u2019ami de l\u2019ancien pilote italien a exprim\u00e9 de nombreux \u00e9loges envers le nouveau champion du monde de MotoGP.<\/p>\n<p class=\"L6-news-detail__text\">Dans une d\u00e9claration relay\u00e9e par \u2018Motosan\u2019, Uccio a d\u00e9clar\u00e9 : \u201cMarc est intelligent, rus\u00e9, et sans aucun doute le plus talentueux. Pour l\u2019instant, nous allons le surpasser\u201d.<\/p>\n<p class=\"L6-news-detail__text\">Quant \u00e0 <b>Pecco Bagnaia<\/b>, actuellement en difficult\u00e9 dans les derni\u00e8res positions de la grille, il a d\u00e9clar\u00e9 : \u201cPour lui donner des conseils, je devrais \u00eatre \u00e0 ses c\u00f4t\u00e9s, observer sa situation et \u00e9couter les retours des autres. Je ne suis pas avec lui en permanence. Je lui dirais simplement de prendre du plaisir, de ne pas se d\u00e9courager et de concentrer ses efforts sur ce qu\u2019il sait faire, c\u2019est-\u00e0-dire piloter\u2026\u201d.<\/p>\n<p class=\"L6-news-detail__text\">\u201cLe Pecco que nous connaissons n\u2019est plus l\u00e0. Il semble piloter de mani\u00e8re un peu renferm\u00e9e, il lui manque le \u2018feeling\u2019 \u00e0 l\u2019avant. Il doit travailler avec son \u00e9quipe pour former un groupe solide. Pecco vient souvent au \u2018hospitality\u2019 de VR46 le soir; pour nous, c\u2019est comme de la famille\u201d, a ajout\u00e9 le fid\u00e8le ami de Rossi.<\/p>\n<p class=\"L6-news-detail__text\">En <b>Australie<\/b>, il a encore chut\u00e9 alors qu\u2019il \u00e9tait en derni\u00e8re position, une situation similaire \u00e0 celle qu\u2019il avait connue en <b>Indon\u00e9sie<\/b>. \u00c0 ces occasions, il roulait plus d\u2019une seconde plus lentement que les leaders. C\u2019est un r\u00e9sultat inacceptable pour Ducati, surtout quand on voit que Marc, avec l\u2019autre moto rouge, est d\u00e9sormais le champion du monde.<\/p>\n<p>En tant que passionn\u00e9 de MotoGP, il est fascinant de voir comment la dynamique entre pilotes peut influencer leurs performances. L\u2019adversit\u00e9, comme celle que traverse Bagnaia, peut \u00e9galement r\u00e9v\u00e9ler la force du soutien \u00e9motionnel, qu\u2019il soit amical ou familial. En r\u00e9fl\u00e9chissant aux enjeux du sport motoris\u00e9, je me demande : jusqu\u2019o\u00f9 l\u2019empathie entre pilotes peut-elle aller pour fa\u00e7onner les champions de demain ?<\/p>\n","protected":false},"excerpt":{"rendered":"Il est peu courant d\u2019entendre le cercle de Valentino Rossi complimenter Marc M\u00e1rquez. C\u2019est pourquoi les propos d\u2019Alessio&hellip;\n","protected":false},"author":2,"featured_media":470346,"comment_status":"","ping_status":"","sticky":false,"template":"","format":"standard","meta":{"footnotes":""},"categories":[1413],"tags":[1011,27,1457,1456,60],"class_list":{"0":"post-481230","1":"post","2":"type-post","3":"status-publish","4":"format-standard","5":"has-post-thumbnail","7":"category-moto","8":"tag-fr","9":"tag-france","10":"tag-moto","11":"tag-motocycle","12":"tag-sports"},"share_on_mastodon":{"url":"https:\/\/pubeurope.com\/@fr\/115416139525678089","error":""},"_links":{"self":[{"href":"https:\/\/www.europesays.com\/fr\/wp-json\/wp\/v2\/posts\/481230","targetHints":{"allow":["GET"]}}],"collection":[{"href":"https:\/\/www.europesays.com\/fr\/wp-json\/wp\/v2\/posts"}],"about":[{"href":"https:\/\/www.europesays.com\/fr\/wp-json\/wp\/v2\/types\/post"}],"author":[{"embeddable":true,"href":"https:\/\/www.europesays.com\/fr\/wp-json\/wp\/v2\/users\/2"}],"replies":[{"embeddable":true,"href":"https:\/\/www.europesays.com\/fr\/wp-json\/wp\/v2\/comments?post=481230"}],"version-history":[{"count":0,"href":"https:\/\/www.europesays.com\/fr\/wp-json\/wp\/v2\/posts\/481230\/revisions"}],"wp:featuredmedia":[{"embeddable":true,"href":"https:\/\/www.europesays.com\/fr\/wp-json\/wp\/v2\/media\/470346"}],"wp:attachment":[{"href":"https:\/\/www.europesays.com\/fr\/wp-json\/wp\/v2\/media?parent=481230"}],"wp:term":[{"taxonomy":"category","embeddable":true,"href":"https:\/\/www.europesays.com\/fr\/wp-json\/wp\/v2\/categories?post=481230"},{"taxonomy":"post_tag","embeddable":true,"href":"https:\/\/www.europesays.com\/fr\/wp-json\/wp\/v2\/tags?post=481230"}],"curies":[{"name":"wp","href":"https:\/\/api.w.org\/{rel}","templated":true}]}}