{"id":481240,"date":"2025-10-22T05:26:16","date_gmt":"2025-10-22T05:26:16","guid":{"rendered":"https:\/\/www.europesays.com\/fr\/481240\/"},"modified":"2025-10-22T05:26:16","modified_gmt":"2025-10-22T05:26:16","slug":"en-1974-cetait-un-pari-un-peu-fou","status":"publish","type":"post","link":"https:\/\/www.europesays.com\/fr\/481240\/","title":{"rendered":"\u00ab\u00a0En 1974, c&rsquo;\u00e9tait un pari un peu fou\u00a0\u00bb"},"content":{"rendered":"<p>                            \u00ab\u00a0Un pari un peu fou\u00a0\u00bb en 1974<\/p>\n<p>Lorsque Pierre Fourcault arrive dans la cit\u00e9 m\u00e9di\u00e9vale de Semur-en-Auxois en 1974, il est s\u00e9duit par la richesse de son offre culturelle (musique, th\u00e9\u00e2tre\u2026). Il choisit de s\u2019installer en plein c\u0153ur du centre-ville, \u00e0 c\u00f4t\u00e9 de la coll\u00e9giale, dans une maison \u00e0 colombages et d\u2019y ouvrir la librairie L\u2019\u00c9critoire. \u00ab\u00a0Il y avait d\u00e9j\u00e0 trois librairies \u00e0 Semur \u00e0 l\u2019\u00e9poque. Le projet d\u2019ouvrir une quatri\u00e8me librairie \u00e9tait un pari un peu fou\u00a0\u00bb, raconte-t-il. L\u2019accessibilit\u00e9 du lieu est m\u00eame critiqu\u00e9e par le pr\u00e9sident de l\u2019union commerciale, se souvient-il\u00a0: \u00ab\u00a0\u201cIl y a des marches pour acc\u00e9der \u00e0 la librairie, vous n\u2019aurez jamais personne\u00a0!\u201d\u00a0\u00bb.<\/p>\n<p>\u00ab\u00a0Une passation en douceur\u00a0\u00bb en 2010<\/p>\n<p>Malgr\u00e9 ces remarques, la librairie devient rapidement \u00ab\u00a0une caverne d\u2019Ali Baba\u00a0\u00bb pour les habitants. Elle s\u00e9duit par&#8230;<\/p>\n","protected":false},"excerpt":{"rendered":"\u00ab\u00a0Un pari un peu fou\u00a0\u00bb en 1974 Lorsque Pierre Fourcault arrive dans la cit\u00e9 m\u00e9di\u00e9vale de Semur-en-Auxois en&hellip;\n","protected":false},"author":2,"featured_media":481241,"comment_status":"","ping_status":"","sticky":false,"template":"","format":"standard","meta":{"footnotes":""},"categories":[1357],"tags":[7476,1379,4406,2931,1687,58,33,11743,59,107,1011,27,1380,2410,4604,38029,54215,104],"class_list":{"0":"post-481240","1":"post","2":"type-post","3":"status-publish","4":"format-standard","5":"has-post-thumbnail","7":"category-livres","8":"tag-anniversaires","9":"tag-books","10":"tag-commerce-et-services","11":"tag-cote-dor","12":"tag-culture-loisirs","13":"tag-divertissement","14":"tag-economie","15":"tag-edition-haute-cote-dor","16":"tag-entertainment","17":"tag-fil-info","18":"tag-fr","19":"tag-france","20":"tag-livres","21":"tag-livres-bd","22":"tag-selection-abonne","23":"tag-semur-en-auxois","24":"tag-semur-en-auxois-bassin","25":"tag-societe"},"share_on_mastodon":{"url":"https:\/\/pubeurope.com\/@fr\/115416163031932424","error":""},"_links":{"self":[{"href":"https:\/\/www.europesays.com\/fr\/wp-json\/wp\/v2\/posts\/481240","targetHints":{"allow":["GET"]}}],"collection":[{"href":"https:\/\/www.europesays.com\/fr\/wp-json\/wp\/v2\/posts"}],"about":[{"href":"https:\/\/www.europesays.com\/fr\/wp-json\/wp\/v2\/types\/post"}],"author":[{"embeddable":true,"href":"https:\/\/www.europesays.com\/fr\/wp-json\/wp\/v2\/users\/2"}],"replies":[{"embeddable":true,"href":"https:\/\/www.europesays.com\/fr\/wp-json\/wp\/v2\/comments?post=481240"}],"version-history":[{"count":0,"href":"https:\/\/www.europesays.com\/fr\/wp-json\/wp\/v2\/posts\/481240\/revisions"}],"wp:featuredmedia":[{"embeddable":true,"href":"https:\/\/www.europesays.com\/fr\/wp-json\/wp\/v2\/media\/481241"}],"wp:attachment":[{"href":"https:\/\/www.europesays.com\/fr\/wp-json\/wp\/v2\/media?parent=481240"}],"wp:term":[{"taxonomy":"category","embeddable":true,"href":"https:\/\/www.europesays.com\/fr\/wp-json\/wp\/v2\/categories?post=481240"},{"taxonomy":"post_tag","embeddable":true,"href":"https:\/\/www.europesays.com\/fr\/wp-json\/wp\/v2\/tags?post=481240"}],"curies":[{"name":"wp","href":"https:\/\/api.w.org\/{rel}","templated":true}]}}