{"id":481258,"date":"2025-10-22T05:37:10","date_gmt":"2025-10-22T05:37:10","guid":{"rendered":"https:\/\/www.europesays.com\/fr\/481258\/"},"modified":"2025-10-22T05:37:10","modified_gmt":"2025-10-22T05:37:10","slug":"plus-de-50-departements-en-vigilance-ce-mercredi-voici-ou-ca-va-souffler","status":"publish","type":"post","link":"https:\/\/www.europesays.com\/fr\/481258\/","title":{"rendered":"plus de 50 d\u00e9partements en vigilance ce mercredi, voici o\u00f9 \u00e7a va souffler"},"content":{"rendered":"<p>            Par<br \/>\n        <strong><br \/>\n            <a href=\"https:\/\/actu.fr\/auteur\/redaction-actu\" title=\"Consulter tous les articles de R\u00e9daction Actu\" target=\"_blank\" rel=\"noopener\">R\u00e9daction Actu<\/a><br \/>\n        <\/strong><\/p>\n<p>        Publi\u00e9 le<\/p>\n<p>            21 oct. 2025 \u00e0 12h21<br \/>\n        ; mis \u00e0 jour le 22 oct. 2025 \u00e0 6h26    <\/p>\n<p>[Mise \u00e0 jour 22\/10\/2025 \u00e0 7h30. Une nouvelle temp\u00eate va balayer la France \u00e0 partir de jeudi 23 octobre 2025. Elle vient d\u2019\u00eatre nomm\u00e9e : il s\u2019agit de la <strong>temp\u00eate Benjamin<\/strong>, baptis\u00e9e par <a href=\"https:\/\/www.meteo.be\/fr\/infos\/actualite\/tempetes-en-belgique-decouvrez-les-noms-de-la-saison-2025-2026\" target=\"_blank\" rel=\"noopener\">l\u2019Institut royal m\u00e9t\u00e9orologique de Belgique<\/a> (IRM). Pour plus d\u2019informations, <a href=\"https:\/\/actu.fr\/meteo\/la-tempete-benjamin-vient-d-etre-nommee-et-elle-va-nous-frapper-ce-jeudi-quelles-consequences-en-france_63333035.html\" target=\"_blank\" rel=\"noopener\">consultez cet article<\/a>.]<\/p>\n<p class=\" wall-content\">Le temps est agit\u00e9 en ce d\u00e9but de semaine. Alors qu\u2019un <a href=\"https:\/\/actu.fr\/meteo\/ca-va-monter-d-un-cran-un-risque-de-tempete-bram-en-france-cette-semaine-ce-qui-nous-attend_63322655.html\" target=\"_blank\" rel=\"noopener\">risque de temp\u00eate est pr\u00e9vu pour le milieu de semaine<\/a>, avec des rafales <strong>de 90 \u00e0 120 km\/h<\/strong> attendues sur le nord-ouest de la France d\u00e8s jeudi 23 octobre 2025, <a href=\"https:\/\/meteofrance.com\/\" target=\"_blank\" rel=\"noopener\">M\u00e9t\u00e9o France<\/a> avait d\u2019ores et d\u00e9j\u00e0 plac\u00e9 des d\u00e9partements en vigilance pour ce mercredi 22 octobre.<\/p>\n<p class=\" wall-content\">Dans le d\u00e9tail,<strong> 44 d\u00e9partements \u00e9taient concern\u00e9s par une alerte jaune<\/strong>. Un nouveau bulletin m\u00e9t\u00e9o, ce mercredi \u00e0 6h du matin, revoit ce chiffre \u00e0 la hausse, avec d\u00e9sormais 53 d\u00e9partements plac\u00e9s en jaune dans toute la France. La majorit\u00e9 pour vent fort et\u00a0\u00ab\u00a0<a href=\"https:\/\/actu.fr\/tag\/orages\" target=\"_blank\" rel=\"noopener\">orages<\/a> violents\u00a0\u00bb.\u00a0<\/p>\n<p>Quels sont les d\u00e9partements en vigilance ?<\/p>\n<p class=\" wall-content\"><a href=\"https:\/\/vigilance.meteofrance.fr\/fr\" target=\"_blank\" rel=\"noopener\">Sur sur site<\/a>, M\u00e9t\u00e9o France justifie ce nouveau point de vigilance par les \u00ab\u00a0successions de passages <a href=\"https:\/\/actu.fr\/tag\/pluie\" target=\"_blank\" rel=\"noopener\">pluvieux<\/a> marqu\u00e9s sur le sud-ouest du pays\u00a0\u00bb ainsi que les \u00ab\u00a0cumuls devenant ponctuellement importants sur l\u2019ouest du Massif Central\u00a0\u00bb.<\/p>\n<p class=\" wall-content\">Un coup d\u2019oeil sur les cartes de <a href=\"https:\/\/actu.fr\/tag\/meteo-france\" target=\"_blank\" rel=\"noopener\">l\u2019institution m\u00e9t\u00e9o<\/a> fait \u00e9tat <strong>d\u2019une France coup\u00e9e en trois<\/strong>, avec une ligne de vigilance allant de la Bretagne au centre-est du pays, en descendant jusqu\u00a0\u00bben bas de la Nouvelle Aquitaine. La Corse aussi plac\u00e9e en jaune.<\/p>\n<p class=\" wall-content\">Voici concr\u00e8tement <strong>la liste de tous les d\u00e9partements en vigilance<\/strong> pour ce mercredi :<\/p>\n<ul class=\" wall-content\">\n<li>Ain : pluie-inondation<\/li>\n<li>Allier : orages<\/li>\n<li>Calvados : vent, orages<\/li>\n<li>Cantal : vent, pluie-inondation, orages<\/li>\n<li>Charente : vent, orages<\/li>\n<li>Charente-Maritime : vent, orages<\/li>\n<li>Cher : orages<\/li>\n<li>Corr\u00e8ze : vent, pluie-inondation, orages<\/li>\n<li>C\u00f4te-d\u2019Or : orages<\/li>\n<li>C\u00f4tes d\u2019Armor : vent, orages<\/li>\n<li>Creuse : vent, pluie-inondation, orages<\/li>\n<li>Dordogne : pluie-inondation, orages<\/li>\n<li>Doubs : orages<\/li>\n<li>Eure-et-Loir : orages<\/li>\n<li>Finist\u00e8re : vent, orages<\/li>\n<li>Gers : pluie-inondation, orages<\/li>\n<li>Gironde : pluie-inondation, orages<\/li>\n<li>Ille-et-Vilaine : vent, orages<\/li>\n<li>Indre : orages<\/li>\n<li>Indre-et-Loire : vent, orages<\/li>\n<li>Is\u00e8re : pluie-inondation<\/li>\n<li>Jura : orages<\/li>\n<li>Landes : pluie-inondation, orages<\/li>\n<li>Loir-et-Cher : orages<\/li>\n<li>Loire-Atlantique : vent, orages<\/li>\n<li>Loiret : orages<\/li>\n<li>Lot : pluie-inondation, orages<\/li>\n<li>Lot-et-Garonne : pluie-inondation, orages<\/li>\n<li>Maine-et-Loire : vent, orages<\/li>\n<li>Manche : vent, orages<\/li>\n<li>Mayenne : vent, orages<\/li>\n<li>Morbihan : vent, orages<\/li>\n<li>Ni\u00e8vre : orages<\/li>\n<li>Orne : vent, orages<\/li>\n<li>Puy-de-D\u00f4me : vent, pluie-inondation, orages<\/li>\n<li>Sa\u00f4ne-et-Loire : orages<\/li>\n<li>Sarthe : vent, orages<\/li>\n<li>Savoie : pluie-inondation<\/li>\n<li>Haute-Savoie : pluie-inondation<\/li>\n<li>Paris : orages<\/li>\n<li>Yvelines : orages<\/li>\n<li>Deux-S\u00e8vres : vent<\/li>\n<li>Tarn-et-Garonne : pluie-inondation, orages<\/li>\n<li>Vend\u00e9e : vent, pluie-inondation, orages<\/li>\n<li>Vienne : vent<\/li>\n<li>Haute-Vienne : vent, pluie-inondation, orages<\/li>\n<li>Essonne : orages<\/li>\n<li>Hauts-de-Seine : orages<\/li>\n<li>Seine-Saint-Denis : orages<\/li>\n<li>Val-de-Marne : orages<\/li>\n<li>Val-d\u2019Oise : orages<\/li>\n<\/ul>\n<p>Votre r\u00e9gion, votre actu !<\/p>\n<p>Recevez chaque jour les infos qui comptent pour vous.<\/p>\n<p>\t<a href=\"https:\/\/actu.fr\/newsletter\" class=\"ac-btn ac-btn--corner ac-btn--medium ac-btn--blue800\" target=\"_blank\" rel=\"noopener\">S&rsquo;incrire<\/a><\/p>\n<p class=\" wall-content\">Par ailleurs, la vigilance orange a \u00e9t\u00e9 activ\u00e9e pour la journ\u00e9e de jeudi 23 octobre 2025, pour la Charente-Maritime, la Gironde, les Landes, la Manche, les Pyr\u00e9n\u00e9es-Atlantiques, la Seine-Maritime et la Vend\u00e9e. La cause ? Des vents forts et\/ou un risque vagues-submersion en cons\u00e9quence.<\/p>\n<p>Pluie, vent et neige<\/p>\n<p class=\" wall-content\">D\u00e9j\u00e0 ce mardi, une perturbation frappait une partie de la France, avec <strong>un temps pluvieux<\/strong> sur la moiti\u00e9 sud de la France. Ce mauvais temps s\u2019accompagnait \u00ab\u00a0d\u2019un <strong>vent d\u2019ouest<\/strong> sensible atteignant 40 \u00e0 60 km\/h en rafales dans les terres, 60 \u00e0 80 km\/h sur la c\u00f4te aquitaine\u00a0\u00bb, <a href=\"https:\/\/meteofrance.com\/\" target=\"_blank\" rel=\"noopener\">expliquait M\u00e9t\u00e9o France<\/a>la veille.<\/p>\n<p class=\" wall-content\">Ce mercredi, \u00ab\u00a0pluie et vent reste au menu\u00a0\u00bb sur la majorit\u00e9 du pays. On notera aussi quelques flocons de neige \u00ab\u00a0au-dessus de 2700 m, en abondance en Savoie\u00a0\u00bb.<\/p>\n<blockquote class=\"ac-article-quote wall-content\">\n<p>Un temps tr\u00e8s nuageux et pluvieux concerne la majorit\u00e9 du pays. Le Sud-Ouest, le Massif central, les Alpes et le Nord-Est gardent un ciel gris toute la journ\u00e9e et sont copieusement arros\u00e9s, en particulier vers les Landes et le Limousin. Ces pluies sont parfois accompagn\u00e9es d&rsquo;orages, au sud de la Loire le matin et sur le Centre-Est l&rsquo;apr\u00e8s-midi.<\/p>\n<p>    <strong>M\u00e9t\u00e9o France<\/strong>\n            <\/p><\/blockquote>\n<p>Une nouvelle temp\u00eate bient\u00f4t nomm\u00e9e ?<\/p>\n<p class=\" wall-content\">La d\u00e9gradation pluvieuse d\u00e9barque dans la nuit de mercredi, depuis les \u00celes Britanniques. La d\u00e9pression va causer des <strong>vents potentiellement temp\u00e9tueux<\/strong> sur le nord du pays et la fa\u00e7ade Atlantique ainsi que sur l\u2019Auvergne Rh\u00f4ne-Alpes.<\/p>\n<p class=\" wall-content\">Si elle est nomm\u00e9e, cette temp\u00eate s\u2019appellera <strong>Bram<\/strong>, conform\u00e9ment \u00e0 <a href=\"https:\/\/actu.fr\/meteo\/c-est-le-debut-de-la-saison-des-tempetes-la-liste-complete-des-noms-deja-devoilee-par-les-services-meteo_63099918.html\" target=\"_blank\" rel=\"noopener\">la liste \u00e9tablie par plusieurs services m\u00e9t\u00e9os pour l\u2019ann\u00e9e 2025-2026<\/a>.<\/p>\n<p class=\" wall-content\">Personnalisez votre actualit\u00e9 en ajoutant vos villes et m\u00e9dias en favori avec <a href=\"https:\/\/moncompte.actu.fr\" title=\"D\u00e9couvez Mon Actu\" rel=\"nofollow noopener\" data-trk=\"{&quot;cta&quot;:{&quot;action&quot;:&quot;https:\\\/\\\/moncompte.actu.fr&quot;,&quot;category&quot;:&quot;mon compte&quot;,&quot;from&quot;:&quot;article footer&quot;,&quot;name&quot;:&quot;Mon actu&quot;,&quot;type&quot;:&quot;cta&quot;}}\" target=\"_blank\">Mon Actu<\/a>.<\/p>\n","protected":false},"excerpt":{"rendered":"Par R\u00e9daction Actu Publi\u00e9 le 21 oct. 2025 \u00e0 12h21 ; mis \u00e0 jour le 22 oct. 2025&hellip;\n","protected":false},"author":2,"featured_media":481259,"comment_status":"","ping_status":"","sticky":false,"template":"","format":"standard","meta":{"footnotes":""},"categories":[2],"tags":[11,1011,27,2487,12,4594,4459],"class_list":{"0":"post-481258","1":"post","2":"type-post","3":"status-publish","4":"format-standard","5":"has-post-thumbnail","7":"category-actualites","8":"tag-actualites","9":"tag-fr","10":"tag-france","11":"tag-meteo","12":"tag-news","13":"tag-orages","14":"tag-pluie"},"share_on_mastodon":{"url":"https:\/\/pubeurope.com\/@fr\/115416206103212127","error":""},"_links":{"self":[{"href":"https:\/\/www.europesays.com\/fr\/wp-json\/wp\/v2\/posts\/481258","targetHints":{"allow":["GET"]}}],"collection":[{"href":"https:\/\/www.europesays.com\/fr\/wp-json\/wp\/v2\/posts"}],"about":[{"href":"https:\/\/www.europesays.com\/fr\/wp-json\/wp\/v2\/types\/post"}],"author":[{"embeddable":true,"href":"https:\/\/www.europesays.com\/fr\/wp-json\/wp\/v2\/users\/2"}],"replies":[{"embeddable":true,"href":"https:\/\/www.europesays.com\/fr\/wp-json\/wp\/v2\/comments?post=481258"}],"version-history":[{"count":0,"href":"https:\/\/www.europesays.com\/fr\/wp-json\/wp\/v2\/posts\/481258\/revisions"}],"wp:featuredmedia":[{"embeddable":true,"href":"https:\/\/www.europesays.com\/fr\/wp-json\/wp\/v2\/media\/481259"}],"wp:attachment":[{"href":"https:\/\/www.europesays.com\/fr\/wp-json\/wp\/v2\/media?parent=481258"}],"wp:term":[{"taxonomy":"category","embeddable":true,"href":"https:\/\/www.europesays.com\/fr\/wp-json\/wp\/v2\/categories?post=481258"},{"taxonomy":"post_tag","embeddable":true,"href":"https:\/\/www.europesays.com\/fr\/wp-json\/wp\/v2\/tags?post=481258"}],"curies":[{"name":"wp","href":"https:\/\/api.w.org\/{rel}","templated":true}]}}