{"id":481260,"date":"2025-10-22T05:38:14","date_gmt":"2025-10-22T05:38:14","guid":{"rendered":"https:\/\/www.europesays.com\/fr\/481260\/"},"modified":"2025-10-22T05:38:14","modified_gmt":"2025-10-22T05:38:14","slug":"firminy-la-rentree-est-difficile-pour-le-comite-local-du-secours-populaire","status":"publish","type":"post","link":"https:\/\/www.europesays.com\/fr\/481260\/","title":{"rendered":"Firminy. La rentr\u00e9e est difficile pour le comit\u00e9 local du Secours populaire"},"content":{"rendered":"<p>Lundi, l\u2019assembl\u00e9e g\u00e9n\u00e9rale du comit\u00e9 du Secours populaire Firminy &#8211; Le Chambon-Feugerolles a d\u00e9but\u00e9 avec la pr\u00e9sentation du bilan financier. Devant le manque de b\u00e9n\u00e9voles, la tr\u00e9sorerie est prise en charge par la F\u00e9d\u00e9ration de Saint-\u00c9tienne, c\u2019est donc elle qui a pr\u00e9sent\u00e9 le rapport des comptes 2024, qui affiche des r\u00e9sultats positifs (+\u00a03\u00a0189\u00a0euros).<\/p>\n<p>\u00c0 la suite de cette pr\u00e9sentation, a \u00e9t\u00e9 abord\u00e9e la situation actuelle du Comit\u00e9 de Firminy. Depuis quelque temps d\u00e9j\u00e0, les b\u00e9n\u00e9voles sont \u00e0 la recherche d\u2019un nouveau local, celui qu\u2019ils occupent au 15, rue Gambetta n\u2019est plus adapt\u00e9 aux activit\u00e9s de l\u2019association. Une inondation importante a&#8230;<\/p>\n","protected":false},"excerpt":{"rendered":"Lundi, l\u2019assembl\u00e9e g\u00e9n\u00e9rale du comit\u00e9 du Secours populaire Firminy &#8211; Le Chambon-Feugerolles a d\u00e9but\u00e9 avec la pr\u00e9sentation du&hellip;\n","protected":false},"author":2,"featured_media":481261,"comment_status":"","ping_status":"","sticky":false,"template":"","format":"standard","meta":{"footnotes":""},"categories":[9653],"tags":[1111,11,2430,7539,1777,674,10282,10283,1011,27,12,25,4001,104,1631],"class_list":{"0":"post-481260","1":"post","2":"type-post","3":"status-publish","4":"format-standard","5":"has-post-thumbnail","7":"category-saint-etienne","8":"tag-actu","9":"tag-actualites","10":"tag-auvergne-rhone-alpes","11":"tag-edition-loire-sud","12":"tag-eu","13":"tag-europe","14":"tag-firminy","15":"tag-firminy-ville","16":"tag-fr","17":"tag-france","18":"tag-news","19":"tag-republique-francaise","20":"tag-saint-etienne","21":"tag-societe","22":"tag-vie-associative"},"share_on_mastodon":{"url":"https:\/\/pubeurope.com\/@fr\/115416210047482936","error":""},"_links":{"self":[{"href":"https:\/\/www.europesays.com\/fr\/wp-json\/wp\/v2\/posts\/481260","targetHints":{"allow":["GET"]}}],"collection":[{"href":"https:\/\/www.europesays.com\/fr\/wp-json\/wp\/v2\/posts"}],"about":[{"href":"https:\/\/www.europesays.com\/fr\/wp-json\/wp\/v2\/types\/post"}],"author":[{"embeddable":true,"href":"https:\/\/www.europesays.com\/fr\/wp-json\/wp\/v2\/users\/2"}],"replies":[{"embeddable":true,"href":"https:\/\/www.europesays.com\/fr\/wp-json\/wp\/v2\/comments?post=481260"}],"version-history":[{"count":0,"href":"https:\/\/www.europesays.com\/fr\/wp-json\/wp\/v2\/posts\/481260\/revisions"}],"wp:featuredmedia":[{"embeddable":true,"href":"https:\/\/www.europesays.com\/fr\/wp-json\/wp\/v2\/media\/481261"}],"wp:attachment":[{"href":"https:\/\/www.europesays.com\/fr\/wp-json\/wp\/v2\/media?parent=481260"}],"wp:term":[{"taxonomy":"category","embeddable":true,"href":"https:\/\/www.europesays.com\/fr\/wp-json\/wp\/v2\/categories?post=481260"},{"taxonomy":"post_tag","embeddable":true,"href":"https:\/\/www.europesays.com\/fr\/wp-json\/wp\/v2\/tags?post=481260"}],"curies":[{"name":"wp","href":"https:\/\/api.w.org\/{rel}","templated":true}]}}