{"id":481277,"date":"2025-10-22T05:49:10","date_gmt":"2025-10-22T05:49:10","guid":{"rendered":"https:\/\/www.europesays.com\/fr\/481277\/"},"modified":"2025-10-22T05:49:10","modified_gmt":"2025-10-22T05:49:10","slug":"la-suspecte-mise-en-examen-et-incarceree","status":"publish","type":"post","link":"https:\/\/www.europesays.com\/fr\/481277\/","title":{"rendered":"la suspecte mise en examen et incarc\u00e9r\u00e9e"},"content":{"rendered":"<p itemprop=\"description\"><strong>Ce lundi soir, la principale suspecte dans la mort d&rsquo;une habitante de la rue Danton \u00e0 Grenoble a \u00e9t\u00e9 mise en examen pour meurtre.<\/strong><\/p>\n<p>La jeune femme de 20 ans a \u00e9t\u00e9 ensuite \u00e9crou\u00e9e, tandis que l&rsquo;enqu\u00eate se poursuit.<\/p>\n<p>Pour rappel, samedi soir, les secours et les policiers \u00e9taient intervenus dans le quartier Chorier-Berriat car une femme de 24 ans avait \u00e9t\u00e9 poignard\u00e9e \u00e0 mort, notamment au thorax.<\/p>\n<p>Selon l&rsquo;avocat de la suspecte, Me Ronald Gallo, la victime aurait attaqu\u00e9 sa cliente parce qu&rsquo;elle faisait trop de bruit dans l&rsquo;immeuble. Elle serait \u00e9galement entr\u00e9e dans son appartement sans y \u00eatre invit\u00e9e. C&rsquo;est l\u00e0 que les coups de couteau ont \u00e9t\u00e9 donn\u00e9s, dans un \u00e9tat de l\u00e9gitime d\u00e9fense selon l&rsquo;avocat qui avait r\u00e9clam\u00e9 une lib\u00e9ration sous contr\u00f4le judiciaire.<\/p>\n<p>Me Ronald Gallo pointe aussi du doigt le profil de la victime, condamn\u00e9e en 2020 \u00e0 2 mois de prison avec sursis pour transport et d\u00e9tention de stup\u00e9fiants, ainsi que pour remise ou sortie irr\u00e9guli\u00e8re \u00e0 d\u00e9tenu.<\/p>\n","protected":false},"excerpt":{"rendered":"Ce lundi soir, la principale suspecte dans la mort d&rsquo;une habitante de la rue Danton \u00e0 Grenoble a&hellip;\n","protected":false},"author":2,"featured_media":481278,"comment_status":"","ping_status":"","sticky":false,"template":"","format":"standard","meta":{"footnotes":""},"categories":[9566],"tags":[1111,11,7733,8279,2430,7736,650,7734,2889,2263,1777,674,1011,27,2731,8280,6417,1114,108,4662,12,3725,1825,25,7737],"class_list":{"0":"post-481277","1":"post","2":"type-post","3":"status-publish","4":"format-standard","5":"has-post-thumbnail","7":"category-grenoble","8":"tag-actu","9":"tag-actualites","10":"tag-alpes","11":"tag-alpes1","12":"tag-auvergne-rhone-alpes","13":"tag-cds","14":"tag-cinema","15":"tag-ecoute","16":"tag-emission","17":"tag-equipe","18":"tag-eu","19":"tag-europe","20":"tag-fr","21":"tag-france","22":"tag-grenoble","23":"tag-haute","24":"tag-information","25":"tag-infos","26":"tag-isere","27":"tag-journal","28":"tag-news","29":"tag-podcast","30":"tag-radio","31":"tag-republique-francaise","32":"tag-winamp"},"share_on_mastodon":{"url":"https:\/\/pubeurope.com\/@fr\/115416253215937152","error":""},"_links":{"self":[{"href":"https:\/\/www.europesays.com\/fr\/wp-json\/wp\/v2\/posts\/481277","targetHints":{"allow":["GET"]}}],"collection":[{"href":"https:\/\/www.europesays.com\/fr\/wp-json\/wp\/v2\/posts"}],"about":[{"href":"https:\/\/www.europesays.com\/fr\/wp-json\/wp\/v2\/types\/post"}],"author":[{"embeddable":true,"href":"https:\/\/www.europesays.com\/fr\/wp-json\/wp\/v2\/users\/2"}],"replies":[{"embeddable":true,"href":"https:\/\/www.europesays.com\/fr\/wp-json\/wp\/v2\/comments?post=481277"}],"version-history":[{"count":0,"href":"https:\/\/www.europesays.com\/fr\/wp-json\/wp\/v2\/posts\/481277\/revisions"}],"wp:featuredmedia":[{"embeddable":true,"href":"https:\/\/www.europesays.com\/fr\/wp-json\/wp\/v2\/media\/481278"}],"wp:attachment":[{"href":"https:\/\/www.europesays.com\/fr\/wp-json\/wp\/v2\/media?parent=481277"}],"wp:term":[{"taxonomy":"category","embeddable":true,"href":"https:\/\/www.europesays.com\/fr\/wp-json\/wp\/v2\/categories?post=481277"},{"taxonomy":"post_tag","embeddable":true,"href":"https:\/\/www.europesays.com\/fr\/wp-json\/wp\/v2\/tags?post=481277"}],"curies":[{"name":"wp","href":"https:\/\/api.w.org\/{rel}","templated":true}]}}