{"id":481281,"date":"2025-10-22T05:52:37","date_gmt":"2025-10-22T05:52:37","guid":{"rendered":"https:\/\/www.europesays.com\/fr\/481281\/"},"modified":"2025-10-22T05:52:37","modified_gmt":"2025-10-22T05:52:37","slug":"internationaux-de-badminton-le-gratin-mondial-saffronte-pres-de-rennes-toute-la-semaine","status":"publish","type":"post","link":"https:\/\/www.europesays.com\/fr\/481281\/","title":{"rendered":"Internationaux de badminton\u00a0: le gratin mondial s\u2019affronte pr\u00e8s de Rennes toute la semaine ."},"content":{"rendered":"<p>C\u2019est l\u2019\u00e9quivalent de Roland-Garros, version badminton. Toute la semaine, la Glaz Arena de Cesson-S\u00e9vign\u00e9, pr\u00e8s de Rennes (Ille-et-Vilaine), accueille les Internationaux de France de badminton. Ce tournoi, l\u2019un des dix plus importants du circuit international, \u00e9tait d\u00e9j\u00e0 venu \u00e0 Cesson en 2023.<\/p>\n<p><strong>\u00ab\u00a0On tenait \u00e0 l\u2019organiser ailleurs qu\u2019\u00e0 Paris, et l\u2019\u00e9dition 2023 avait eu beaucoup de succ\u00e8s. L\u2019Ille-et-Vilaine est une terre fertile de badminton, il y a ici un engouement extraordinaire\u00a0\u00bb,<\/strong> salue Pascal Bildstein, de la F\u00e9d\u00e9ration fran\u00e7aise, qui organise l\u2019\u00e9v\u00e9nement.<\/p>\n<p><strong>Lire aussi\u00a0:<\/strong> <a href=\"https:\/\/rennes.maville.com\/sport\/detail_-badminton.-engages-bleus-programme...-tout-savoir-des-internationaux-de-france-a-cesson-sevigne-_7-7030062_actu.Htm\" target=\"_blank\" rel=\"noopener\">Badminton. Engag\u00e9s, Bleus, programme\u2026 Tout savoir des Internationaux de France \u00e0 Cesson-S\u00e9vign\u00e9<\/a><\/p>\n<p>Tr\u00e8s suivi en Asie<\/p>\n<p>Avec beaucoup de points et d\u2019argent \u00e0 la cl\u00e9 pour les joueurs, le tournoi attire<strong> \u00ab\u00a0le gratin mondial\u00a0\u00bb,<\/strong> comme la championne olympique en titre et n\u00b0\u00a01 mondiale, la Cor\u00e9enne An Se Young.\u00a0<strong>\u00ab\u00a0Les quinze meilleurs joueurs y participent\u00a0\u00bb,<\/strong> souligne Pascal Bildstein. L\u2019\u00e9v\u00e9nement est largement suivi \u00e0 travers le globe, avec des matchs retransmis en direct par une quarantaine de cha\u00eenes de t\u00e9l\u00e9vision, dont L\u2019\u00c9quipe en France.<\/p>\n<p><strong>\u00ab\u00a0Cela repr\u00e9sente des dizaines de millions de t\u00e9l\u00e9spectateurs,<\/strong> indique Pascal Bildstein. <strong>C\u2019est moins le cas en France, mais en Chine, en Inde et en Indon\u00e9sie, il s\u2019agit de joueurs tr\u00e8s populaires et connus\u00a0: le badminton y est suivi comme l\u2019est chez nous le tennis.\u00a0\u00bb<\/strong><\/p>\n<p><strong>Lire aussi\u00a0: <\/strong> <a href=\"https:\/\/rennes.maville.com\/sport\/detail_-enquete.-le-badminton-pourquoi-ca-cartonne-en-ille-et-vilaine-_7-7021151_actu.Htm\" target=\"_blank\" rel=\"noopener\">ENQU\u00caTE\u00a0: le badminton, pourquoi \u00e7a cartonne en Ille-et-Vilaine\u00a0?<\/a><\/p>\n<p>Du \u00ab\u00a0tr\u00e8s beau spectacle\u00a0\u00bb<\/p>\n<p>\u00c0 Cesson-S\u00e9vign\u00e9, amateurs comme n\u00e9ophytes peuvent venir assister aux diff\u00e9rents tours, les joueurs s\u2019affrontant \u00e0 la Glaz Arena sur quatre terrains en simultan\u00e9. Avec, dimanche, les cinq finales\u00a0: simple hommes, simple dames, double hommes, double dames et double mixte.<\/p>\n<p>L\u2019occasion d\u2019assister \u00e0<strong> \u00ab\u00a0un tr\u00e8s beau spectacle,<\/strong> assure Pascal Bildstein.<strong> Le badminton est tr\u00e8s visuel, rapide, technique. Les joueurs sont r\u00e9ellement des virtuoses\u00a0!\u00a0\u00bb<\/strong><\/p>\n<p><strong>Pratique\u00a0:<\/strong> du 21 au 26\u00a0octobre 2025, \u00e0 la Glaz Arena de Cesson-S\u00e9vign\u00e9, places d\u00e8s 15\u00a0\u20ac, billetterie sur <a href=\"https:\/\/saint-malo.maville.com\/sport\/tickets.yonexifb.com\" target=\"_blank\" rel=\"noopener\">tickets.yonexifb.com<\/a><\/p>\n<p>\u00a0<\/p>\n","protected":false},"excerpt":{"rendered":"C\u2019est l\u2019\u00e9quivalent de Roland-Garros, version badminton. Toute la semaine, la Glaz Arena de Cesson-S\u00e9vign\u00e9, pr\u00e8s de Rennes (Ille-et-Vilaine),&hellip;\n","protected":false},"author":2,"featured_media":481282,"comment_status":"","ping_status":"","sticky":false,"template":"","format":"standard","meta":{"footnotes":""},"categories":[2821],"tags":[1111,11,3809,1465,829,1777,674,63,1011,27,1792,1922,12,584,25,479,3728,517,1470],"class_list":{"0":"post-481281","1":"post","2":"type-post","3":"status-publish","4":"format-standard","5":"has-post-thumbnail","7":"category-rennes","8":"tag-actu","9":"tag-actualites","10":"tag-ball","11":"tag-basket","12":"tag-bretagne","13":"tag-eu","14":"tag-europe","15":"tag-football","16":"tag-fr","17":"tag-france","18":"tag-handball","19":"tag-info","20":"tag-news","21":"tag-rennes","22":"tag-republique-francaise","23":"tag-rugby","24":"tag-saint-malo","25":"tag-sport","26":"tag-volley"},"share_on_mastodon":{"url":"https:\/\/pubeurope.com\/@fr\/115416265090026335","error":""},"_links":{"self":[{"href":"https:\/\/www.europesays.com\/fr\/wp-json\/wp\/v2\/posts\/481281","targetHints":{"allow":["GET"]}}],"collection":[{"href":"https:\/\/www.europesays.com\/fr\/wp-json\/wp\/v2\/posts"}],"about":[{"href":"https:\/\/www.europesays.com\/fr\/wp-json\/wp\/v2\/types\/post"}],"author":[{"embeddable":true,"href":"https:\/\/www.europesays.com\/fr\/wp-json\/wp\/v2\/users\/2"}],"replies":[{"embeddable":true,"href":"https:\/\/www.europesays.com\/fr\/wp-json\/wp\/v2\/comments?post=481281"}],"version-history":[{"count":0,"href":"https:\/\/www.europesays.com\/fr\/wp-json\/wp\/v2\/posts\/481281\/revisions"}],"wp:featuredmedia":[{"embeddable":true,"href":"https:\/\/www.europesays.com\/fr\/wp-json\/wp\/v2\/media\/481282"}],"wp:attachment":[{"href":"https:\/\/www.europesays.com\/fr\/wp-json\/wp\/v2\/media?parent=481281"}],"wp:term":[{"taxonomy":"category","embeddable":true,"href":"https:\/\/www.europesays.com\/fr\/wp-json\/wp\/v2\/categories?post=481281"},{"taxonomy":"post_tag","embeddable":true,"href":"https:\/\/www.europesays.com\/fr\/wp-json\/wp\/v2\/tags?post=481281"}],"curies":[{"name":"wp","href":"https:\/\/api.w.org\/{rel}","templated":true}]}}