{"id":481285,"date":"2025-10-22T05:54:13","date_gmt":"2025-10-22T05:54:13","guid":{"rendered":"https:\/\/www.europesays.com\/fr\/481285\/"},"modified":"2025-10-22T05:54:13","modified_gmt":"2025-10-22T05:54:13","slug":"strasbourg-antisocial-traits-psychopathiques-un-quadragenaire-condamne-pour-avoir-frappe-sa-mere-et-ses-voisins","status":"publish","type":"post","link":"https:\/\/www.europesays.com\/fr\/481285\/","title":{"rendered":"Strasbourg. \u00ab\u00a0Antisocial\u00a0\u00bb, \u00ab\u00a0traits\u00a0psychopathiques \u00bb\u2026 Un quadrag\u00e9naire condamn\u00e9 pour avoir frapp\u00e9 sa m\u00e8re et ses voisins"},"content":{"rendered":"<p>La mine triste, les cheveux en bataille, Geoffrey A. semble avoir du mal \u00e0 contenir sa frustration dans le box. Il a envie de parler et veut rebondir sur tout ce que raconte le pr\u00e9sident du tribunal, Marc Picard. \u00ab\u00a0J\u2019ai une addiction \u00e0 l\u2019alcool, je bois 2,5 litres de bi\u00e8re par jour. Je suis mal dans ma peau.\u00a0\u00bb Mais le chef d\u2019orchestre des comparutions imm\u00e9diates strasbourgeoises perd patience et d\u00e9cide, d\u00e9pit\u00e9, de le renvoyer dans les ge\u00f4les avec son escorte polici\u00e8re.<\/p>\n<p>\u00ab\u00a0Retourner chez ma m\u00e8re \u00e0 40 ans, c\u2019\u00e9tait dur\u00a0\u00bb<\/p>\n<p>Une sc\u00e8ne qui caract\u00e9rise bien le temp\u00e9rament de cet homme de 40 ans. Il a \u00e9t\u00e9 condamn\u00e9 pour&#8230;<\/p>\n","protected":false},"excerpt":{"rendered":"La mine triste, les cheveux en bataille, Geoffrey A. semble avoir du mal \u00e0 contenir sa frustration dans&hellip;\n","protected":false},"author":2,"featured_media":481286,"comment_status":"","ping_status":"","sticky":false,"template":"","format":"standard","meta":{"footnotes":""},"categories":[2820],"tags":[1111,11,271,272,2880,1777,674,274,107,1011,27,775,12,25,640,2879],"class_list":{"0":"post-481285","1":"post","2":"type-post","3":"status-publish","4":"format-standard","5":"has-post-thumbnail","7":"category-strasbourg","8":"tag-actu","9":"tag-actualites","10":"tag-crime","11":"tag-delit-et-contravention","12":"tag-edition-strasbourg","13":"tag-eu","14":"tag-europe","15":"tag-faits-divers-justice","16":"tag-fil-info","17":"tag-fr","18":"tag-france","19":"tag-grand-est","20":"tag-news","21":"tag-republique-francaise","22":"tag-strasbourg","23":"tag-strasbourg-ville"},"share_on_mastodon":{"url":"https:\/\/pubeurope.com\/@fr\/115416273182346203","error":""},"_links":{"self":[{"href":"https:\/\/www.europesays.com\/fr\/wp-json\/wp\/v2\/posts\/481285","targetHints":{"allow":["GET"]}}],"collection":[{"href":"https:\/\/www.europesays.com\/fr\/wp-json\/wp\/v2\/posts"}],"about":[{"href":"https:\/\/www.europesays.com\/fr\/wp-json\/wp\/v2\/types\/post"}],"author":[{"embeddable":true,"href":"https:\/\/www.europesays.com\/fr\/wp-json\/wp\/v2\/users\/2"}],"replies":[{"embeddable":true,"href":"https:\/\/www.europesays.com\/fr\/wp-json\/wp\/v2\/comments?post=481285"}],"version-history":[{"count":0,"href":"https:\/\/www.europesays.com\/fr\/wp-json\/wp\/v2\/posts\/481285\/revisions"}],"wp:featuredmedia":[{"embeddable":true,"href":"https:\/\/www.europesays.com\/fr\/wp-json\/wp\/v2\/media\/481286"}],"wp:attachment":[{"href":"https:\/\/www.europesays.com\/fr\/wp-json\/wp\/v2\/media?parent=481285"}],"wp:term":[{"taxonomy":"category","embeddable":true,"href":"https:\/\/www.europesays.com\/fr\/wp-json\/wp\/v2\/categories?post=481285"},{"taxonomy":"post_tag","embeddable":true,"href":"https:\/\/www.europesays.com\/fr\/wp-json\/wp\/v2\/tags?post=481285"}],"curies":[{"name":"wp","href":"https:\/\/api.w.org\/{rel}","templated":true}]}}