{"id":481291,"date":"2025-10-22T05:57:19","date_gmt":"2025-10-22T05:57:19","guid":{"rendered":"https:\/\/www.europesays.com\/fr\/481291\/"},"modified":"2025-10-22T05:57:19","modified_gmt":"2025-10-22T05:57:19","slug":"hotel-logements-commerces-un-nouveau-projet-immobilier-au-pied-de-la-gare-a-nantes","status":"publish","type":"post","link":"https:\/\/www.europesays.com\/fr\/481291\/","title":{"rendered":"H\u00f4tel, logements, commerces\u2026 Un nouveau projet immobilier au pied de la gare \u00e0 Nantes"},"content":{"rendered":"<p>            Par<br \/>\n        <strong><br \/>\n            <a href=\"https:\/\/actu.fr\/auteur\/thomas-bernard\" title=\"Consulter tous les articles de Thomas Bernard\" target=\"_blank\" rel=\"noopener\">Thomas Bernard<\/a><br \/>\n        <\/strong><\/p>\n<p>        Publi\u00e9 le<\/p>\n<p>            22 oct. 2025 \u00e0 7h32        <\/p>\n<p>Entam\u00e9e en 2020, la transformation urbaine du quartier gare sud se poursuit \u00e0 Nantes. Bati-Nantes et Lamotte, co-ma\u00eetres d\u2019ouvrage <a href=\"https:\/\/www.nantes-amenagement.fr\/commercialisation\/alto\/\" target=\"_blank\" rel=\"noopener\">du projet immobilier ALTO<\/a>, ont officialis\u00e9 un partenariat pour le lancement de travaux <strong>\u00ab\u2009d\u2019un projet d\u2019envergure\u2009\u00bb \u00e0 Nantes<\/strong>.<\/p>\n<p>H\u00f4tel, logements, parking, et commerces<\/p>\n<p class=\" wall-content\">Cet accord acte la construction d\u2019un <strong>h\u00f4tel Voco 4 \u00e9toiles<\/strong>, marque du groupe international IHG Hotels &amp; Resorts, \u00e0 Nantes. L\u2019exploitation du futur h\u00f4tel sera assur\u00e9e par Anolisa.<\/p>\n<p class=\" wall-content\"><a href=\"https:\/\/actu.fr\/pays-de-la-loire\/nantes_44109\/nantes-nouvelle-tour-hotel-logements-et-halle-gourmande-gros-chantier-en-vue-pres-de-la-gare_53428316.html\" target=\"_blank\" rel=\"noopener\">Le programme immobilier Alto<\/a> comprend \u00e9galement <strong>156 logements<\/strong> (libres, studios pour \u00e9tudiants et jeunes actifs, logements sociaux et BRS), la cr\u00e9ation du parking d\u00e9pose minute de la gare, des bureaux \u00ab\u2009\u00e9co-con\u00e7us\u2009\u00bb, <a href=\"https:\/\/actu.fr\/pays-de-la-loire\/nantes_44109\/d-ici-2025-a-nantes-une-halle-a-manger-biltoki-ouvrira-pres-de-la-gare-sncf_47522341.html\" target=\"_blank\" rel=\"noopener\">une halle gourmande et des commerces en rez-de-chauss\u00e9e<\/a>, ainsi que 2\u2009300 m\u00b2 d\u2019espaces paysagers.<\/p>\n<p class=\" wall-content\">Les premiers travaux ont commenc\u00e9 la semaine derni\u00e8re. Selon un communiqu\u00e9 de presse commun de Bati-Nantes et Lamotte, les livraisons s\u2019\u00e9chelonneront <strong>\u00e0 partir de 2027 pour une livraison totale de l\u2019op\u00e9ration \u00ab\u2009d\u2019ici fin 2028\u2009\u00bb<\/strong>.<\/p>\n<p class=\" wall-content\">Personnalisez votre actualit\u00e9 en ajoutant vos villes et m\u00e9dias en favori avec <a href=\"https:\/\/moncompte.actu.fr\" title=\"D\u00e9couvez Mon Actu\" rel=\"nofollow noopener\" data-trk=\"{&quot;cta&quot;:{&quot;action&quot;:&quot;https:\\\/\\\/moncompte.actu.fr&quot;,&quot;category&quot;:&quot;mon compte&quot;,&quot;from&quot;:&quot;article footer&quot;,&quot;name&quot;:&quot;Mon actu&quot;,&quot;type&quot;:&quot;cta&quot;}}\" target=\"_blank\">Mon Actu<\/a>.<\/p>\n","protected":false},"excerpt":{"rendered":"Par Thomas Bernard Publi\u00e9 le 22 oct. 2025 \u00e0 7h32 Entam\u00e9e en 2020, la transformation urbaine du quartier&hellip;\n","protected":false},"author":2,"featured_media":481292,"comment_status":"","ping_status":"","sticky":false,"template":"","format":"standard","meta":{"footnotes":""},"categories":[2818],"tags":[1111,11,1777,674,1011,27,1116,766,12,2636,5765,25,104],"class_list":{"0":"post-481291","1":"post","2":"type-post","3":"status-publish","4":"format-standard","5":"has-post-thumbnail","7":"category-nantes","8":"tag-actu","9":"tag-actualites","10":"tag-eu","11":"tag-europe","12":"tag-fr","13":"tag-france","14":"tag-immobilier","15":"tag-nantes","16":"tag-news","17":"tag-pays-de-la-loire","18":"tag-renovation-urbaine","19":"tag-republique-francaise","20":"tag-societe"},"share_on_mastodon":{"url":"https:\/\/pubeurope.com\/@fr\/115416284863963260","error":""},"_links":{"self":[{"href":"https:\/\/www.europesays.com\/fr\/wp-json\/wp\/v2\/posts\/481291","targetHints":{"allow":["GET"]}}],"collection":[{"href":"https:\/\/www.europesays.com\/fr\/wp-json\/wp\/v2\/posts"}],"about":[{"href":"https:\/\/www.europesays.com\/fr\/wp-json\/wp\/v2\/types\/post"}],"author":[{"embeddable":true,"href":"https:\/\/www.europesays.com\/fr\/wp-json\/wp\/v2\/users\/2"}],"replies":[{"embeddable":true,"href":"https:\/\/www.europesays.com\/fr\/wp-json\/wp\/v2\/comments?post=481291"}],"version-history":[{"count":0,"href":"https:\/\/www.europesays.com\/fr\/wp-json\/wp\/v2\/posts\/481291\/revisions"}],"wp:featuredmedia":[{"embeddable":true,"href":"https:\/\/www.europesays.com\/fr\/wp-json\/wp\/v2\/media\/481292"}],"wp:attachment":[{"href":"https:\/\/www.europesays.com\/fr\/wp-json\/wp\/v2\/media?parent=481291"}],"wp:term":[{"taxonomy":"category","embeddable":true,"href":"https:\/\/www.europesays.com\/fr\/wp-json\/wp\/v2\/categories?post=481291"},{"taxonomy":"post_tag","embeddable":true,"href":"https:\/\/www.europesays.com\/fr\/wp-json\/wp\/v2\/tags?post=481291"}],"curies":[{"name":"wp","href":"https:\/\/api.w.org\/{rel}","templated":true}]}}