{"id":481293,"date":"2025-10-22T05:58:12","date_gmt":"2025-10-22T05:58:12","guid":{"rendered":"https:\/\/www.europesays.com\/fr\/481293\/"},"modified":"2025-10-22T05:58:12","modified_gmt":"2025-10-22T05:58:12","slug":"le-cic-u-nantes-en-milieu-de-tableau","status":"publish","type":"post","link":"https:\/\/www.europesays.com\/fr\/481293\/","title":{"rendered":"le CIC U Nantes en milieu de tableau"},"content":{"rendered":"<p>Avec une 86\u00e8me place au classement UCI, le bilan 2025 du CIC U Nantes Atlantique se situe dans la moyenne. En effet, sur la totalit\u00e9 des structures inscrites, <strong><a href=\"https:\/\/www.uci.org\/discipline\/road\/6TBjsDD8902tud440iv1Cu?tab=rankings\" target=\"_blank\" rel=\"noreferrer noopener\">elle se trouve en milieu de tableau<\/a><\/strong>. Une saison \u00ab\u00a0moyenne\u00a0\u00bb qui se traduit \u00e9galement par l\u2019absence de victoires, m\u00eame si certains coureurs, comme <strong>Axel Mariault<\/strong> ont apport\u00e9 de belles places d\u2019honneur.<\/p>\n<p>Le point positif pour le CIC U Nantes r\u00e9side dans le fait d\u2019envoyer une nouvelle fois un coureur \u00ab\u00a0au-dessus\u00a0\u00bb. Ce sera en effet le cas de <strong><a href=\"https:\/\/www.velo-club.net\/actualites\/yael-joalland-sest-engage-avec-lequipe-cofidis\/\" target=\"_blank\" rel=\"noopener\">Yael Joalland<\/a><\/strong>, qui s\u2019est engag\u00e9 avec la formation Cofidis. Apr\u00e8s Jordan Jegat, Nolann Mahoudo et Cl\u00e9ment Braz Afonso, Joalland sera d\u00e9j\u00e0 le quatri\u00e8me coureur \u00e0 quitter Nantes pour rejoindre au moins la Pro Team, une belle satisfaction pour les \u00e9quipes d\u2019Anthony Ravard.<\/p>\n<p><strong>Chiffres cl\u00e9s 2025<\/strong><\/p>\n<ul class=\"wp-block-list\">\n<li>Victoires UCI : 0<\/li>\n<li>Classement UCI : 86\u00e8me<\/li>\n<li>Meilleur performance : Axel Mariault, 3\u00e8me de la Polynormande<\/li>\n<\/ul>\n","protected":false},"excerpt":{"rendered":"Avec une 86\u00e8me place au classement UCI, le bilan 2025 du CIC U Nantes Atlantique se situe dans&hellip;\n","protected":false},"author":2,"featured_media":481294,"comment_status":"","ping_status":"","sticky":false,"template":"","format":"standard","meta":{"footnotes":""},"categories":[2818],"tags":[2202,1111,11,1777,674,1011,27,766,12,2636,25],"class_list":{"0":"post-481293","1":"post","2":"type-post","3":"status-publish","4":"format-standard","5":"has-post-thumbnail","7":"category-nantes","8":"tag-a-decouvrir","9":"tag-actu","10":"tag-actualites","11":"tag-eu","12":"tag-europe","13":"tag-fr","14":"tag-france","15":"tag-nantes","16":"tag-news","17":"tag-pays-de-la-loire","18":"tag-republique-francaise"},"share_on_mastodon":{"url":"https:\/\/pubeurope.com\/@fr\/115416288741549672","error":""},"_links":{"self":[{"href":"https:\/\/www.europesays.com\/fr\/wp-json\/wp\/v2\/posts\/481293","targetHints":{"allow":["GET"]}}],"collection":[{"href":"https:\/\/www.europesays.com\/fr\/wp-json\/wp\/v2\/posts"}],"about":[{"href":"https:\/\/www.europesays.com\/fr\/wp-json\/wp\/v2\/types\/post"}],"author":[{"embeddable":true,"href":"https:\/\/www.europesays.com\/fr\/wp-json\/wp\/v2\/users\/2"}],"replies":[{"embeddable":true,"href":"https:\/\/www.europesays.com\/fr\/wp-json\/wp\/v2\/comments?post=481293"}],"version-history":[{"count":0,"href":"https:\/\/www.europesays.com\/fr\/wp-json\/wp\/v2\/posts\/481293\/revisions"}],"wp:featuredmedia":[{"embeddable":true,"href":"https:\/\/www.europesays.com\/fr\/wp-json\/wp\/v2\/media\/481294"}],"wp:attachment":[{"href":"https:\/\/www.europesays.com\/fr\/wp-json\/wp\/v2\/media?parent=481293"}],"wp:term":[{"taxonomy":"category","embeddable":true,"href":"https:\/\/www.europesays.com\/fr\/wp-json\/wp\/v2\/categories?post=481293"},{"taxonomy":"post_tag","embeddable":true,"href":"https:\/\/www.europesays.com\/fr\/wp-json\/wp\/v2\/tags?post=481293"}],"curies":[{"name":"wp","href":"https:\/\/api.w.org\/{rel}","templated":true}]}}