{"id":481322,"date":"2025-10-22T06:15:13","date_gmt":"2025-10-22T06:15:13","guid":{"rendered":"https:\/\/www.europesays.com\/fr\/481322\/"},"modified":"2025-10-22T06:15:13","modified_gmt":"2025-10-22T06:15:13","slug":"pourquoi-donald-trump-ne-rencontrera-finalement-pas-vladimir-poutine-prochainement-lexpress","status":"publish","type":"post","link":"https:\/\/www.europesays.com\/fr\/481322\/","title":{"rendered":"pourquoi Donald Trump ne rencontrera finalement pas Vladimir Poutine prochainement \u2013 L&rsquo;Express"},"content":{"rendered":"<p class=\"paragraph article-body-paragraph article__item   article-body-paragraph--first \">Une strat\u00e9gie difficilement lisible. Le pr\u00e9sident am\u00e9ricain Donald Trump a op\u00e9r\u00e9 un \u00e9ni\u00e8me revirement sur sa position vis-\u00e0-vis de <a href=\"https:\/\/www.lexpress.fr\/monde\/la-cia-a-vole-les-plans-de-guerre-de-poutine-en-ukraine-les-revelations-dun-celebre-journaliste-R6YL2D7SCZANVJ7D3UKXY2YPCM\/\" target=\"_self\" rel=\"nofollow noopener\" title=\"https:\/\/www.lexpress.fr\/monde\/la-cia-a-vole-les-plans-de-guerre-de-poutine-en-ukraine-les-revelations-dun-celebre-journaliste-R6YL2D7SCZANVJ7D3UKXY2YPCM\/\">la guerre en Ukraine<\/a>, mardi 21 octobre. Apr\u00e8s un long appel avec son homologue russe Vladimir Poutine la semaine derni\u00e8re, les deux hommes avaient convenu, selon Washington, de <a href=\"https:\/\/www.lexpress.fr\/monde\/europe\/ukraine-les-missiles-tomahawk-sujet-principal-de-la-visite-de-volodymyr-zelensky-a-washington-H2MMGWIQHBANPK7ON7FYQLITVY\/\" target=\"_self\" rel=\"nofollow noopener\" title=\"https:\/\/www.lexpress.fr\/monde\/europe\/ukraine-les-missiles-tomahawk-sujet-principal-de-la-visite-de-volodymyr-zelensky-a-washington-H2MMGWIQHBANPK7ON7FYQLITVY\/\">se rencontrer \u00ab\u00a0dans les deux prochaines semaines\u00a0\u00bb \u00e0 Budapest<\/a>, plus de deux mois apr\u00e8s leur pr\u00e9c\u00e9dent sommet d\u2019Anchorage, en Alaska. Mais ce nouveau t\u00eate-\u00e0-t\u00eate en Hongrie, pourtant confirm\u00e9 par Donald Trump lui-m\u00eame, para\u00eet d\u00e9sormais s\u2019\u00e9loigner.<\/p>\n<p class=\"paragraph article-body-paragraph article__item   \">Face aux journalistes, le milliardaire r\u00e9publicain a simplement indiqu\u00e9 qu\u2019il ne souhaitait pas participer <a href=\"https:\/\/www.lexpress.fr\/monde\/europe\/guerre-en-ukraine-donald-trump-ne-veut-pas-dune-rencontre-pour-rien-avec-vladimir-poutine-FRLPU5PZB5DJXH4LOGADJKLJGA\/\" target=\"_self\" rel=\"nofollow noopener\" title=\"https:\/\/www.lexpress.fr\/monde\/europe\/guerre-en-ukraine-donald-trump-ne-veut-pas-dune-rencontre-pour-rien-avec-vladimir-poutine-FRLPU5PZB5DJXH4LOGADJKLJGA\/\">\u00e0 \u00ab\u00a0une rencontre pour rien\u00a0\u00bb<\/a> avec le pr\u00e9sident russe. \u00ab\u00a0Je ne veux pas de perte de temps, donc on verra ce qu\u2019il va se passer\u00a0\u00bb a-t-il ajout\u00e9, depuis la Maison-Blanche. Plus t\u00f4t dans la journ\u00e9e, le porte-parole du Kremlin, Dmitri Peskov, avait douch\u00e9 les espoirs d\u2019une rencontre rapide. \u00ab\u00a0On ne peut pas reporter quelque chose qui n\u2019a pas \u00e9t\u00e9 convenu\u00a0\u00bb, a-t-il dit lors d\u2019un point presse, indiquant qu\u2019\u00a0\u00bbaucun calendrier pr\u00e9cis n\u2019avait \u00e9t\u00e9 initialement fix\u00e9\u00a0\u00bb.<\/p>\n<p>Chaud-froid entre Washington et Moscou<\/p>\n<p class=\"paragraph article-body-paragraph article__item   \">En l\u2019espace de quelques jours, que s\u2019est-il pass\u00e9 entre les parties am\u00e9ricaine et russe ? D\u2019apr\u00e8s une source proche du dossier interrog\u00e9e par <a href=\"https:\/\/edition.cnn.com\/2025\/10\/20\/politics\/trump-putin-meeting-possible-delay-russia-ukraine\" rel=\"nofollow noopener\" target=\"_blank\">CNN<\/a>, l\u2019intransigeance de Moscou, qui n\u2019a pas \u00e9volu\u00e9 sur ses demandes pour mettre un terme \u00e0 la guerre en Ukraine, a pu jouer en d\u00e9faveur de la tenue de ce nouvel entretien bilat\u00e9ral. Mardi, le ministre russe des Affaires \u00e9trang\u00e8res a par exemple soulign\u00e9 que la Russie refuserait la solution d\u2019un conflit gel\u00e9 en Ukraine. Sergue\u00ef Lavrov <a href=\"https:\/\/www.lexpress.fr\/monde\/europe\/ukraine-volodymyr-zelensky-pret-a-se-joindre-a-donald-trump-et-vladimir-poutine-en-hongrie-I2D5LPDENZGKTOC22BLNKWJVSI\/\" target=\"_self\" rel=\"nofollow noopener\" title=\"https:\/\/www.lexpress.fr\/monde\/europe\/ukraine-volodymyr-zelensky-pret-a-se-joindre-a-donald-trump-et-vladimir-poutine-en-hongrie-I2D5LPDENZGKTOC22BLNKWJVSI\/\">s\u2019\u00e9tait entretenu avec le secr\u00e9taire d\u2019\u00c9tat Marco Rubio<\/a> lundi, sans qu\u2019une nouvelle r\u00e9union entre les deux hommes ne soit de nouveau fix\u00e9e.<\/p>\n<p><strong class=\"article-body-link-list__item text-gray-800 article-body-link-list__item--one-item\">LIRE AUSSI : <a class=\"article-body-link-list__item-link\" href=\"https:\/\/www.lexpress.fr\/idees-et-debats\/alexander-j-motyl-avec-vladimir-poutine-la-russie-est-devenue-un-etat-vassal-de-la-chine-GCECENAFMVCH7BQDWTIEQUD4F4\/\" rel=\"nofollow noopener\" target=\"_blank\">Alexander J. Motyl : \u00ab\u00a0Avec Vladimir Poutine, la Russie est devenue un Etat vassal de la Chine\u00a0\u00bb<\/a><\/strong><\/p>\n<p class=\"paragraph article-body-paragraph article__item   \">Ce retournement de situation intervient quelques jours apr\u00e8s la r\u00e9ception, vendredi, de Volodymyr Zelensky \u00e0 la Maison-Blanche. Apr\u00e8s un r\u00e9chauffement des relations avec Donald Trump ces derniers mois, le pr\u00e9sident ukrainien a cette fois \u00e9t\u00e9 refroidi par l\u2019accueil r\u00e9serv\u00e9 par son h\u00f4te am\u00e9ricain. Un haut responsable du camp du dirigeant europ\u00e9en a pr\u00e9cis\u00e9 aupr\u00e8s de l\u2019AFP que les \u00e9changes lors de cette conversation avaient \u00e9t\u00e9 \u00ab\u00a0tendus\u00a0\u00bb. D\u2019apr\u00e8s la m\u00eame source, le pr\u00e9sident am\u00e9ricain aurait tent\u00e9 de persuader Volodymyr Zelensky <a href=\"https:\/\/www.lexpress.fr\/monde\/europe\/ukraine-des-concessions-territoriales-ne-peuvent-etre-negociees-que-par-volodymyr-zelensky-dit-HV7H23SXBFACDGNMLLP4XXVRKI\/\" target=\"_self\" rel=\"nofollow noopener\" title=\"https:\/\/www.lexpress.fr\/monde\/europe\/ukraine-des-concessions-territoriales-ne-peuvent-etre-negociees-que-par-volodymyr-zelensky-dit-HV7H23SXBFACDGNMLLP4XXVRKI\/\">de c\u00e9der le Donbass \u00e0 la Russie<\/a> afin d\u2019obtenir la paix.<\/p>\n<\/p>\n<p class=\"paragraph article-body-paragraph article__item   \">Un choix laissant entendre que Donald Trump se montrait de nouveau plus attentif aux arguments de Moscou qu\u2019\u00e0 ceux de Kiev. Avant cet entretien, il avait \u00e9galement dit envisager <a href=\"https:\/\/www.lexpress.fr\/monde\/europe\/guerre-en-ukraine-une-delegation-a-rencontre-aux-etats-unis-des-fabricants-de-missiles-tomahawk-KVYUHWFWWFFRNAUSOHF2ISXVZI\/\" target=\"_self\" rel=\"nofollow noopener\" title=\"https:\/\/www.lexpress.fr\/monde\/europe\/guerre-en-ukraine-une-delegation-a-rencontre-aux-etats-unis-des-fabricants-de-missiles-tomahawk-KVYUHWFWWFFRNAUSOHF2ISXVZI\/\">l\u2019envoi de missiles am\u00e9ricains longue port\u00e9e Tomahawk<\/a> \u00e0 l\u2019Ukraine. \u00ab\u00a0Je pourrais dire [\u00e0 Vladimir Poutine] : regarde, si cette guerre n\u2019est pas r\u00e9gl\u00e9e, je vais leur livrer des Tomahawk\u00a0\u00bb, avait-il d\u00e9velopp\u00e9 en d\u00e9but de semaine derni\u00e8re. \u00ab\u00a0On pourrait le faire, ou pas, mais je crois que c\u2019est important de mettre \u00e7a sur la table.\u00a0\u00bb Volodymyr Zelensky esp\u00e9rait achever de le convaincre sur le sujet. Sans succ\u00e8s.<\/p>\n<p>\u00ab\u00a0Faire pression sur Poutine\u00a0\u00bb<\/p>\n<p class=\"paragraph article-body-paragraph article__item   \">Mardi, le pr\u00e9sident ukrainien a expliqu\u00e9 ne pas abandonner sa volont\u00e9 de trouver de nouvelles armes pour contenir les offensives russes \u00e0 l\u2019est du pays. Mais aussi dissuader le Kremlin <a href=\"https:\/\/www.lexpress.fr\/monde\/face-a-poutine-il-faut-sonner-la-mobilisation-generale-les-nouveaux-risques-geopolitiques-vus-par-Q2ODSQC7BFBSNBIATGGD3TMRPI\/\" target=\"_self\" rel=\"nofollow noopener\" title=\"https:\/\/www.lexpress.fr\/monde\/face-a-poutine-il-faut-sonner-la-mobilisation-generale-les-nouveaux-risques-geopolitiques-vus-par-Q2ODSQC7BFBSNBIATGGD3TMRPI\/\">d\u2019autres actions militaires<\/a> contre son pays. \u00ab\u00a0D\u00e8s que la question des capacit\u00e9s \u00e0 long terme s\u2019est \u00e9loign\u00e9e de nous \u2013 pour l\u2019Ukraine \u2013, la Russie s\u2019est presque automatiquement d\u00e9sint\u00e9ress\u00e9e de la diplomatie. C\u2019est un signe que cette question \u2013 celle des capacit\u00e9s \u00e0 long terme \u2013 pourrait \u00eatre la cl\u00e9 indispensable de la paix\u00a0\u00bb, a-t-il d\u00e9taill\u00e9 lors de son discours quotidien.<\/p>\n<p class=\"paragraph article-body-paragraph article__item   \">Plusieurs experts en relations internationales partagent peu ou prou la m\u00eame opinion. \u00ab\u00a0Poutine s\u2019inqui\u00e9tait <a href=\"https:\/\/www.lexpress.fr\/monde\/europe\/donald-trump-recule-encore-dans-son-soutien-a-lukraine-et-retombe-dans-le-piege-de-vladimir-poutine-VM7F4DWRX5DHVCMF6GR7CO4FMM\/\" target=\"_self\" rel=\"nofollow noopener\" title=\"https:\/\/www.lexpress.fr\/monde\/europe\/donald-trump-recule-encore-dans-son-soutien-a-lukraine-et-retombe-dans-le-piege-de-vladimir-poutine-VM7F4DWRX5DHVCMF6GR7CO4FMM\/\">des Tomahawk<\/a>, il a demand\u00e9 un appel t\u00e9l\u00e9phonique [aux Am\u00e9ricains] et a au moins retard\u00e9 leur arriv\u00e9e\u00a0\u00bb, signale William B. Taylor, ancien ambassadeur des \u00c9tats-Unis en Ukraine, aupr\u00e8s du <a href=\"https:\/\/www.nytimes.com\/2025\/10\/21\/us\/politics\/trump-putin-ukraine-meeting.html\" rel=\"nofollow noopener\" target=\"_blank\">New York Times<\/a>. \u00ab\u00a0La question est de savoir si Trump comprendra, et quand, que pour obtenir les r\u00e9sultats escompt\u00e9s, il doit faire pression <a href=\"https:\/\/www.lexpress.fr\/monde\/europe\/ukraine-donald-trump-a-rendez-vous-avec-volodymyr-zelensky-avant-une-rencontre-prochaine-avec-CWHHHJNDFJHDBHUJ3UWG5PTTXI\/\" target=\"_self\" rel=\"nofollow noopener\" title=\"https:\/\/www.lexpress.fr\/monde\/europe\/ukraine-donald-trump-a-rendez-vous-avec-volodymyr-zelensky-avant-une-rencontre-prochaine-avec-CWHHHJNDFJHDBHUJ3UWG5PTTXI\/\">sur Poutine<\/a>\u00ab\u00a0, observe pour sa part l\u2019ex-diplomate am\u00e9ricain Daniel Fried, \u00e9galement interrog\u00e9 par le quotidien de la c\u00f4te est. \u00ab\u00a0Poutine continue de se jouer de lui.\u00a0\u00bb<\/p>\n<p><strong class=\"article-body-link-list__item text-gray-800 article-body-link-list__item--one-item\">LIRE AUSSI : <a class=\"article-body-link-list__item-link\" href=\"https:\/\/www.lexpress.fr\/idees-et-debats\/guerre-en-ukraine-tous-les-ingredients-dune-dangereuse-escalade-sont-reunis-par-peter-schroeder-ex-GBNMNVIL3BH6RJZXQLUHJKSYKE\/\" rel=\"nofollow noopener\" target=\"_blank\">Guerre en Ukraine : tous les ingr\u00e9dients d\u2019une dangereuse escalade sont r\u00e9unis, par Peter Schroeder (ex-CIA)<\/a><\/strong><\/p>\n<p class=\"paragraph article-body-paragraph article__item    article__text__endpicto\">Galvanis\u00e9 par <a href=\"https:\/\/www.lexpress.fr\/monde\/proche-moyen-orient\/gaza-le-hamas-reaffirme-vouloir-respecter-laccord-de-cessez-le-feu-signe-avec-israel-QHV57E6YBFABXHXX3IKKFN2NPE\/\" target=\"_self\" rel=\"nofollow noopener\" title=\"https:\/\/www.lexpress.fr\/monde\/proche-moyen-orient\/gaza-le-hamas-reaffirme-vouloir-respecter-laccord-de-cessez-le-feu-signe-avec-israel-QHV57E6YBFABXHXX3IKKFN2NPE\/\">son r\u00e9cent succ\u00e8s au Proche-Orient<\/a> et la signature d\u2019un cessez-le-feu entre Isra\u00ebl et le Hamas, Donald Trump esp\u00e8re toujours trouver la solution pour conclure un accord entre Kiev et Moscou. Mardi, lors d\u2019un discours devant les s\u00e9nateurs r\u00e9publicains, il a paru faire allusion \u00e0 la guerre en Ukraine. Tout en assurant, dans son style caract\u00e9ristique, demeurer l\u2019homme de la situation pour trouver la paix : \u00ab\u00a0Ils disent : &lsquo;tu es le troisi\u00e8me meilleur pr\u00e9sident&rsquo; \u2013 c\u2019\u00e9tait \u00e0 la t\u00e9l\u00e9vision. Et ils ont demand\u00e9 : &lsquo;Qui sont les 2 premiers ? Washington et Lincoln&rsquo;. [\u2026] \u00c7a va \u00eatre tr\u00e8s difficile de [les] battre. Mais on va essayer, non ? Ils n\u2019ont pas \u00e9teint huit guerres\u2026 Et la neuvi\u00e8me arrive, que vous le croyiez ou non !\u00a0\u00bb.<\/p>\n","protected":false},"excerpt":{"rendered":"Une strat\u00e9gie difficilement lisible. Le pr\u00e9sident am\u00e9ricain Donald Trump a op\u00e9r\u00e9 un \u00e9ni\u00e8me revirement sur sa position vis-\u00e0-vis&hellip;\n","protected":false},"author":2,"featured_media":481323,"comment_status":"","ping_status":"","sticky":false,"template":"","format":"standard","meta":{"footnotes":""},"categories":[1591],"tags":[11,782,674,1887,74,12,1885,1886,132],"class_list":{"0":"post-481322","1":"post","2":"type-post","3":"status-publish","4":"format-standard","5":"has-post-thumbnail","7":"category-russie","8":"tag-actualites","9":"tag-ameriques","10":"tag-europe","11":"tag-federation-de-russie","12":"tag-monde","13":"tag-news","14":"tag-russia","15":"tag-russian-federation","16":"tag-russie"},"share_on_mastodon":{"url":"https:\/\/pubeurope.com\/@fr\/115416355640326714","error":""},"_links":{"self":[{"href":"https:\/\/www.europesays.com\/fr\/wp-json\/wp\/v2\/posts\/481322","targetHints":{"allow":["GET"]}}],"collection":[{"href":"https:\/\/www.europesays.com\/fr\/wp-json\/wp\/v2\/posts"}],"about":[{"href":"https:\/\/www.europesays.com\/fr\/wp-json\/wp\/v2\/types\/post"}],"author":[{"embeddable":true,"href":"https:\/\/www.europesays.com\/fr\/wp-json\/wp\/v2\/users\/2"}],"replies":[{"embeddable":true,"href":"https:\/\/www.europesays.com\/fr\/wp-json\/wp\/v2\/comments?post=481322"}],"version-history":[{"count":0,"href":"https:\/\/www.europesays.com\/fr\/wp-json\/wp\/v2\/posts\/481322\/revisions"}],"wp:featuredmedia":[{"embeddable":true,"href":"https:\/\/www.europesays.com\/fr\/wp-json\/wp\/v2\/media\/481323"}],"wp:attachment":[{"href":"https:\/\/www.europesays.com\/fr\/wp-json\/wp\/v2\/media?parent=481322"}],"wp:term":[{"taxonomy":"category","embeddable":true,"href":"https:\/\/www.europesays.com\/fr\/wp-json\/wp\/v2\/categories?post=481322"},{"taxonomy":"post_tag","embeddable":true,"href":"https:\/\/www.europesays.com\/fr\/wp-json\/wp\/v2\/tags?post=481322"}],"curies":[{"name":"wp","href":"https:\/\/api.w.org\/{rel}","templated":true}]}}