{"id":481328,"date":"2025-10-22T06:18:11","date_gmt":"2025-10-22T06:18:11","guid":{"rendered":"https:\/\/www.europesays.com\/fr\/481328\/"},"modified":"2025-10-22T06:18:11","modified_gmt":"2025-10-22T06:18:11","slug":"la-livre-sterling-recule-apres-une-inflation-inferieure-aux-previsions-au-royaume-uni","status":"publish","type":"post","link":"https:\/\/www.europesays.com\/fr\/481328\/","title":{"rendered":"La livre sterling recule apr\u00e8s une inflation inf\u00e9rieure aux pr\u00e9visions au Royaume-Uni"},"content":{"rendered":"<p>La livre sterling a recul\u00e9 face au dollar et \u00e0 l&rsquo;euro mercredi, apr\u00e8s la publication de chiffres montrant que le taux annuel d&rsquo;inflation des prix \u00e0 la consommation au Royaume-Uni est rest\u00e9 stable \u00e0 3,8\u00a0% en septembre.<\/p>\n<p>Les \u00e9conomistes interrog\u00e9s par Reuters anticipaient une hausse de l&rsquo;indicateur principal de l&rsquo;inflation \u00e0 4\u00a0% le mois dernier.<\/p>\n<p>La livre sterling s&rsquo;est r\u00e9cemment repli\u00e9e de 0,23\u00a0% face au dollar, \u00e0 1,3342\u00a0$. Face \u00e0 l&rsquo;euro, elle a perdu 0,3\u00a0% \u00e0 86,99 pence.<\/p>\n","protected":false},"excerpt":{"rendered":"La livre sterling a recul\u00e9 face au dollar et \u00e0 l&rsquo;euro mercredi, apr\u00e8s la publication de chiffres montrant&hellip;\n","protected":false},"author":2,"featured_media":481329,"comment_status":"","ping_status":"","sticky":false,"template":"","format":"standard","meta":{"footnotes":""},"categories":[1588],"tags":[11,340,1777,674,12,473,1853,1851,1850,1852],"class_list":{"0":"post-481328","1":"post","2":"type-post","3":"status-publish","4":"format-standard","5":"has-post-thumbnail","7":"category-royaume-uni","8":"tag-actualites","9":"tag-bourse","10":"tag-eu","11":"tag-europe","12":"tag-news","13":"tag-royaume-uni","14":"tag-royaume-uni-de-grande-bretagne-et-dirlande-du-nord","15":"tag-uk","16":"tag-united-kingdom","17":"tag-united-kingdom-of-great-britain-and-northern-ireland"},"share_on_mastodon":{"url":"https:\/\/pubeurope.com\/@fr\/115416367360370167","error":""},"_links":{"self":[{"href":"https:\/\/www.europesays.com\/fr\/wp-json\/wp\/v2\/posts\/481328","targetHints":{"allow":["GET"]}}],"collection":[{"href":"https:\/\/www.europesays.com\/fr\/wp-json\/wp\/v2\/posts"}],"about":[{"href":"https:\/\/www.europesays.com\/fr\/wp-json\/wp\/v2\/types\/post"}],"author":[{"embeddable":true,"href":"https:\/\/www.europesays.com\/fr\/wp-json\/wp\/v2\/users\/2"}],"replies":[{"embeddable":true,"href":"https:\/\/www.europesays.com\/fr\/wp-json\/wp\/v2\/comments?post=481328"}],"version-history":[{"count":0,"href":"https:\/\/www.europesays.com\/fr\/wp-json\/wp\/v2\/posts\/481328\/revisions"}],"wp:featuredmedia":[{"embeddable":true,"href":"https:\/\/www.europesays.com\/fr\/wp-json\/wp\/v2\/media\/481329"}],"wp:attachment":[{"href":"https:\/\/www.europesays.com\/fr\/wp-json\/wp\/v2\/media?parent=481328"}],"wp:term":[{"taxonomy":"category","embeddable":true,"href":"https:\/\/www.europesays.com\/fr\/wp-json\/wp\/v2\/categories?post=481328"},{"taxonomy":"post_tag","embeddable":true,"href":"https:\/\/www.europesays.com\/fr\/wp-json\/wp\/v2\/tags?post=481328"}],"curies":[{"name":"wp","href":"https:\/\/api.w.org\/{rel}","templated":true}]}}