{"id":481332,"date":"2025-10-22T06:20:12","date_gmt":"2025-10-22T06:20:12","guid":{"rendered":"https:\/\/www.europesays.com\/fr\/481332\/"},"modified":"2025-10-22T06:20:12","modified_gmt":"2025-10-22T06:20:12","slug":"les-cyberattaques-ont-explose-a-travers-leurope-en-2025","status":"publish","type":"post","link":"https:\/\/www.europesays.com\/fr\/481332\/","title":{"rendered":"Les cyberattaques ont explos\u00e9 \u00e0 travers l\u2019Europe en 2025"},"content":{"rendered":"<p>  Par&amp;nbsp<a href=\"https:\/\/fr.euronews.com\/profils\/2914\" target=\"_blank\" rel=\"noopener\">Jo\u00e3o Azevedo<\/a>&amp;nbsp&amp;&amp;nbsp<b>Jean-Philippe LIABOT<\/b><\/p>\n<p>\n         Publi\u00e9 le<br \/>\n            22\/10\/2025 &#8211; 6:46 UTC+2\n            <\/p>\n<p><a href=\"https:\/\/fr.euronews.com\/tag\/cyberattaque\" target=\"_blank\" rel=\"noopener\"><strong>Les cyberattaques<\/strong><\/a> ont augment\u00e9 de mani\u00e8re exponentielle au Portugal au cours des six premiers mois de 2025, avec 14 incidents de ce type enregistr\u00e9s, selon le <a href=\"https:\/\/acrobat.adobe.com\/id\/urn:aaid:sc:EU:cf468c6a-29e8-4269-89c7-1230cb743312\" target=\"_blank\" rel=\"noreferrer noopener\"><strong>rapport<\/strong><\/a> semestriel de <strong>Thales<\/strong>. Il s&rsquo;agit d&rsquo;une augmentation de 180 % par rapport au second semestre de l&rsquo;ann\u00e9e derni\u00e8re.<\/p>\n<p><strong>Le groupe de pirates informatiques AKIRA<\/strong> est la plus grande menace dans le pays, avec trois attaques enregistr\u00e9es, suivi par <strong>Nightspire, Nitrogen et Warlock<\/strong>, avec deux attaques chacun.<\/p>\n<p>Ces groupes de ransomware ont intensifi\u00e9 la fr\u00e9quence de leurs attaques, qui deviennent de plus en plus sophistiqu\u00e9es. Bien que l&rsquo;on continue d&rsquo;observer l&rsquo;utilisation du <strong>mod\u00e8le RaaS<\/strong> ( ransomware-as-a-service ), dans lequel le logiciel malveillant est fourni \u00e0 des tiers en \u00e9change d&rsquo;un pourcentage des b\u00e9n\u00e9fices r\u00e9alis\u00e9s, certains de ces acteurs se concentrent de plus en plus sur le vol et l&rsquo;extorsion de donn\u00e9es, en excluant le composant de chiffrement de l&rsquo;infrastructure attaqu\u00e9e, une tendance qui d\u00e9montre un changement dans les sch\u00e9mas des ransomwares.<\/p>\n<p>\u00c0 l&rsquo;\u00e9chelle internationale, on observe une augmentation de 29,7 % des ransomwares par rapport au second semestre 2024. <strong>Les \u00c9tats-Unis et le Canada<\/strong> sont les pays les plus cibl\u00e9s, tandis qu&rsquo;en Europe, <strong>l&rsquo;Allemagne, le Royaume-Uni et l&rsquo;Italie<\/strong> sont en t\u00eate de liste avec respectivement 151, 141 et 92 attaques.<\/p>\n<p><strong>Le secteur industriel<\/strong> reste le plus touch\u00e9 avec 1 318 attaques, suivi par le conseil (464) et les services (273), ce qui confirme la vuln\u00e9rabilit\u00e9 particuli\u00e8re des industries critiques et de celles qui sont fortement num\u00e9ris\u00e9es.<\/p>\n<p><strong>L&rsquo;\u00e9nergie et la sant\u00e9 de plus en plus expos\u00e9es<\/strong><\/p>\n<p>En tant que services essentiels \u00e0 la soci\u00e9t\u00e9, la sant\u00e9 et l&rsquo;\u00e9nergie sont les secteurs qui ont connu la plus forte augmentation des op\u00e9rations malveillantes en ligne.<\/p>\n<p>En 2025, au moins 243 ransomwares ont d\u00e9j\u00e0 cibl\u00e9 <strong>des organismes de sant\u00e9<\/strong>, ce qui en fait l&rsquo;une des menaces les plus importantes dans ce domaine. Toutefois, d&rsquo;autres techniques sont \u00e9galement utilis\u00e9es, notamment des campagnes d&rsquo;ing\u00e9nierie sociale, des fuites de donn\u00e9es, des attaques contre la cha\u00eene d&rsquo;approvisionnement et l&rsquo;exploitation des vuln\u00e9rabilit\u00e9s des dispositifs m\u00e9dicaux.<\/p>\n<p>Quant au <strong>secteur de l&rsquo;\u00e9nergie<\/strong>, il a subi des attaques pour des raisons financi\u00e8res, car il est consid\u00e9r\u00e9 comme tr\u00e8s rentable par les cybercriminels, mais il y a aussi des motivations politiques. Des groupes parrain\u00e9s par des \u00c9tats ainsi que des groupes d&rsquo;hacktivistes lancent des cyber-offensives contre les infrastructures \u00e9nerg\u00e9tiques en raison de leurs liens avec des entit\u00e9s gouvernementales et de leur capacit\u00e9 \u00e0 perturber gravement la vie quotidienne des citoyens.<\/p>\n<p><strong>La d\u00e9fense<\/strong> reste une cible strat\u00e9gique pour les attaques sophistiqu\u00e9es car elle implique le traitement d&rsquo;informations classifi\u00e9es, ainsi que l&rsquo;utilisation de technologies critiques et d&rsquo;infrastructures essentielles : des groupes APT ont men\u00e9 des activit\u00e9s de cyber espionnage, des attaques destructrices et des op\u00e9rations \u00e9conomiques associ\u00e9es au financement militaire.<\/p>\n<p><strong>L&rsquo;industrie a\u00e9ronautique<\/strong> a \u00e9galement attir\u00e9 des cybercriminels et des acteurs \u00e9tatiques, avec une augmentation substantielle des attaques par ransomware visant \u00e0 perturber les op\u00e9rations \u00e0 des fins \u00e9conomiques ou \u00e0 d\u00e9truire les syst\u00e8mes.<\/p>\n<p><strong>Et en France ?<\/strong><\/p>\n<p>Fin avril 2025, l\u2019Agence nationale de la s\u00e9curit\u00e9 des syst\u00e8mes d\u2019information (ANSSI) a attribu\u00e9 officiellement une s\u00e9rie d\u2019attaques informatiques au <strong>GRU<\/strong>, (renseignement militaire russe) via le groupe <strong>Advanced Persistent Threat 28<\/strong>, aussi connu sous le nom de <strong>Fancy Bear<\/strong>. Selon l\u2019agence, ces op\u00e9rations, actives depuis 2021, ont vis\u00e9 une dizaine d\u2019organisations fran\u00e7aises, qu\u2019il s\u2019agisse d\u2019administrations publiques ou d\u2019entreprises priv\u00e9es.<\/p>\n<p>Cette attribution intervient alors que la France fait face \u00e0 une <strong>explosion des attaques<\/strong> contre ses infrastructures critiques. D\u2019apr\u00e8s un rapport de la soci\u00e9t\u00e9 de cybers\u00e9curit\u00e9 Cyble, plus de 845 incidents ont \u00e9t\u00e9 recens\u00e9s entre janvier et mars 2025. Les secteurs de l\u2019\u00e9nergie, des t\u00e9l\u00e9communications et des transports figurent parmi les plus cibl\u00e9s. <\/p>\n<p>Autre signal alarmant : la hausse des fuites de donn\u00e9es. Entre janvier et juin 2025, pr\u00e8s de 1,8 million de comptes compromis ont \u00e9t\u00e9 recens\u00e9s, pla\u00e7ant la France au premier rang europ\u00e9en en la mati\u00e8re.<\/p>\n","protected":false},"excerpt":{"rendered":"Par&amp;nbspJo\u00e3o Azevedo&amp;nbsp&amp;&amp;nbspJean-Philippe LIABOT Publi\u00e9 le 22\/10\/2025 &#8211; 6:46 UTC+2 Les cyberattaques ont augment\u00e9 de mani\u00e8re exponentielle au Portugal&hellip;\n","protected":false},"author":2,"featured_media":481333,"comment_status":"","ping_status":"","sticky":false,"template":"","format":"standard","meta":{"footnotes":""},"categories":[1586],"tags":[11,672,60473,2481,1777,674,1011,27,12,6996,25,717],"class_list":{"0":"post-481332","1":"post","2":"type-post","3":"status-publish","4":"format-standard","5":"has-post-thumbnail","7":"category-europe","8":"tag-actualites","9":"tag-allemagne","10":"tag-attaque-informatique","11":"tag-cyberattaque","12":"tag-eu","13":"tag-europe","14":"tag-fr","15":"tag-france","16":"tag-news","17":"tag-portugal","18":"tag-republique-francaise","19":"tag-technologie"},"share_on_mastodon":{"url":"https:\/\/pubeurope.com\/@fr\/115416375232794065","error":""},"_links":{"self":[{"href":"https:\/\/www.europesays.com\/fr\/wp-json\/wp\/v2\/posts\/481332","targetHints":{"allow":["GET"]}}],"collection":[{"href":"https:\/\/www.europesays.com\/fr\/wp-json\/wp\/v2\/posts"}],"about":[{"href":"https:\/\/www.europesays.com\/fr\/wp-json\/wp\/v2\/types\/post"}],"author":[{"embeddable":true,"href":"https:\/\/www.europesays.com\/fr\/wp-json\/wp\/v2\/users\/2"}],"replies":[{"embeddable":true,"href":"https:\/\/www.europesays.com\/fr\/wp-json\/wp\/v2\/comments?post=481332"}],"version-history":[{"count":0,"href":"https:\/\/www.europesays.com\/fr\/wp-json\/wp\/v2\/posts\/481332\/revisions"}],"wp:featuredmedia":[{"embeddable":true,"href":"https:\/\/www.europesays.com\/fr\/wp-json\/wp\/v2\/media\/481333"}],"wp:attachment":[{"href":"https:\/\/www.europesays.com\/fr\/wp-json\/wp\/v2\/media?parent=481332"}],"wp:term":[{"taxonomy":"category","embeddable":true,"href":"https:\/\/www.europesays.com\/fr\/wp-json\/wp\/v2\/categories?post=481332"},{"taxonomy":"post_tag","embeddable":true,"href":"https:\/\/www.europesays.com\/fr\/wp-json\/wp\/v2\/tags?post=481332"}],"curies":[{"name":"wp","href":"https:\/\/api.w.org\/{rel}","templated":true}]}}