{"id":481345,"date":"2025-10-22T06:32:46","date_gmt":"2025-10-22T06:32:46","guid":{"rendered":"https:\/\/www.europesays.com\/fr\/481345\/"},"modified":"2025-10-22T06:32:46","modified_gmt":"2025-10-22T06:32:46","slug":"sur-quelle-chaine-et-a-quelle-heure-voir-la-course-en-direct-2","status":"publish","type":"post","link":"https:\/\/www.europesays.com\/fr\/481345\/","title":{"rendered":"Sur quelle cha\u00eene et \u00e0 quelle heure voir la course en direct ?"},"content":{"rendered":"<p>\n    La saison de MotoGP arrive doucement mais s\u00fbrement \u00e0 son terme. On vous explique comment ne rien rater du GP d\u2019Australie dans la nuit de samedi \u00e0 dimanche\u00a0!<\/p>\n<p class=\"fig-paragraph\">Manche 19 sur 22. Petit \u00e0 petit, la fin de la saison approche \u00e0 grands pas. Et pour suivre le MotoGP d\u2019Australie, il faudra se lever t\u00f4t, le d\u00e9calage horaire \u00e9tant important depuis le circuit de Phillip Island. C\u2019est donc \u00e0 5h00 du matin heure fran\u00e7aise que les fans les plus assidus auront l\u2019occasion de voir les meilleurs pilotes du monde se d\u00e9fier. Certes, Marc Marquez est d\u00e9j\u00e0 sacr\u00e9 champion, et a domin\u00e9 l\u2019int\u00e9gralit\u00e9 de la saison. Mais le GP d\u2019Australie est toujours un \u00e9v\u00e9nement appr\u00e9ci\u00e9 des observateurs pour son c\u00f4t\u00e9 spectaculaire. Compos\u00e9 de courbes rapides, de changements d\u2019\u00e9l\u00e9vation et surtout de conditions m\u00e9t\u00e9orologiques souvent impr\u00e9visibles, il appara\u00eet comme un v\u00e9ritable d\u00e9fi pour tous les pilotes. L\u2019an dernier, c\u2019est Marc Marquez, d\u00e9j\u00e0, qui s\u2019\u00e9tait impos\u00e9. Les essais libres et les qualifications sont \u00e0 suivre sur les antennes du groupe CANAL + le vendredi et le samedi pr\u00e9c\u00e9dant la course.<\/p>\n<p class=\"fig-paragraph\"><a href=\"https:\/\/ad.doubleclick.net\/ddm\/trackclk\/N6600.270462.LEFIGARO1\/B32944843.420152917;dc_trk_aid=612955813;dc_trk_cid=228480032;dc_lat=;dc_rdid=;tag_for_child_directed_treatment=;tfua=;gdpr=%24%7BGDPR%7D;gdpr_consent=%24%7BGDPR_CONSENT_755%7D;gpp=%24%7BGPP_STRING_755%7D;gpp_sid=%24%7BGPP_SID%7D;ltd=;dc_tdv=1\" target=\"_blank\" rel=\"sponsored noopener\" data-gtm-custom-categorie=\"navigation\" data-gtm-custom-action=\"crossclick\" data-gtm-custom-label=\"Contextuel\" data-gtm-event=\"customEventSPE\"><strong>Voir le Grand Prix d\u2019Australie MotoGP ici<\/strong><\/a><\/p>\n<p>                                    <a class=\"fig-a11y-skip a11y-hidden\" href=\"#fig-a11y-skip-main-inarticle\"><br \/>\n        Passer la publicit\u00e9<br \/>\n    <\/a><\/p>\n<p><strong>\u00c0 quelle heure et sur quelle cha\u00eene regarder en direct le MotoGP d\u2019Australie?<\/strong><\/p>\n<p class=\"fig-paragraph\">Le MotoGP d\u2019Australie d\u00e9bute le dimanche 19 octobre. Le d\u00e9but de la course est pr\u00e9vu \u00e0 5h00 du matin heure fran\u00e7aise. La course a lieu au Circuit Phillip Island. Pour regarder le MotoGP en direct, cela se passe sur CANAL+. L\u2019abonnement payant \u00e0 CANAL+ est id\u00e9al pour les fans de sport. Vivez chaque week-end la lutte pour le titre en Premier League, la bataille entre les g\u00e9ants europ\u00e9ens en Ligue des Champions, le parcours de Lyon, Lille et Nice en Ligue Europa\u2026 Mais il n\u2019y a pas que le foot sur CANAL +. Le groupe diffuse \u00e9galement la F1, le MotoGP, le TOP 14, la NHL\u2026 Retrouvez \u00e9galement une s\u00e9lection exclusive de films, s\u00e9ries et documentaires au sein d\u2019un large catalogue. Un abonnement payant est n\u00e9cessaire pour profiter de tous ces contenus.<\/p>\n<p class=\"fig-paragraph\"><a href=\"https:\/\/ad.doubleclick.net\/ddm\/trackclk\/N6600.270462.LEFIGARO1\/B32944843.420152917;dc_trk_aid=612955813;dc_trk_cid=228480032;dc_lat=;dc_rdid=;tag_for_child_directed_treatment=;tfua=;gdpr=%24%7BGDPR%7D;gdpr_consent=%24%7BGDPR_CONSENT_755%7D;gpp=%24%7BGPP_STRING_755%7D;gpp_sid=%24%7BGPP_SID%7D;ltd=;dc_tdv=1\" target=\"_blank\" rel=\"sponsored noopener\" data-gtm-custom-categorie=\"navigation\" data-gtm-custom-action=\"crossclick\" data-gtm-custom-label=\"Contextuel\" data-gtm-event=\"customEventSPE\"><strong>Pour en savoir plus les abonnements CANAL+ pour regarder la MotoGP<\/strong><\/a><\/p>\n<p class=\"fig-paragraph\">Contenu con\u00e7u et propos\u00e9 par nos Experts Shopping Sport. L\u2019\u00e9quipe Shopping du Figaro est ind\u00e9pendante de la r\u00e9daction.\u00a0<\/p>\n<p>Les prix mentionn\u00e9s dans cet article le sont \u00e0 titre indicatif. Lorsque vous achetez via nos liens de vente, nous pouvons percevoir une commission d\u2019affiliation.<\/p>\n","protected":false},"excerpt":{"rendered":"La saison de MotoGP arrive doucement mais s\u00fbrement \u00e0 son terme. On vous explique comment ne rien rater&hellip;\n","protected":false},"author":2,"featured_media":481346,"comment_status":"","ping_status":"","sticky":false,"template":"","format":"standard","meta":{"footnotes":""},"categories":[1413],"tags":[1011,27,1461,1457,1456,1458,60],"class_list":{"0":"post-481345","1":"post","2":"type-post","3":"status-publish","4":"format-standard","5":"has-post-thumbnail","7":"category-moto","8":"tag-fr","9":"tag-france","10":"tag-marc-marquez","11":"tag-moto","12":"tag-motocycle","13":"tag-motogp","14":"tag-sports"},"share_on_mastodon":{"url":"https:\/\/pubeurope.com\/@fr\/115416426274634936","error":""},"_links":{"self":[{"href":"https:\/\/www.europesays.com\/fr\/wp-json\/wp\/v2\/posts\/481345","targetHints":{"allow":["GET"]}}],"collection":[{"href":"https:\/\/www.europesays.com\/fr\/wp-json\/wp\/v2\/posts"}],"about":[{"href":"https:\/\/www.europesays.com\/fr\/wp-json\/wp\/v2\/types\/post"}],"author":[{"embeddable":true,"href":"https:\/\/www.europesays.com\/fr\/wp-json\/wp\/v2\/users\/2"}],"replies":[{"embeddable":true,"href":"https:\/\/www.europesays.com\/fr\/wp-json\/wp\/v2\/comments?post=481345"}],"version-history":[{"count":0,"href":"https:\/\/www.europesays.com\/fr\/wp-json\/wp\/v2\/posts\/481345\/revisions"}],"wp:featuredmedia":[{"embeddable":true,"href":"https:\/\/www.europesays.com\/fr\/wp-json\/wp\/v2\/media\/481346"}],"wp:attachment":[{"href":"https:\/\/www.europesays.com\/fr\/wp-json\/wp\/v2\/media?parent=481345"}],"wp:term":[{"taxonomy":"category","embeddable":true,"href":"https:\/\/www.europesays.com\/fr\/wp-json\/wp\/v2\/categories?post=481345"},{"taxonomy":"post_tag","embeddable":true,"href":"https:\/\/www.europesays.com\/fr\/wp-json\/wp\/v2\/tags?post=481345"}],"curies":[{"name":"wp","href":"https:\/\/api.w.org\/{rel}","templated":true}]}}