{"id":481347,"date":"2025-10-22T06:34:11","date_gmt":"2025-10-22T06:34:11","guid":{"rendered":"https:\/\/www.europesays.com\/fr\/481347\/"},"modified":"2025-10-22T06:34:11","modified_gmt":"2025-10-22T06:34:11","slug":"si-le-titre-se-joue-a-abou-dhabi-verstappen-sera-champion","status":"publish","type":"post","link":"https:\/\/www.europesays.com\/fr\/481347\/","title":{"rendered":"Si le titre se joue \u00e0 Abou Dhabi, Verstappen sera champion !"},"content":{"rendered":"<p itemprop=\"description\">Fernando Alonso n\u2019a pas h\u00e9sit\u00e9 \u00e0 afficher<br \/>\nson soutien \u00e0 Max Verstappen dans la course au titre mondial. Selon<br \/>\nlui, si le championnat de Formule 1 2025 se d\u00e9cide lors de la<br \/>\nderni\u00e8re manche \u00e0 Abou Dhabi, le N\u00e9erlandais aura un net avantage<br \/>\nsur ses rivaux de McLaren.<\/p>\n<p>Depuis l\u2019introduction du nouveau plancher sur la Red Bull au<br \/>\nGrand Prix d\u2019Italie, Max Verstappen a retrouv\u00e9 tout son potentiel.<br \/>\nLe quadruple champion du monde encha\u00eene les performances solides et<br \/>\na r\u00e9ussi \u00e0 se replacer dans la course au championnat, face aux<br \/>\nMcLaren d\u2019Oscar Piastri et Lando Norris.<\/p>\n<p>\u00c0 ce rythme, beaucoup estiment que le titre pourrait se jouer<br \/>\nlors de la derni\u00e8re manche au Yas Marina Circuit, comme en 2021 \u2014<br \/>\nune saison rest\u00e9e c\u00e9l\u00e8bre pour son d\u00e9nouement explosif entre<br \/>\nVerstappen et Lewis Hamilton.<\/p>\n<p>Cette exp\u00e9rience d\u2019un final \u00e0 haute tension pourrait bien \u00eatre<br \/>\nla cl\u00e9. Contrairement \u00e0 Norris et Piastri, encore novices dans ce<br \/>\ntype de duel, Verstappen sait g\u00e9rer la pression du dernier Grand<br \/>\nPrix de la saison.<\/p>\n<p><strong>Alonso encense le N\u00e9erlandais<\/strong><\/p>\n<p>Interrog\u00e9 sur les qualit\u00e9s qui font de Verstappen un pilote<br \/>\nd\u2019exception, Fernando Alonso a tenu des propos sans \u00e9quivoque.<\/p>\n<p>\u00ab\u00a0C\u2019est un quadruple champion du monde, ce n\u2019est pas un<br \/>\nhasard, a-t-il r\u00e9agi. Il fait partie des meilleurs de<br \/>\nl\u2019histoire. Il sait toujours tirer le maximum de sa voiture, que ce<br \/>\nsoit dans une machine dominante ou non.\u00a0\u00bb<\/p>\n<p>Le pilote Aston Martin souligne la r\u00e9gularit\u00e9 du N\u00e9erlandais :<br \/>\n\u00ab\u00a0M\u00eame quand sa voiture n\u2019est pas la plus rapide, il sort le<br \/>\ntour parfait en qualification, ou la course parfaite. Il reste<br \/>\ntoujours \u00e0 un niveau exceptionnel.\u00a0\u00bb<\/p>\n<p><strong>\u201cS\u2019il y a \u00e9galit\u00e9, il deviendra l\u2019homme \u00e0<br \/>\nsuivre\u201d<\/strong><\/p>\n<p>Alonso reconna\u00eet que McLaren dispose d\u2019un avantage technique<br \/>\ncette saison, mais estime que Verstappen reste redoutable lorsqu\u2019il<br \/>\nse bat \u00e0 armes \u00e9gales.<\/p>\n<p>\u00ab\u00a0S\u2019ils arrivent \u00e0 Abu Dhabi avec le m\u00eame nombre de points,<br \/>\nMax sera celui \u00e0 surveiller. On l\u2019a vu en 2021 : m\u00eame avec une<br \/>\nvoiture un peu inf\u00e9rieure \u00e0 la Mercedes, il a su aller chercher le<br \/>\ntitre.\u00a0\u00bb<\/p>\n<p>Pour le v\u00e9t\u00e9ran espagnol, l\u2019issue du championnat pourrait bien<br \/>\nd\u00e9pendre de l\u2019exp\u00e9rience. Et sur ce plan, Verstappen reste, selon<br \/>\nlui, le seul pilote capable de transformer une bataille finale en<br \/>\nvictoire historique.<\/p>\n","protected":false},"excerpt":{"rendered":"Fernando Alonso n\u2019a pas h\u00e9sit\u00e9 \u00e0 afficher son soutien \u00e0 Max Verstappen dans la course au titre mondial.&hellip;\n","protected":false},"author":2,"featured_media":481348,"comment_status":"","ping_status":"","sticky":false,"template":"","format":"standard","meta":{"footnotes":""},"categories":[1412],"tags":[1451,1710,1452,1453,1454,1455,1011,27,2236,2255,6605,60],"class_list":{"0":"post-481347","1":"post","2":"type-post","3":"status-publish","4":"format-standard","5":"has-post-thumbnail","7":"category-f1","8":"tag-f1","9":"tag-fernando-alonso","10":"tag-formula-1","11":"tag-formula1","12":"tag-formule-1","13":"tag-formule1","14":"tag-fr","15":"tag-france","16":"tag-max-verstappen","17":"tag-red-bull","18":"tag-saison-f1-2025","19":"tag-sports"},"share_on_mastodon":{"url":"https:\/\/pubeurope.com\/@fr\/115416430307768105","error":""},"_links":{"self":[{"href":"https:\/\/www.europesays.com\/fr\/wp-json\/wp\/v2\/posts\/481347","targetHints":{"allow":["GET"]}}],"collection":[{"href":"https:\/\/www.europesays.com\/fr\/wp-json\/wp\/v2\/posts"}],"about":[{"href":"https:\/\/www.europesays.com\/fr\/wp-json\/wp\/v2\/types\/post"}],"author":[{"embeddable":true,"href":"https:\/\/www.europesays.com\/fr\/wp-json\/wp\/v2\/users\/2"}],"replies":[{"embeddable":true,"href":"https:\/\/www.europesays.com\/fr\/wp-json\/wp\/v2\/comments?post=481347"}],"version-history":[{"count":0,"href":"https:\/\/www.europesays.com\/fr\/wp-json\/wp\/v2\/posts\/481347\/revisions"}],"wp:featuredmedia":[{"embeddable":true,"href":"https:\/\/www.europesays.com\/fr\/wp-json\/wp\/v2\/media\/481348"}],"wp:attachment":[{"href":"https:\/\/www.europesays.com\/fr\/wp-json\/wp\/v2\/media?parent=481347"}],"wp:term":[{"taxonomy":"category","embeddable":true,"href":"https:\/\/www.europesays.com\/fr\/wp-json\/wp\/v2\/categories?post=481347"},{"taxonomy":"post_tag","embeddable":true,"href":"https:\/\/www.europesays.com\/fr\/wp-json\/wp\/v2\/tags?post=481347"}],"curies":[{"name":"wp","href":"https:\/\/api.w.org\/{rel}","templated":true}]}}