{"id":481349,"date":"2025-10-22T06:35:11","date_gmt":"2025-10-22T06:35:11","guid":{"rendered":"https:\/\/www.europesays.com\/fr\/481349\/"},"modified":"2025-10-22T06:35:11","modified_gmt":"2025-10-22T06:35:11","slug":"pas-da-travers-le-beaujolais-en-2026-actualite","status":"publish","type":"post","link":"https:\/\/www.europesays.com\/fr\/481349\/","title":{"rendered":"Pas d&rsquo;\u00c0 Travers le Beaujolais en 2026 &#8211; Actualit\u00e9"},"content":{"rendered":"<p style=\"text-align: justify;\">Inscrite sur deux jours au calendrier F\u00e9d\u00e9ral Juniors depuis 2022, l\u2019\u00e9preuve\u00a0<strong><a href=\"https:\/\/www.directvelo.com\/epreuve\/46056\/a-travers-le-beaujolais-2025\" target=\"_blank\" rel=\"noopener\">\u00c0 Travers le Beaujolais<\/a><\/strong> n\u2019aura pas lieu l\u2019ann\u00e9e prochaine. C\u2019est \u00e9galement le cas de la course U17 qui se tenait le m\u00eame week-end.<\/p>\n<p>\u201cCette d\u00e9cision a \u00e9t\u00e9 prise apr\u00e8s une longue r\u00e9flexion et malgr\u00e9 le fait que le budget \u00e9tait int\u00e9gralement r\u00e9uni gr\u00e2ce au soutien constant de nos partenaires\u201d, indique sur sa page Facebook le Comit\u00e9 Sportif Beaujolais M\u00e2connais.<\/p>\n<p>L\u2019organisation regrette \u201cun manque de soutien et d\u2019int\u00e9r\u00eat de la part des \u00e9lus locaux et des acteurs institutionnels\u201d. Et juge que \u201cles conditions impos\u00e9es par la f\u00e9d\u00e9ration et le comit\u00e9 r\u00e9gional, notamment en termes de droits d\u2019engagement et d\u2019assurances, sont devenues exorbitantes\u201d. Elle estime \u00eatre consid\u00e9r\u00e9e \u201cuniquement comme une source de revenus, sans aucun \u00e9change constructif ni soutien en retour\u201d.<\/p>\n<p>Le Comit\u00e9 Sportif Beaujolais M\u00e2connais parle d\u2019une \u201cpause n\u00e9cessaire afin de recentrer [ses] efforts sur des projets o\u00f9 l\u2019int\u00e9r\u00eat et le soutien seront r\u00e9ellement partag\u00e9s\u201d. Le club rhodanien pr\u00e9cise par ailleurs qu\u2019il a rompu\u00a0<strong><a href=\"https:\/\/www.directvelo.com\/actualite\/101023\/un-circuit-permanent-de-cyclo-cross-en-beaujolais\" target=\"_blank\" rel=\"noopener\">son contrat de gestion du stade permanent de cyclo-cross<\/a><\/strong> avec la commune des Deux Grosnes \u201cpour les m\u00eames raisons\u201d. \u00c0 l\u2019avenir, le CSBM se concentrera \u201csur de nouveaux projets, notamment en soutien aux jeunes et \u00e0 des initiatives sportives solidaires, en France et ailleurs\u201d.<\/p>\n<p>R\u00e9mi Arsac, Louis Chaleil et Alexandre Trouvain ont remport\u00e9 les trois \u00e9ditions disput\u00e9es en F\u00e9d\u00e9ral Juniors. Un contre-la-montre et une \u00e9tape en ligne \u00e9taient au programme chaque ann\u00e9e en juin.<\/p>\n","protected":false},"excerpt":{"rendered":"Inscrite sur deux jours au calendrier F\u00e9d\u00e9ral Juniors depuis 2022, l\u2019\u00e9preuve\u00a0\u00c0 Travers le Beaujolais n\u2019aura pas lieu l\u2019ann\u00e9e&hellip;\n","protected":false},"author":2,"featured_media":481350,"comment_status":"","ping_status":"","sticky":false,"template":"","format":"standard","meta":{"footnotes":""},"categories":[1411],"tags":[834,828,836,829,837,827,83,826,824,823,1154,207,814,817,815,816,822,821,832,211,839,1011,27,820,818,819,835,831,830,833,838,60,212,208,825],"class_list":{"0":"post-481349","1":"post","2":"type-post","3":"status-publish","4":"format-standard","5":"has-post-thumbnail","7":"category-cyclisme","8":"tag-attaque","9":"tag-belgique","10":"tag-braquet","11":"tag-bretagne","12":"tag-chute","13":"tag-competition","14":"tag-coupe-de-france","15":"tag-coureur","16":"tag-course-cyclisme","17":"tag-course-cycliste","18":"tag-cycling","19":"tag-cyclisme","20":"tag-direct","21":"tag-direct-velo","22":"tag-directvelo","23":"tag-directvelo-com","24":"tag-epreuve","25":"tag-epreuve-cycliste","26":"tag-federation-francaise-de-cyclisme","27":"tag-ffc","28":"tag-flandres","29":"tag-fr","30":"tag-france","31":"tag-live","32":"tag-live-course","33":"tag-live-epreuve","34":"tag-peloton","35":"tag-radio-peloton","36":"tag-radio-tour","37":"tag-ravitaillement","38":"tag-relance","39":"tag-sports","40":"tag-uci","41":"tag-velo","42":"tag-velos"},"share_on_mastodon":{"url":"https:\/\/pubeurope.com\/@fr\/115416434204297467","error":""},"_links":{"self":[{"href":"https:\/\/www.europesays.com\/fr\/wp-json\/wp\/v2\/posts\/481349","targetHints":{"allow":["GET"]}}],"collection":[{"href":"https:\/\/www.europesays.com\/fr\/wp-json\/wp\/v2\/posts"}],"about":[{"href":"https:\/\/www.europesays.com\/fr\/wp-json\/wp\/v2\/types\/post"}],"author":[{"embeddable":true,"href":"https:\/\/www.europesays.com\/fr\/wp-json\/wp\/v2\/users\/2"}],"replies":[{"embeddable":true,"href":"https:\/\/www.europesays.com\/fr\/wp-json\/wp\/v2\/comments?post=481349"}],"version-history":[{"count":0,"href":"https:\/\/www.europesays.com\/fr\/wp-json\/wp\/v2\/posts\/481349\/revisions"}],"wp:featuredmedia":[{"embeddable":true,"href":"https:\/\/www.europesays.com\/fr\/wp-json\/wp\/v2\/media\/481350"}],"wp:attachment":[{"href":"https:\/\/www.europesays.com\/fr\/wp-json\/wp\/v2\/media?parent=481349"}],"wp:term":[{"taxonomy":"category","embeddable":true,"href":"https:\/\/www.europesays.com\/fr\/wp-json\/wp\/v2\/categories?post=481349"},{"taxonomy":"post_tag","embeddable":true,"href":"https:\/\/www.europesays.com\/fr\/wp-json\/wp\/v2\/tags?post=481349"}],"curies":[{"name":"wp","href":"https:\/\/api.w.org\/{rel}","templated":true}]}}