{"id":481353,"date":"2025-10-22T06:37:18","date_gmt":"2025-10-22T06:37:18","guid":{"rendered":"https:\/\/www.europesays.com\/fr\/481353\/"},"modified":"2025-10-22T06:37:18","modified_gmt":"2025-10-22T06:37:18","slug":"le-prince-andrew-vit-il-vraiment-au-royal-lodge-de-windsor-sans-payer-de-loyer-depuis-22-ans","status":"publish","type":"post","link":"https:\/\/www.europesays.com\/fr\/481353\/","title":{"rendered":"Le prince Andrew vit-il vraiment au Royal Lodge de Windsor sans payer de loyer depuis 22 ans ?"},"content":{"rendered":"<p>\n    Alors que sa pr\u00e9sence au Royal Lodge fait d\u00e9bat depuis plusieurs ann\u00e9es, le prince Andrew aurait conclu un accord financier lui permettant de payer son loyer \u00e0 l\u2019avance.<\/p>\n<p class=\"fig-paragraph\">Il s\u2019accroche \u00e0 son manoir et compte bien y rester. Depuis plusieurs ann\u00e9es, la pr\u00e9sence du prince Andrew au sein du Royal Lodge, situ\u00e9 \u00e0 Windsor dans laquelle il vit avec Sarah Ferguson depuis 2003, fait d\u00e9bat. Vendredi 17 octobre, le fr\u00e8re cadet de Charles III a d\u00e9clar\u00e9, \u00e0 travers un communiqu\u00e9,\u00a0<a href=\"http:\/\/madame.lefigaro.fr\/celebrites\/actu-people\/royaume-uni-empetre-dans-des-scandales-le-prince-andrew-renonce-a-son-titre-royal-20251017\" data-fig-type=\"Article\" data-gtm-custom-categorie=\"navigation\" data-gtm-custom-action=\"crossclick\" data-gtm-custom-label=\"Contextuel\" data-gtm-event=\"customEventSPE\" data-fig-domain=\"MADAME\" rel=\"nofollow noopener\" target=\"_blank\">qu\u2019il renon\u00e7ait \u00e0 son titre royal.<\/a>\u00a0Emp\u00eatr\u00e9 dans l\u2019affaire Jeffrey Epstein et\u00a0<a href=\"http:\/\/madame.lefigaro.fr\/societe\/actu\/ce-que-revelent-les-memoires-posthumes-de-virginia-giuffre-sur-les-abus-du-prince-andrew-et-jeffrey-epstein-20251021\" data-fig-type=\"Article\" data-gtm-custom-categorie=\"navigation\" data-gtm-custom-action=\"crossclick\" data-gtm-custom-label=\"Contextuel\" data-gtm-event=\"customEventSPE\" data-fig-domain=\"MADAME\" rel=\"nofollow noopener\" target=\"_blank\">accus\u00e9 d\u2019agressions sexuelles par Virginia Giuffre<\/a>, le prince Andrew est de plus en plus mis \u00e0 l\u2019\u00e9cart. Cela fait d\u2019ailleurs plusieurs ann\u00e9es que le roi Charles III tente d\u2019expulser son fr\u00e8re cadet du\u00a0<a href=\"http:\/\/madame.lefigaro.fr\/celebrites\/actu-people\/le-siege-du-royal-lodge-l-affaire-qui-divise-charles-iii-et-le-prince-andrew-20240707\" data-fig-type=\"Article\" data-gtm-custom-categorie=\"navigation\" data-gtm-custom-action=\"crossclick\" data-gtm-custom-label=\"Contextuel\" data-gtm-event=\"customEventSPE\" data-fig-domain=\"MADAME\" rel=\"nofollow noopener\" target=\"_blank\">Royal Lodge<\/a>. Selon les informations du\u00a0<a href=\"https:\/\/www.thetimes.com\/uk\/royal-family\/article\/prince-andrew-rent-free-windsor-mansion-rbrgfjkrr\" target=\"_blank\" rel=\"sponsored noopener nofollow\" data-gtm-custom-categorie=\"navigation\" data-gtm-custom-action=\"crossclick\" data-gtm-custom-label=\"Contextuel\" data-gtm-event=\"customEventSPE\">Times<\/a>, ce dernier n\u2019y aurait pas pay\u00e9 de loyer depuis 20 ans. Mais qu\u2019en est-il vraiment\u00a0?<\/p>\n<p class=\"fig-paragraph\">En fait, un arrangement financier semble avoir \u00e9t\u00e9 mis en place. Le m\u00e9dia britannique, qui a r\u00e9ussi \u00e0 se procurer une copie du bail, indique que l\u2019ex-mari de Sarah Ferguson a pay\u00e9 1 million de livres sterling pour louer la propri\u00e9t\u00e9 en 2003. Il lui a aussi \u00e9t\u00e9 demand\u00e9 de verser un \u00abloyer th\u00e9orique\u00bb de 260.000 \u00a3 livres par an, sauf s\u2019il effectuait des travaux de r\u00e9novation. Ce qu\u2019il a fait, d\u00e9pensant alors 7.5 millions de livres pour remettre \u00e0 neuf la propri\u00e9t\u00e9 royale. \u00abLe contrat de location a confirm\u00e9 que le loyer th\u00e9orique ne serait pay\u00e9 que s\u2019il ne r\u00e9alisait pas les travaux\u00bb, rapporte le Times.<\/p>\n<p class=\"fig-body-link&#10;    \">\n            \u00c0 lire aussi<br \/>\n        <a class=\"fig-body-link__link\" href=\"http:\/\/madame.lefigaro.fr\/celebrites\/actu-people\/prince-andrew-la-police-de-londres-enquete-pour-savoir-s-il-a-tente-de-compromettre-virginia-giuffre-20251019\" data-fig-type=\"Article\" data-gtm-custom-categorie=\"navigation\" data-gtm-custom-action=\"crossclick\" data-gtm-custom-label=\"Contextuel\" data-gtm-event=\"customEventSPE\" data-fig-domain=\"MADAME\" rel=\"nofollow noopener\" target=\"_blank\">Prince Andrew\u00a0: la police de Londres enqu\u00eate pour savoir s\u2019il a tent\u00e9 de compromettre son accusatrice, Virginia Giuffre<\/a>\n<\/p>\n<p>                                    <a class=\"fig-a11y-skip a11y-hidden\" href=\"#fig-a11y-skip-main-inarticle\"><br \/>\n        Passer la publicit\u00e9<br \/>\n    <\/a><\/p>\n<p>Un accord \u00abappropri\u00e9\u00bb<\/p>\n<p class=\"fig-paragraph\">De plus, selon la copie de l\u2019accord, si Andrew d\u00e9cide de quitter le manoir avant l\u2019expiration du bail, en 2078, le Crown Estate, qui g\u00e8re les propri\u00e9t\u00e9s de la Couronne britannique, devrait lui verser 557.595 livres, un montant qui correspond \u00e0 une partie de son investissement pour les r\u00e9novations. Cette somme repr\u00e9sente aussi un d\u00e9dommagement de 185.865 livres par an jusqu\u2019en 2028, 25 ans apr\u00e8s avoir pris possession de la propri\u00e9t\u00e9. Comme il est stipul\u00e9 dans le bail, une fois ce d\u00e9lai pass\u00e9, il ne recevra plus aucune compensation, rapporte le Times.\u00a0<\/p>\n<p class=\"fig-paragraph\">Un rapport du National Audit Office (NAO), l\u2019organisme parlementaire charg\u00e9 du contr\u00f4le des d\u00e9penses publiques du Royaume-Uni, datant de 2005, a not\u00e9 que le bail accord\u00e9 \u00e0 Andrew \u00e9tait \u00abappropri\u00e9 compte tenu de la n\u00e9cessit\u00e9 imp\u00e9rieuse de maintenir un contr\u00f4le \u00e9troit sur la gestion du Royal Lodge\u00bb, en raison de son emplacement sensible, au centre du Windsor Great Park, r\u00e9serve naturelle dont fait notamment partie le\u00a0<a href=\"http:\/\/madame.lefigaro.fr\/celebrites\/actu-people\/je-suis-nul-en-histoire-mais-la-c-est-un-autre-niveau-le-prince-william-raconte-l-anecdote-preferee-de-la-famille-royale-sur-le-chateau-de-windsor-20251014\" data-fig-type=\"Article\" data-gtm-custom-categorie=\"navigation\" data-gtm-custom-action=\"crossclick\" data-gtm-custom-label=\"Contextuel\" data-gtm-event=\"customEventSPE\" data-fig-domain=\"MADAME\" rel=\"nofollow noopener\" target=\"_blank\">ch\u00e2teau de Windsor<\/a>. Toutefois, cet accord limite le Crown Estate \u00e0 \u00abr\u00e9aliser la valeur marchande la plus \u00e9lev\u00e9e pour une telle propri\u00e9t\u00e9\u00bb. De son c\u00f4t\u00e9, le prince Andrew est en charge de continuer \u00e0 payer pour l\u2019entretien du b\u00e2timent. Une d\u00e9pense qui pose souvent question, sachant que\u00a0<a href=\"http:\/\/madame.lefigaro.fr\/celebrites\/actu-people\/le-duc-n-est-plus-un-fardeau-financier-charles-iii-coupe-officiellement-les-vivres-au-prince-andrew-20241102\" data-fig-type=\"Article\" data-gtm-custom-categorie=\"navigation\" data-gtm-custom-action=\"crossclick\" data-gtm-custom-label=\"Contextuel\" data-gtm-event=\"customEventSPE\" data-fig-domain=\"MADAME\" rel=\"nofollow noopener\" target=\"_blank\">Charles III a d\u00e9cid\u00e9 de supprimer son allocation annuelle<\/a>\u00a0de 1 million de livres sterling.<\/p>\n","protected":false},"excerpt":{"rendered":"Alors que sa pr\u00e9sence au Royal Lodge fait d\u00e9bat depuis plusieurs ann\u00e9es, le prince Andrew aurait conclu un&hellip;\n","protected":false},"author":2,"featured_media":481354,"comment_status":"","ping_status":"","sticky":false,"template":"","format":"standard","meta":{"footnotes":""},"categories":[1359],"tags":[970,58,59,1011,27,973,546,971],"class_list":{"0":"post-481353","1":"post","2":"type-post","3":"status-publish","4":"format-standard","5":"has-post-thumbnail","7":"category-people","8":"tag-aristo-co","9":"tag-divertissement","10":"tag-entertainment","11":"tag-fr","12":"tag-france","13":"tag-people","14":"tag-prince-andrew","15":"tag-royaute"},"share_on_mastodon":{"url":"https:\/\/pubeurope.com\/@fr\/115416442134079939","error":""},"_links":{"self":[{"href":"https:\/\/www.europesays.com\/fr\/wp-json\/wp\/v2\/posts\/481353","targetHints":{"allow":["GET"]}}],"collection":[{"href":"https:\/\/www.europesays.com\/fr\/wp-json\/wp\/v2\/posts"}],"about":[{"href":"https:\/\/www.europesays.com\/fr\/wp-json\/wp\/v2\/types\/post"}],"author":[{"embeddable":true,"href":"https:\/\/www.europesays.com\/fr\/wp-json\/wp\/v2\/users\/2"}],"replies":[{"embeddable":true,"href":"https:\/\/www.europesays.com\/fr\/wp-json\/wp\/v2\/comments?post=481353"}],"version-history":[{"count":0,"href":"https:\/\/www.europesays.com\/fr\/wp-json\/wp\/v2\/posts\/481353\/revisions"}],"wp:featuredmedia":[{"embeddable":true,"href":"https:\/\/www.europesays.com\/fr\/wp-json\/wp\/v2\/media\/481354"}],"wp:attachment":[{"href":"https:\/\/www.europesays.com\/fr\/wp-json\/wp\/v2\/media?parent=481353"}],"wp:term":[{"taxonomy":"category","embeddable":true,"href":"https:\/\/www.europesays.com\/fr\/wp-json\/wp\/v2\/categories?post=481353"},{"taxonomy":"post_tag","embeddable":true,"href":"https:\/\/www.europesays.com\/fr\/wp-json\/wp\/v2\/tags?post=481353"}],"curies":[{"name":"wp","href":"https:\/\/api.w.org\/{rel}","templated":true}]}}