{"id":481357,"date":"2025-10-22T06:39:12","date_gmt":"2025-10-22T06:39:12","guid":{"rendered":"https:\/\/www.europesays.com\/fr\/481357\/"},"modified":"2025-10-22T06:39:12","modified_gmt":"2025-10-22T06:39:12","slug":"vincent-fernandel-et-christophe-licata-deux-stars-au-salon-du-livre-de-ceyreste","status":"publish","type":"post","link":"https:\/\/www.europesays.com\/fr\/481357\/","title":{"rendered":"Vincent Fernandel et Christophe Licata, deux stars au Salon du livre de Ceyreste"},"content":{"rendered":"<p><a href=\"https:\/\/www.laprovence.com\/article\/culture-loisirs\/1108280906212314\/le-salon-du-livre-de-ceyreste-fete-ses-10-ans-avec-vincent-fernandel-et-christophe-licata\" target=\"_blank\" rel=\"noopener\">Le 10e Salon du livre de Ceyreste<\/a> a ferm\u00e9 ses portes samedi sur une cinquantaine d\u2019auteurs, tous genres litt\u00e9raires confondus, ravis comme chaque ann\u00e9e de l\u2019accueil chaleureux qui leur est r\u00e9serv\u00e9. Une journ\u00e9e de bonheur, orchestr\u00e9e impeccablement par Marie-Blanche Cordou qui chouchoute ses auteurs avec enthousiasme et leur donne l\u2019impression de former une grande famille.<\/p>\n<p>Cette ann\u00e9e, le salon s\u2019est tenu dans la salle polyvalente, bien \u00e0 l\u2019abri du soleil comme de la pluie\u00a0!<\/p>\n<p>Vincent Fernandel, parrain de cette 10e \u00e9dition<\/p>\n<p>Petit-fils de l\u2019acteur <a href=\"https:\/\/www.laprovence.com\/article\/sortie-loisirs\/1153647935685515\/histoire-sur-les-traces-de-fernandel-entre-marseille-et-carry-le-rouet\" target=\"_blank\" rel=\"noopener\">Fernandel<\/a> et fils du chanteur Franck Fernandel, <a href=\"https:\/\/www.laprovence.com\/article\/region\/8819708070245114\/pour-les-50-ans-de-la-disparition-de-marcel-pagnol-le-petit-fils-de-fernandel-va-incarner-lauteur-a-banon\" target=\"_blank\" rel=\"noopener\">Vincent Fernandel<\/a> a conquis un public venu nombreux pour le rencontrer. Apr\u00e8s s\u2019\u00eatre form\u00e9 aux m\u00e9tiers de l\u2019image et de la direction d\u2019acteurs, et avoir travaill\u00e9 comme animateur t\u00e9l\u00e9, il peaufine son talent de conteur et actuellement, il parcourt la France avec son spectacle <a href=\"https:\/\/www.laprovence.com\/article\/culture-loisirs\/3579336123706614\/avec-variations-damour-une-plongee-dans-lintimite-de-marcel-pagnol-a-carnoux-en-provence\" target=\"_blank\" rel=\"noopener\">Marcel Pagnol, variations d\u2019amour<\/a>, en complicit\u00e9 avec le pianiste Franck Ciup. Un spectacle tourn\u00e9 vers l\u2019amour sous toutes ses formes dans l\u2019\u0153uvre de Marcel Pagnol. Passionn\u00e9 de rugby, il a aussi sorti en\u00a02020 un magnifique livre illustr\u00e9 par un grand photographe\u00a0: Au c\u0153ur de la foug\u00e8re, voyage sur la terre des All Blacks, qu&#8230;<\/p>\n","protected":false},"excerpt":{"rendered":"Le 10e Salon du livre de Ceyreste a ferm\u00e9 ses portes samedi sur une cinquantaine d\u2019auteurs, tous genres&hellip;\n","protected":false},"author":2,"featured_media":481358,"comment_status":"","ping_status":"","sticky":false,"template":"","format":"standard","meta":{"footnotes":""},"categories":[1357],"tags":[17,1379,14141,251,4070,58,59,60474,1011,27,60475,1380,6290,3287,762],"class_list":{"0":"post-481357","1":"post","2":"type-post","3":"status-publish","4":"format-standard","5":"has-post-thumbnail","7":"category-livres","8":"tag-17","9":"tag-books","10":"tag-christophe","11":"tag-culture","12":"tag-deux","13":"tag-divertissement","14":"tag-entertainment","15":"tag-fernandel","16":"tag-fr","17":"tag-france","18":"tag-licata","19":"tag-livres","20":"tag-salon","21":"tag-stars","22":"tag-vincent"},"share_on_mastodon":{"url":"https:\/\/pubeurope.com\/@fr\/115416450203236100","error":""},"_links":{"self":[{"href":"https:\/\/www.europesays.com\/fr\/wp-json\/wp\/v2\/posts\/481357","targetHints":{"allow":["GET"]}}],"collection":[{"href":"https:\/\/www.europesays.com\/fr\/wp-json\/wp\/v2\/posts"}],"about":[{"href":"https:\/\/www.europesays.com\/fr\/wp-json\/wp\/v2\/types\/post"}],"author":[{"embeddable":true,"href":"https:\/\/www.europesays.com\/fr\/wp-json\/wp\/v2\/users\/2"}],"replies":[{"embeddable":true,"href":"https:\/\/www.europesays.com\/fr\/wp-json\/wp\/v2\/comments?post=481357"}],"version-history":[{"count":0,"href":"https:\/\/www.europesays.com\/fr\/wp-json\/wp\/v2\/posts\/481357\/revisions"}],"wp:featuredmedia":[{"embeddable":true,"href":"https:\/\/www.europesays.com\/fr\/wp-json\/wp\/v2\/media\/481358"}],"wp:attachment":[{"href":"https:\/\/www.europesays.com\/fr\/wp-json\/wp\/v2\/media?parent=481357"}],"wp:term":[{"taxonomy":"category","embeddable":true,"href":"https:\/\/www.europesays.com\/fr\/wp-json\/wp\/v2\/categories?post=481357"},{"taxonomy":"post_tag","embeddable":true,"href":"https:\/\/www.europesays.com\/fr\/wp-json\/wp\/v2\/tags?post=481357"}],"curies":[{"name":"wp","href":"https:\/\/api.w.org\/{rel}","templated":true}]}}