{"id":481359,"date":"2025-10-22T06:40:18","date_gmt":"2025-10-22T06:40:18","guid":{"rendered":"https:\/\/www.europesays.com\/fr\/481359\/"},"modified":"2025-10-22T06:40:18","modified_gmt":"2025-10-22T06:40:18","slug":"trois-bonnes-raisons-de-venir-ce-week-end-a-ladp-tour-a-domptail","status":"publish","type":"post","link":"https:\/\/www.europesays.com\/fr\/481359\/","title":{"rendered":"trois bonnes raisons de venir ce week-end \u00e0 l\u2019ADP Tour \u00e0 Domptail"},"content":{"rendered":"<p>Du petit \u00e9cran \u00e0 la ferme, il n\u2019y a qu\u2019un pas. Une vingtaine de candidats de  L\u2019Amour est dans le pr\u00e9 , qu\u2019ils soient de la saison 20 (actuelle) ou des saisons pr\u00e9c\u00e9dentes, d\u00e9barqueront ce week-end, ce samedi 24\u00a0octobre et ce dimanche 25\u00a0octobre de 10\u00a0h \u00e0 18\u00a0h, \u00e0 Domptail, dans la ferme de St\u00e9phane et Nejla pour \u00eatre plus pr\u00e9cis, \u00e0 l\u2019occasion <a href=\"https:\/\/www.estrepublicain.fr\/videos\/l-amour-est-dans-le-pre-tour-passe-par-la-meurthe-et-moselle-xf5q0fu\" target=\"_blank\" rel=\"noopener\">du tour de France de l\u2019ADP Tour.<\/a> C\u2019est la premi\u00e8re fois que ce march\u00e9 de producteurs s\u2019installe dans les Vosges. On vous donne trois bonnes raisons de vous y rendre.<\/p>\n<p>  \u00c9changer avec les t\u00eates d\u2019affiche de l\u2019\u00e9mission<\/p>\n<p>Ils ou elles vous ont touch\u00e9, fait vibrer, \u00e9mu. Le public pourra rencontrer, discuter, faire des selfies <a href=\"https:\/\/www.vosgesmatin.fr\/societe\/2025\/10\/21\/vosges-l-amour-est-dans-le-pre-quels-seront-les-agriculteurs-presents-ce-week-end-a-domptail-pour-l-adp-tour\" target=\"_blank\" rel=\"noopener\">avec les embl\u00e9matiques agriculteurs et agricultrices<\/a> (pr\u00e9sents pour vendre leurs productions ou \u00e0 titre de visiteurs) qui ont marqu\u00e9 l\u2019histoire de l\u2019\u00e9mission phare de M6. Parmi eux\u00a0: Didier, l\u2019Aveyronnais attachant de la saison 14 au phras\u00e9 l\u00e9gendaire, Thierry (et son fameux \u00ab\u00a0coquin de sort\u00a0\u00bb), l\u2019\u00e9leveur de taureaux Mathieu Ceschin, papa du petit Ezio, J\u00e9r\u00f4me, le mara\u00eecher, sans sa compagne Lucile, les historiques Pierre et Fr\u00e9d\u00e9rique, Ludovic (et son mythique \u00ab\u00a050 50\u00a0\u00bb) et Julia, Karell, Bruno, <a href=\"https:\/\/www.vosgesmatin.fr\/economie\/2024\/02\/08\/l-amour-est-dans-le-pre-stephane-l-agriculteur-vosgien-veut-trouver-l-amour-avec-un-grand-a\" target=\"_blank\" rel=\"noopener\">St\u00e9phane<\/a> et Nejla de la saison 19, Antoine de la saison 20\u2026 Et <a href=\"https:\/\/www.vosgesmatin.fr\/p\/karine-le-marchand\" target=\"_blank\" rel=\"noopener\">Karine Le Marchand<\/a>\u00a0? L\u2019animatrice, originaire de Lorraine, n\u2019a pas confirm\u00e9 sa pr\u00e9sence.<\/p>\n<p>Ce contenu est bloqu\u00e9 car vous n&rsquo;avez pas accept\u00e9 les cookies et autres traceurs.<\/p>\n<p>En cliquant sur \u00ab J\u2019accepte \u00bb, les cookies et autres traceurs seront d\u00e9pos\u00e9s et vous pourrez visualiser les contenus  (<a href=\"\" class=\"consentModule_policy\" target=\"_blank\" title=\"Consulter la politique de protection des donn\u00e9es du fournisseur\">plus d&rsquo;informations<\/a>).<\/p>\n<p>En cliquant sur \u00ab J\u2019accepte tous les cookies \u00bb, vous autorisez des d\u00e9p\u00f4ts de cookies et autres traceurs pour le stockage de vos donn\u00e9es sur nos sites et applications \u00e0 des fins de personnalisation et de ciblage publicitaire.<\/p>\n<p class=\"consentModule_secondaryText\">Vous gardez la possibilit\u00e9 de retirer votre consentement \u00e0 tout moment en consultant notre <a href=\"https:\/\/www.vosgesmatin.fr\/protection-des-donnees\" target=\"_blank\" title=\"Consulter notre politique de protection des donn\u00e9es\" rel=\"noopener\">politique de protection des donn\u00e9es<\/a>. <br \/>&#13;<br \/>\n            <a href=\"https:\/\/www.vosgesmatin.fr\/culture-loisirs\/2025\/10\/22\/javascript:Didomi.notice.show()\" class=\"consentModule_cmp\" target=\"_blank\" rel=\"noopener\">G\u00e9rer mes choix<\/a>&#13;\n        <\/p>\n<p>&#13;<br \/>\n                        J&rsquo;accepte&#13;<br \/>\n            J&rsquo;accepte tous les cookies&#13;\n        <\/p>\n<p>  Faire plaisir \u00e0 ses papilles<\/p>\n<p>Fruits et l\u00e9gumes, fleurs comestibles, saucissons, terrines, Armagnac\u2026 Les visiteurs auront l\u2019occasion de <a href=\"https:\/\/www.vosgesmatin.fr\/societe\/2025\/09\/10\/l-amour-est-dans-le-pre-un-marche-fermier-avec-les-anciens-candidats-chez-stephane-et-nejla-a-domptail-en-octobre\" target=\"_blank\" rel=\"noopener\">faire le plein de produits issus des quatre coins de France<\/a> et vendus par les anciens candidats du programme t\u00e9l\u00e9vis\u00e9. Et ainsi de soutenir le milieu agricole. Une offre de restauration sera disponible, \u00e0 l\u2019instar des poulets r\u00f4tis de Karell ou d\u2019autres plats compos\u00e9s \u00e0 partir de produits de la ferme de St\u00e9phane (transform\u00e9e par la ferme de la Blonde \u00e0 Rambervillers)\u2026 Jacqueline, la maman de St\u00e9phane, s\u2019occupera de la caisse. Elle pourrait m\u00eame vous offrir un peu de liqueur de mirabelle (avec mod\u00e9ration) contre du chocolat noir.<\/p>\n<p>Ce contenu est bloqu\u00e9 car vous n&rsquo;avez pas accept\u00e9 les cookies et autres traceurs.<\/p>\n<p>En cliquant sur \u00ab J\u2019accepte \u00bb, les cookies et autres traceurs seront d\u00e9pos\u00e9s et vous pourrez visualiser les contenus  (<a href=\"\" class=\"consentModule_policy\" target=\"_blank\" title=\"Consulter la politique de protection des donn\u00e9es du fournisseur\">plus d&rsquo;informations<\/a>).<\/p>\n<p>En cliquant sur \u00ab J\u2019accepte tous les cookies \u00bb, vous autorisez des d\u00e9p\u00f4ts de cookies et autres traceurs pour le stockage de vos donn\u00e9es sur nos sites et applications \u00e0 des fins de personnalisation et de ciblage publicitaire.<\/p>\n<p class=\"consentModule_secondaryText\">Vous gardez la possibilit\u00e9 de retirer votre consentement \u00e0 tout moment en consultant notre <a href=\"https:\/\/www.vosgesmatin.fr\/protection-des-donnees\" target=\"_blank\" title=\"Consulter notre politique de protection des donn\u00e9es\" rel=\"noopener\">politique de protection des donn\u00e9es<\/a>. <br \/>&#13;<br \/>\n            <a href=\"https:\/\/www.vosgesmatin.fr\/culture-loisirs\/2025\/10\/22\/javascript:Didomi.notice.show()\" class=\"consentModule_cmp\" target=\"_blank\" rel=\"noopener\">G\u00e9rer mes choix<\/a>&#13;\n        <\/p>\n<p>&#13;<br \/>\n                        J&rsquo;accepte&#13;<br \/>\n            J&rsquo;accepte tous les cookies&#13;\n        <\/p>\n<p>  Voir la ferme autrement<\/p>\n<p><a href=\"https:\/\/www.vosgesmatin.fr\/insolite\/2025\/08\/12\/l-amour-est-dans-le-pre-stephane-l-ancien-candidat-de-domptail-demande-nejla-en-mariage\" target=\"_blank\" rel=\"noopener\">St\u00e9phane et Nejla<\/a> ont pr\u00e9vu une large palette d\u2019animations. Une tombola sera organis\u00e9e, ainsi qu\u2019une d\u00e9monstration des Santiags de l\u2019Est le samedi, des danseuses du studio Brigitte Nicole le dimanche, un concours de cri de cochon pour enfants et adultes sous la supervision du champion de France de l\u2019exercice. Une mini-ferme, o\u00f9 se m\u00ealeront, entre autres, vache, veau, cochon, poules, lapins, brebis et agneau, compl\u00e9tera le panorama. L\u2019\u00e9curie de la pension Keny de Mandray proposera des tours de poney (payants), la ferme du Pichet \u00e0 Norroy une animation autour de la laine de mouton.<\/p>\n<p class=\"note\">La ferme est situ\u00e9e au 8, rue du Paradis \u00e0 Domptail. Entr\u00e9e gratuite. Des stationnements sont pr\u00e9vus. Hangar et chapiteau serviront \u00e0 abriter les visiteurs en cas de pluie.<\/p>\n","protected":false},"excerpt":{"rendered":"Du petit \u00e9cran \u00e0 la ferme, il n\u2019y a qu\u2019un pas. Une vingtaine de candidats de L\u2019Amour est&hellip;\n","protected":false},"author":2,"featured_media":481360,"comment_status":"","ping_status":"","sticky":false,"template":"","format":"standard","meta":{"footnotes":""},"categories":[1356],"tags":[327,8479,4406,6211,130,1687,58,8478,33,1799,59,107,1011,27,2089,5486,104,252,2205,1364,774],"class_list":{"0":"post-481359","1":"post","2":"type-post","3":"status-publish","4":"format-standard","5":"has-post-thumbnail","7":"category-television","8":"tag-agriculture","9":"tag-cc-de-la-region-de-rambervillers-88a","10":"tag-commerce-et-services","11":"tag-conference","12":"tag-consommation","13":"tag-culture-loisirs","14":"tag-divertissement","15":"tag-domptail","16":"tag-economie","17":"tag-edition-saint-die","18":"tag-entertainment","19":"tag-fil-info","20":"tag-fr","21":"tag-france","22":"tag-marche","23":"tag-rencontre","24":"tag-societe","25":"tag-television","26":"tag-television-medias","27":"tag-tv","28":"tag-vosges"},"share_on_mastodon":{"url":"https:\/\/pubeurope.com\/@fr\/115416453952426846","error":""},"_links":{"self":[{"href":"https:\/\/www.europesays.com\/fr\/wp-json\/wp\/v2\/posts\/481359","targetHints":{"allow":["GET"]}}],"collection":[{"href":"https:\/\/www.europesays.com\/fr\/wp-json\/wp\/v2\/posts"}],"about":[{"href":"https:\/\/www.europesays.com\/fr\/wp-json\/wp\/v2\/types\/post"}],"author":[{"embeddable":true,"href":"https:\/\/www.europesays.com\/fr\/wp-json\/wp\/v2\/users\/2"}],"replies":[{"embeddable":true,"href":"https:\/\/www.europesays.com\/fr\/wp-json\/wp\/v2\/comments?post=481359"}],"version-history":[{"count":0,"href":"https:\/\/www.europesays.com\/fr\/wp-json\/wp\/v2\/posts\/481359\/revisions"}],"wp:featuredmedia":[{"embeddable":true,"href":"https:\/\/www.europesays.com\/fr\/wp-json\/wp\/v2\/media\/481360"}],"wp:attachment":[{"href":"https:\/\/www.europesays.com\/fr\/wp-json\/wp\/v2\/media?parent=481359"}],"wp:term":[{"taxonomy":"category","embeddable":true,"href":"https:\/\/www.europesays.com\/fr\/wp-json\/wp\/v2\/categories?post=481359"},{"taxonomy":"post_tag","embeddable":true,"href":"https:\/\/www.europesays.com\/fr\/wp-json\/wp\/v2\/tags?post=481359"}],"curies":[{"name":"wp","href":"https:\/\/api.w.org\/{rel}","templated":true}]}}