{"id":481361,"date":"2025-10-22T06:41:41","date_gmt":"2025-10-22T06:41:41","guid":{"rendered":"https:\/\/www.europesays.com\/fr\/481361\/"},"modified":"2025-10-22T06:41:41","modified_gmt":"2025-10-22T06:41:41","slug":"michael-goldman-bien-accompagne-au-quotidien-le-directeur-de-la-star-academy-fait-les-presentations","status":"publish","type":"post","link":"https:\/\/www.europesays.com\/fr\/481361\/","title":{"rendered":"Micha\u00ebl Goldman bien accompagn\u00e9 au quotidien, le directeur de la Star Academy fait les pr\u00e9sentations"},"content":{"rendered":"<p class=\"mb-4 text-lg md:leading-8 break-words\">La \u00ab\u00a0Star Academy\u00a0\u00bb a bien d\u00e9but\u00e9. Et apr\u00e8s le prime de lancement qui s&rsquo;est tenu samedi soir, Micha\u00ebl Goldman est venu annoncer les premiers d\u00e9fis qui attendaient les \u00e9l\u00e8ves. Le directeur a aussi profit\u00e9 de sa venue pour pr\u00e9senter l&rsquo;\u00eatre qui partage sa vie depuis plusieurs mois et qui va plus ou moins faire partie de l&rsquo;aventure.<\/p>\n<p class=\"mb-4 text-lg md:leading-8 break-words\">Samedi soir, c&rsquo;\u00e9tait l&rsquo;\u00e9v\u00e9nement sur TF1. La cha\u00eene a officiellement lanc\u00e9 la nouvelle saison de la <a data-i13n=\"cpos:1;pos:1\" href=\"https:\/\/fr.news.yahoo.com\/star-academy-2025-date-casting-144100849.html\" data-ylk=\"slk:Star Academy;cpos:1;pos:1;elm:context_link;itc:0;sec:content-canvas;outcm:mb_qualified_link;_E:mb_qualified_link;ct:story;\" class=\"link  yahoo-link\" target=\"_blank\" rel=\"noopener\">Star Academy<\/a>. <a data-i13n=\"cpos:2;pos:1\" href=\"https:\/\/www.purepeople.com\/people\/nikos-aliagas_p314\" rel=\"nofollow noopener\" target=\"_blank\" data-ylk=\"slk:Nikos Aliagas;cpos:2;pos:1;elm:context_link;itc:0;sec:content-canvas\" class=\"link \">Nikos Aliagas<\/a> a ainsi eu l&rsquo;occasion de pr\u00e9senter <a data-i13n=\"cpos:3;pos:1\" href=\"https:\/\/fr.news.yahoo.com\/17-candidats-star-academy-2025-084100289.html\" data-ylk=\"slk:les 17 \u00e9l\u00e8ves;cpos:3;pos:1;elm:context_link;itc:0;sec:content-canvas;outcm:mb_qualified_link;_E:mb_qualified_link;ct:story;\" class=\"link  yahoo-link\" target=\"_blank\" rel=\"noopener\">les 17 \u00e9l\u00e8ves<\/a> qui vont rythmer cette \u00e9dition 2025, tous \u00e2g\u00e9s entre 18 et 25 ans et qui ont d\u00e9j\u00e0 fait preuve d&rsquo;un grand talent.<\/p>\n<p class=\"mb-4 text-lg md:leading-8 break-words\">Pas question toutefois pour Marl\u00e8ne Schaff, professeure d&rsquo;expression sc\u00e9nique, de les m\u00e9nager et lors du premier d\u00e9brief, dimanche 19 octobre, elle a soulign\u00e9 les faiblesses de chacun. Le directeur <a data-i13n=\"cpos:4;pos:1\" href=\"https:\/\/www.purepeople.com\/people\/michael-goldman_p374695\" rel=\"nofollow noopener\" target=\"_blank\" data-ylk=\"slk:Micha\u00ebl Goldman;cpos:4;pos:1;elm:context_link;itc:0;sec:content-canvas\" class=\"link \">Micha\u00ebl Goldman<\/a> est lui aussi venu rendre visite aux candidats bien install\u00e9s au ch\u00e2teau de Dammarie-les-Lys, afin de leur partager les premiers grands d\u00e9fis qui les attendent, notamment autour des \u00e9valuations. Mais ce n&rsquo;est pas tout, <a data-i13n=\"cpos:5;pos:1\" href=\"https:\/\/fr.news.yahoo.com\/jean-jacques-goldman-fils-micha%C3%ABl-152000387.html\" data-ylk=\"slk:le fils de Jean-Jacques Goldman;cpos:5;pos:1;elm:context_link;itc:0;sec:content-canvas;outcm:mb_qualified_link;_E:mb_qualified_link;ct:story;\" class=\"link  yahoo-link\" target=\"_blank\" rel=\"noopener\">le fils de Jean-Jacques Goldman<\/a> a pr\u00e9cis\u00e9 que cette saison,<strong> il serait souvent accompagn\u00e9.<\/strong><\/p>\n<p class=\"mb-4 text-lg md:leading-8 break-words\">En effet, Micha\u00ebl Goldman ne se r\u00e9sout pas \u00e0 laisser derri\u00e8re lui <strong>l&rsquo;\u00eatre qui partage sa vie depuis six mois d\u00e9j\u00e0<\/strong>, \u00e0 savoir <strong>sa chienne Wend<\/strong>y, un adorable golden retriever. \u00ab\u00a0<strong>Je ne viens pas tout seul cette ann\u00e9e. J&rsquo;ai adopt\u00e9, en mars de cette ann\u00e9e, un petit golden retriever<\/strong>. Je lui ai consacr\u00e9 les six derniers mois de ma vie pour r\u00e9sumer, et je ne pouvais pas l&rsquo;abandonner trois mois donc je l&rsquo;ai prise avec moi\u00a0\u00bb, a-t-il annonc\u00e9.<\/p>\n<p class=\"mb-4 text-lg md:leading-8 break-words\">Une r\u00e8gle importante soumise aux \u00e9l\u00e8ves de la Star Academy<\/p>\n<p class=\"mb-4 text-lg md:leading-8 break-words\">Conscient que tout le monde ne pourrait pas craquer pour la boule de poils, Micha\u00ebl Goldman a tenu \u00e0 rassurer : \u00ab\u00a0Si certains parmi vous n&rsquo;aiment pas les chiens, que \u00e7a les stresse&#8230; Je sais que certains sont allergiques. Ce n&rsquo;est pas grave du tout, mais si cela en stresse certains parmi vous de voir un chien, il n&rsquo;y a pas de soucis, je vais g\u00e9rer et<strong> je ne veux pas du tout que \u00e7a vous encombre dans votre vie. <\/strong>Si certains sont contents de la voir, je la laisserai dans le jardin et voil\u00e0, on verra comment \u00e7a se passe. Mais il ne faut surtout pas que ce soit un stress pour vous si certains n&rsquo;aiment pas \u00e7a\u00a0\u00bb.<\/p>\n<p class=\"mb-4 text-lg md:leading-8 break-words\">Ainsi, il y a une r\u00e8gle \u00e0 respecter : <strong>Wendy n&rsquo;a pas le droit de rentrer dans le ch\u00e2teau. <\/strong>\u00ab\u00a0D\u00e9j\u00e0 pour les questions d&rsquo;allergie, et ensuite, parce que sinon, elle va manger toutes vos chaussures, tout votre petit-dej. Mais parfois, vous verrez un petit \u00eatre blanc en train de se balader dans le jardin, vous n&rsquo;h\u00e9siterez pas \u00e0 aller lui faire un c\u00e2lin, elle n&rsquo;aime que \u00e7a\u00a0\u00bb.<\/p>\n<p class=\"mb-4 text-lg md:leading-8 break-words\"><a data-i13n=\"cpos:6;pos:1\" href=\"https:\/\/www.purepeople.com\/article\/je-lui-ai-consacre-les-six-derniers-mois-de-ma-vie-michael-goldman-bien-accompagne-au-quotidien-le-directeur-de-la-star-academy-fait-les-presentations_a543793\/1\" rel=\"nofollow noopener\" target=\"_blank\" data-ylk=\"slk:Article original sur Purepeople;cpos:6;pos:1;elm:context_link;itc:0;sec:content-canvas\" class=\"link \">Article original sur Purepeople<\/a><\/p>\n","protected":false},"excerpt":{"rendered":"La \u00ab\u00a0Star Academy\u00a0\u00bb a bien d\u00e9but\u00e9. Et apr\u00e8s le prime de lancement qui s&rsquo;est tenu samedi soir, Micha\u00ebl&hellip;\n","protected":false},"author":2,"featured_media":481362,"comment_status":"","ping_status":"","sticky":false,"template":"","format":"standard","meta":{"footnotes":""},"categories":[1355],"tags":[58,59,1011,27,18439,1361,873,7856,5095],"class_list":{"0":"post-481361","1":"post","2":"type-post","3":"status-publish","4":"format-standard","5":"has-post-thumbnail","7":"category-musique","8":"tag-divertissement","9":"tag-entertainment","10":"tag-fr","11":"tag-france","12":"tag-michael-goldman","13":"tag-music","14":"tag-musique","15":"tag-samedi-soir","16":"tag-star-academy"},"share_on_mastodon":{"url":"https:\/\/pubeurope.com\/@fr\/115416457809072577","error":""},"_links":{"self":[{"href":"https:\/\/www.europesays.com\/fr\/wp-json\/wp\/v2\/posts\/481361","targetHints":{"allow":["GET"]}}],"collection":[{"href":"https:\/\/www.europesays.com\/fr\/wp-json\/wp\/v2\/posts"}],"about":[{"href":"https:\/\/www.europesays.com\/fr\/wp-json\/wp\/v2\/types\/post"}],"author":[{"embeddable":true,"href":"https:\/\/www.europesays.com\/fr\/wp-json\/wp\/v2\/users\/2"}],"replies":[{"embeddable":true,"href":"https:\/\/www.europesays.com\/fr\/wp-json\/wp\/v2\/comments?post=481361"}],"version-history":[{"count":0,"href":"https:\/\/www.europesays.com\/fr\/wp-json\/wp\/v2\/posts\/481361\/revisions"}],"wp:featuredmedia":[{"embeddable":true,"href":"https:\/\/www.europesays.com\/fr\/wp-json\/wp\/v2\/media\/481362"}],"wp:attachment":[{"href":"https:\/\/www.europesays.com\/fr\/wp-json\/wp\/v2\/media?parent=481361"}],"wp:term":[{"taxonomy":"category","embeddable":true,"href":"https:\/\/www.europesays.com\/fr\/wp-json\/wp\/v2\/categories?post=481361"},{"taxonomy":"post_tag","embeddable":true,"href":"https:\/\/www.europesays.com\/fr\/wp-json\/wp\/v2\/tags?post=481361"}],"curies":[{"name":"wp","href":"https:\/\/api.w.org\/{rel}","templated":true}]}}