{"id":481363,"date":"2025-10-22T06:44:05","date_gmt":"2025-10-22T06:44:05","guid":{"rendered":"https:\/\/www.europesays.com\/fr\/481363\/"},"modified":"2025-10-22T06:44:05","modified_gmt":"2025-10-22T06:44:05","slug":"cinema-kaamelott-2-un-coup-depee-dans-leau","status":"publish","type":"post","link":"https:\/\/www.europesays.com\/fr\/481363\/","title":{"rendered":"Cin\u00e9ma: \u00abKaamelott 2\u00bb, un coup d&rsquo;\u00e9p\u00e9e dans l&rsquo;eau"},"content":{"rendered":"<p>Publi\u00e922. octobre 2025, 06:23<\/p>\n<p>Cin\u00e9ma: \u00abKaamelott 2\u00bb, un coup d&rsquo;\u00e9p\u00e9e dans l&rsquo;eau<\/p>\n<p>La suite des aventures du roi Arthur et de ses bras cass\u00e9s de chevaliers s&rsquo;\u00e9parpille, s&rsquo;essouffle et manque cruellement de rythme.<\/p>\n<p><img decoding=\"async\" alt=\"Michel Pralong\" src=\"https:\/\/www.europesays.com\/fr\/wp-content\/uploads\/2025\/10\/ee8c66ba-d9f8-4545-a733-0ee9fe5534f2.png\" class=\"sc-b1f21c84-1 juVSAe\"\/><\/p>\n<p>La bande-annonce de \u00abKaamelott, volet 2\u00bb.<\/p>\n<p>SND films<\/p>\n<p>Quatre ans apr\u00e8s le premier volet de la suite cin\u00e9matographique de la s\u00e9rie t\u00e9l\u00e9 \u00abKaamelott\u00bb, Alexandre Astier reprend son personnage du roi Arthur entour\u00e9 de la majorit\u00e9 des com\u00e9diens de sa bande. Lancelot d\u00e9fait, mais pas tu\u00e9, le souverain du royaume de Logres passe la majorit\u00e9 du temps au lit, refusant le destin que les dieux veulent lui voir jouer.<\/p>\n<p>En fait, c&rsquo;est un peu le r\u00e9sum\u00e9 de ce nouveau volet: tous les protagonistes font tout pour ne pas agir, se perdant en palabres et engueulades. Si le film de 2021 avait d\u00e9j\u00e0 quelques probl\u00e8mes de rythme, alors mineurs, l\u00e0, ils sont criants. Il n&rsquo;y a plus une seule intrigue, mais une multitude d&rsquo;histoires, chacune suivant tels ou tels personnages. Ce qui aurait tr\u00e8s bien pu se concevoir en \u00e9pisodes de quelques minutes \u00e0 l&rsquo;\u00e9poque a bien de la peine \u00e0 tenir en haleine dans un (trop) long-m\u00e9trage.<\/p>\n<p>Ouf, il reste toujours les dialogues<\/p>\n<p>C&rsquo;est dommage, car les fans appr\u00e9cieront certainement de conna\u00eetre la suite des aventures de Merlin, Karadoc et autre Dame du Lac. Astier peaufine toujours ses dialogues, mais une certaine th\u00e9\u00e2tralit\u00e9, notamment chez les jeunes com\u00e9diens, les plombe trop souvent. Les meilleurs, \u00e0 commencer par Astier lui-m\u00eame, Christian Clavier, Audrey Fleurot, Clovis Cornillac ou Guillaume Gallienne parviennent tout de m\u00eame \u00e0 livrer une partition sans faille.<\/p>\n<p>L&rsquo;absence sid\u00e9rante de Perceval<\/p>\n<p>Quelques nouveaux font une apparition remarqu\u00e9e, comme Daniel Mesguich en enchanteur Conie le fameux ou Thomas VDB en gendre du roi Loth. Parmi les absents, un de taille, Perceval! Parti seul de son c\u00f4t\u00e9, brouill\u00e9 avec Karadoc, l&rsquo;un des personnages les plus savoureux de l&rsquo;univers de \u00abKaamelott\u00bb appara\u00eet pourtant deux fois \u00e0 travers des lettres. Et ce sont parmi les meilleurs moments du film.<\/p>\n<p>Frank Pitiot, son interpr\u00e8te, ne se retrouvait plus dans le personnage de Perceval tel qu&rsquo;il avait \u00e9volu\u00e9 dans le premier film. Il est vrai que le chevalier lunaire qui ne comprenait rien \u00e0 rien \u00e9tait, d&rsquo;ailleurs un peu comme Karadoc, devenu un type qui gueulait sur les autres, sans apporter grand-chose. Frank Pitiot n&rsquo;avait pas pu lire le sc\u00e9nario du premier film et avait donc jou\u00e9 un Perceval qu&rsquo;il ne sentait pas. Il a pu lire cette fois ce qu&rsquo;Astier lui r\u00e9servait dans cette suite et a dit non. Mais du coup, dans ses lettres, on retrouve paradoxalement tout ce qu&rsquo;on aime de Perceval. Et Pitiot n&rsquo;exclut pas d&rsquo;\u00eatre dans le suivant si cela lui pla\u00eet plus.<\/p>\n<p><img loading=\"lazy\" decoding=\"async\" src=\"https:\/\/www.europesays.com\/fr\/wp-content\/uploads\/2025\/10\/cbd507a2-10b4-4b06-a634-2dbc5b5f9d1b.png\" alt=\"Daniel Mesguich en Conie le Fameux.\" title=\"Daniel Mesguich en Conie le Fameux.\"  width=\"1200\" height=\"709\"\/><\/p>\n<p>Daniel Mesguich en Conie le Fameux.<\/p>\n<p>SND Films<\/p>\n<p>Dans cette succession de groupes partis chacun accomplir une qu\u00eate, on rit, bien s\u00fbr, on s&rsquo;\u00e9merveille, parfois, on ne frissonne jamais et on s&rsquo;ennuie trop souvent. Astier aurait pu raccourcir ses 2\u00a0h\u00a019 d&rsquo;une bonne demi-heure, cela aurait rendu l&rsquo;ensemble plus digeste.<\/p>\n<p>La conclusion de toutes ces \u00e9pop\u00e9es sera livr\u00e9e dans une suite, l&rsquo;ann\u00e9e prochaine. On l&rsquo;attendra tout de m\u00eame avec une certaine impatience, car malgr\u00e9 tout, qu&rsquo;est-qu&rsquo;on aime ces personnages!<\/p>\n<p><img loading=\"lazy\" decoding=\"async\" src=\"https:\/\/www.europesays.com\/fr\/wp-content\/uploads\/2025\/10\/45e286f3-c544-4f98-bdd1-156174561f01.png\" alt=\"\" title=\"\"  width=\"621\" height=\"949\"\/><\/p>\n","protected":false},"excerpt":{"rendered":"Publi\u00e922. octobre 2025, 06:23 Cin\u00e9ma: \u00abKaamelott 2\u00bb, un coup d&rsquo;\u00e9p\u00e9e dans l&rsquo;eau La suite des aventures du roi&hellip;\n","protected":false},"author":2,"featured_media":481364,"comment_status":"","ping_status":"","sticky":false,"template":"","format":"standard","meta":{"footnotes":""},"categories":[1354],"tags":[60476,58,59,1346,1011,27,41019,1360,60477],"class_list":{"0":"post-481363","1":"post","2":"type-post","3":"status-publish","4":"format-standard","5":"has-post-thumbnail","7":"category-films","8":"tag-astier","9":"tag-divertissement","10":"tag-entertainment","11":"tag-films","12":"tag-fr","13":"tag-france","14":"tag-kaamelott","15":"tag-movies","16":"tag-volet-2"},"share_on_mastodon":{"url":"https:\/\/pubeurope.com\/@fr\/115416470107159401","error":""},"_links":{"self":[{"href":"https:\/\/www.europesays.com\/fr\/wp-json\/wp\/v2\/posts\/481363","targetHints":{"allow":["GET"]}}],"collection":[{"href":"https:\/\/www.europesays.com\/fr\/wp-json\/wp\/v2\/posts"}],"about":[{"href":"https:\/\/www.europesays.com\/fr\/wp-json\/wp\/v2\/types\/post"}],"author":[{"embeddable":true,"href":"https:\/\/www.europesays.com\/fr\/wp-json\/wp\/v2\/users\/2"}],"replies":[{"embeddable":true,"href":"https:\/\/www.europesays.com\/fr\/wp-json\/wp\/v2\/comments?post=481363"}],"version-history":[{"count":0,"href":"https:\/\/www.europesays.com\/fr\/wp-json\/wp\/v2\/posts\/481363\/revisions"}],"wp:featuredmedia":[{"embeddable":true,"href":"https:\/\/www.europesays.com\/fr\/wp-json\/wp\/v2\/media\/481364"}],"wp:attachment":[{"href":"https:\/\/www.europesays.com\/fr\/wp-json\/wp\/v2\/media?parent=481363"}],"wp:term":[{"taxonomy":"category","embeddable":true,"href":"https:\/\/www.europesays.com\/fr\/wp-json\/wp\/v2\/categories?post=481363"},{"taxonomy":"post_tag","embeddable":true,"href":"https:\/\/www.europesays.com\/fr\/wp-json\/wp\/v2\/tags?post=481363"}],"curies":[{"name":"wp","href":"https:\/\/api.w.org\/{rel}","templated":true}]}}