{"id":481384,"date":"2025-10-22T06:58:23","date_gmt":"2025-10-22T06:58:23","guid":{"rendered":"https:\/\/www.europesays.com\/fr\/481384\/"},"modified":"2025-10-22T06:58:23","modified_gmt":"2025-10-22T06:58:23","slug":"nancy-un-spectacle-lyrique-immersif-transforme-la-decouverte-de-lopera-en-fete-foraine","status":"publish","type":"post","link":"https:\/\/www.europesays.com\/fr\/481384\/","title":{"rendered":"Nancy. Un spectacle lyrique immersif transforme la d\u00e9couverte de l\u2019op\u00e9ra en f\u00eate foraine"},"content":{"rendered":"<p>Et dire qu\u2019elle en r\u00eavait depuis des ann\u00e9es\u00a0! \u00ab\u00a0Mais c\u2019est impressionnant, l\u2019op\u00e9ra. Et puis ce n\u2019est pas donn\u00e9.\u00a0\u00bb Pour Benjamin n\u00e9anmoins, son fils de 7 ans, St\u00e9phanie n\u2019a pas h\u00e9sit\u00e9. Et elle en est \u00ab\u00a0enchant\u00e9e\u00a0\u00bb. Non seulement cette jeune maman de Pont-\u00e0-Mousson a enfin franchi le seuil de la maison lyrique, pour la modique somme de 10\u00a0\u20ac. Mais en plus elle est directement mont\u00e9e sur sc\u00e8ne. O\u00f9 tourne le Carrousel , la nouveaut\u00e9 de l\u2019Op\u00e9ra national de Nancy-Lorraine.<\/p>\n<p>Un enchantement, en effet. Tout de rose barbe \u00e0 papa, le petit man\u00e8ge fait tourner et caracoler ses chevaux de bois en m\u00eame temps que leurs jeunes cavaliers. La Muse, personnage bouffonnant, s\u2019invite sur le plateau, bient\u00f4t rejointe par Olympia, pi\u00e8ce mont\u00e9e bip\u00e8de \u00e0 perruque chantilly. Deux personnages fantasques et joyeusement grotesques.<\/p>\n<p>Mais quand la voix leur monte au gosier, accompagn\u00e9e d\u2019un petit orchestre qui fait tressauter croches et doubles croches depuis un petit kiosque juste \u00e0 c\u00f4t\u00e9, le rire fait bient\u00f4t place \u00e0 l\u2019\u00e9merveillement.<\/p>\n<p>  La magie de l\u2019op\u00e9ra<\/p>\n<p>Louisa Stirland, soprano, et Julia Deit-Ferrand, mezzo, \u00e9voluent au milieu de leur jeune public, imm\u00e9diatement captif. Avec la complicit\u00e9 de l\u2019acrobate Guillaume No\u00ebl, elles s\u2019autorisent une fac\u00e9tie ici, une cabriole l\u00e0, tout en donnant \u00e0 entendre la puret\u00e9 lyrique que ne bouderait certes pas un grand amateur d\u2019op\u00e9ra.<\/p>\n<p>Et le petit Benjamin, comme ses pareils, \u00e9carquille les prunelles. \u00c9bahi. St\u00e9phanie, sa maman, est saisie par l\u2019\u00e9motion. C\u2019est d\u00e9cid\u00e9 cette fois, \u00ab\u00a0je reviendrai \u00e0 l\u2019op\u00e9ra\u00a0\u00bb.<\/p>\n<p>Une phrase qui ne peut que r\u00e9jouir Mathieu Dussouillez, directeur des lieux qui a r\u00eav\u00e9 ce spectacle pr\u00e9cis\u00e9ment pour \u00e7a\u00a0: \u00ab\u00a0Emmener les adultes en m\u00eame temps que les enfants dans la magie de l\u2019op\u00e9ra.\u00a0\u00bb Principe d\u00e9j\u00e0 cultiv\u00e9 avec Op\u00e9ra Berceau , dispositif con\u00e7u pour les moins de trois ans. \u00ab\u00a0Et on a constat\u00e9, dans les faits, que plus de 50\u00a0% des adultes accompagnateurs n\u2019\u00e9taient jusqu\u2019\u00e0 ce jour encore jamais venus chez nous.\u00a0\u00bb<\/p>\n<p>Catherine, elle, y \u00e9tait venue une fois. Marie jamais. Mais la musicoth\u00e9rapeute et la psychoth\u00e9rapeute de l\u2019association J-B. Thi\u00e9ry ont vu l\u00e0 une opportunit\u00e9 in\u00e9dite d\u2019offrir \u00e0 Camille et Math\u00e9o, deux de leurs usagers, \u00ab\u00a0une formidable ouverture culturelle qu\u2019ils n\u2019ont pas par ailleurs.\u00a0\u00bb \u00ab\u00a0Ne serait-ce que pour d\u00e9couvrir le b\u00e2timent\u00a0\u00bb, souligne Catherine. \u00ab\u00a0Et de nouveaux genres musicaux\u00a0\u00bb, rench\u00e9rit Marie.<\/p>\n<p>  Femme oiseau<\/p>\n<p>Ce Carrousel , con\u00e7u et mis en sc\u00e8ne par Anna Bernreitner, aid\u00e9e aux d\u00e9cors et costumes par Hannah \u0152llinger, a beaucoup pour plaire en effet. Il r\u00e9unit parents et enfants dans un m\u00eame \u00e9merveillement. Et s\u2019installe aussi bien en ext\u00e9rieur qu\u2019en int\u00e9rieur. Et le man\u00e8ge enchant\u00e9\u00a0est encore appel\u00e9 \u00e0 tourner l\u00e0 o\u00f9 le vent et les m\u00e9c\u00e8nes voudront bien le porter.<\/p>\n<p>Mais cette semaine, il est le clou d\u2019un \u00e9v\u00e9nement plus grand encore\u00a0: La Petite Foire. Foyer et coursives de l\u2019op\u00e9ra ont pris de furieux et surtout joyeux airs de f\u00eate foraine lyrique. Avec \u00e9chassiers en goguette, roues de la fortune, mare \u00e0 canards, monsieur muscle, femme oiseau, machines \u00e0 pop-corn, et personnages chanteurs partout \u00e9gay\u00e9s. Une v\u00e9ritable bouff\u00e9e de f\u00eate\u00a0!<\/p>\n<p>Le matin, l\u2019 Op\u00e9ra Berceau affiche complet. L\u2019apr\u00e8s-midi, en revanche, quelques places sont encore libres pour le Carrousel. \u00c0 saisir avant que sa r\u00e9putation ne le pr\u00e9c\u00e8de\u00a0!<\/p>\n<p class=\"note\">La Petite Foire et Carrousel , jusqu\u2019au samedi 25\u00a0octobre, de 14\u00a0h\u00a030 \u00e0 17\u00a0h\u00a0; tarif 10\u00a0\u20ac par enfant, deux accompagnants maximum par famille (gratuit). Billets au guichet ou t\u00e9l.\u00a003\u00a085\u00a085\u00a030\u00a060.<\/p>\n","protected":false},"excerpt":{"rendered":"Et dire qu\u2019elle en r\u00eavait depuis des ann\u00e9es\u00a0! \u00ab\u00a0Mais c\u2019est impressionnant, l\u2019op\u00e9ra. Et puis ce n\u2019est pas donn\u00e9.\u00a0\u00bb&hellip;\n","protected":false},"author":2,"featured_media":481385,"comment_status":"","ping_status":"","sticky":false,"template":"","format":"standard","meta":{"footnotes":""},"categories":[9635],"tags":[1111,11,1687,1704,1777,674,1011,27,775,1757,873,1702,1703,12,25,3140],"class_list":{"0":"post-481384","1":"post","2":"type-post","3":"status-publish","4":"format-standard","5":"has-post-thumbnail","7":"category-nancy","8":"tag-actu","9":"tag-actualites","10":"tag-culture-loisirs","11":"tag-edition-nancy-et-agglomeration","12":"tag-eu","13":"tag-europe","14":"tag-fr","15":"tag-france","16":"tag-grand-est","17":"tag-insolite","18":"tag-musique","19":"tag-nancy","20":"tag-nancy-ville-54b","21":"tag-news","22":"tag-republique-francaise","23":"tag-spectacle"},"share_on_mastodon":{"url":"https:\/\/pubeurope.com\/@fr\/115416524551072466","error":""},"_links":{"self":[{"href":"https:\/\/www.europesays.com\/fr\/wp-json\/wp\/v2\/posts\/481384","targetHints":{"allow":["GET"]}}],"collection":[{"href":"https:\/\/www.europesays.com\/fr\/wp-json\/wp\/v2\/posts"}],"about":[{"href":"https:\/\/www.europesays.com\/fr\/wp-json\/wp\/v2\/types\/post"}],"author":[{"embeddable":true,"href":"https:\/\/www.europesays.com\/fr\/wp-json\/wp\/v2\/users\/2"}],"replies":[{"embeddable":true,"href":"https:\/\/www.europesays.com\/fr\/wp-json\/wp\/v2\/comments?post=481384"}],"version-history":[{"count":0,"href":"https:\/\/www.europesays.com\/fr\/wp-json\/wp\/v2\/posts\/481384\/revisions"}],"wp:featuredmedia":[{"embeddable":true,"href":"https:\/\/www.europesays.com\/fr\/wp-json\/wp\/v2\/media\/481385"}],"wp:attachment":[{"href":"https:\/\/www.europesays.com\/fr\/wp-json\/wp\/v2\/media?parent=481384"}],"wp:term":[{"taxonomy":"category","embeddable":true,"href":"https:\/\/www.europesays.com\/fr\/wp-json\/wp\/v2\/categories?post=481384"},{"taxonomy":"post_tag","embeddable":true,"href":"https:\/\/www.europesays.com\/fr\/wp-json\/wp\/v2\/tags?post=481384"}],"curies":[{"name":"wp","href":"https:\/\/api.w.org\/{rel}","templated":true}]}}