{"id":48139,"date":"2025-04-24T03:03:13","date_gmt":"2025-04-24T03:03:13","guid":{"rendered":"https:\/\/www.europesays.com\/fr\/48139\/"},"modified":"2025-04-24T03:03:13","modified_gmt":"2025-04-24T03:03:13","slug":"le-lycee-musulman-lillois-averroes-recupere-son-contrat-avec-letat","status":"publish","type":"post","link":"https:\/\/www.europesays.com\/fr\/48139\/","title":{"rendered":"Le lyc\u00e9e musulman lillois Averro\u00e8s r\u00e9cup\u00e8re son contrat avec l&rsquo;Etat"},"content":{"rendered":"<p>Le tribunal administratif de Lille a r\u00e9tabli mercredi le contrat d&rsquo;association entre l&rsquo;Etat et le lyc\u00e9e musulman Averro\u00e8s, r\u00e9sili\u00e9 en d\u00e9cembre 2023 par la pr\u00e9fecture du Nord, qui avait \u00e9voqu\u00e9 des \u00ab\u00a0manquements graves aux principes fondamentaux de la R\u00e9publique\u00a0\u00bb.<\/p>\n<p>Le tribunal a expliqu\u00e9 dans un communiqu\u00e9 avoir annul\u00e9 la d\u00e9cision pr\u00e9fectorale parce qu&rsquo;elle n&rsquo;\u00e9tablissait pas \u00ab\u00a0l&rsquo;existence de manquements graves au droit\u00a0\u00bb et que la proc\u00e9dure \u00e9tait \u00ab\u00a0entach\u00e9e d&rsquo;irr\u00e9gularit\u00e9s\u00a0\u00bb.<\/p>\n<p>Selon les juges, l&rsquo;administration n&rsquo;a pas \u00ab\u00a0suffisamment d\u00e9montr\u00e9\u00a0\u00bb le \u00ab\u00a0manque de pluralisme culturel de la documentation accessible aux lyc\u00e9ens\u00a0\u00bb, le \u00ab\u00a0caract\u00e8re contraire aux valeurs de la R\u00e9publique du cours d&rsquo;\u00e9thique musulmane\u00a0\u00bb ou encore \u00ab\u00a0l&rsquo;existence d&rsquo;un syst\u00e8me de financement illicite\u00a0\u00bb reproch\u00e9s \u00e0 l&rsquo;\u00e9tablissement.<\/p>\n<p>Certains manquements ont \u00e9t\u00e9 d\u00e9montr\u00e9s, a reconnu le tribunal, tout en estimant qu&rsquo;ils n&rsquo;\u00e9taient pas suffisamment graves pour justifier la r\u00e9siliation du contrat avec l&rsquo;Etat.<\/p>\n<p>L&rsquo;association Averro\u00e8s a salu\u00e9 dans un communiqu\u00e9 une \u00ab\u00a0victoire de l&rsquo;Etat de droit\u00a0\u00bb et assur\u00e9 que cette d\u00e9cision \u00ab\u00a0\u00e0 effet imm\u00e9diat r\u00e9attribue de mani\u00e8re r\u00e9troactive int\u00e9gralement le contrat d&rsquo;association au lyc\u00e9e\u00a0\u00bb.<\/p>\n<p>\u00ab\u00a0Tous les enseignements dispens\u00e9s au sein du lyc\u00e9e Averro\u00e8s sont conformes aux valeurs de la R\u00e9publique\u00a0\u00bb, s&rsquo;est f\u00e9licit\u00e9 Me Paul Jablonski, l&rsquo;un des avocats de l&rsquo;\u00e9tablissement, lors d&rsquo;une conf\u00e9rence de presse \u00e0 Lille.<\/p>\n<p>&#8211; \u00ab\u00a0Un poids qui s&rsquo;enl\u00e8ve\u00a0\u00bb &#8211;<\/p>\n<p>Eric Dufour, directeur du groupe scolaire, a soulign\u00e9 que son \u00e9tablissement avait continu\u00e9 d&rsquo;obtenir \u00ab\u00a0des r\u00e9sultats brillants dans la temp\u00eate, dans une temp\u00eate absolue. Je pense qu&rsquo;aucun \u00e9tablissement n&rsquo;avait eu \u00e0 vivre \u00e7a en France\u00a0\u00bb, a-t-il estim\u00e9.<\/p>\n<p>\u00ab\u00a0\u00c7a a \u00e9t\u00e9 des montagnes russes incroyables entre la col\u00e8re, la tristesse, la r\u00e9signation aussi et l&rsquo;espoir que quelque chose soit fait. \u00c7a a \u00e9t\u00e9 un combat au quotidien\u00a0\u00bb, a r\u00e9agi aupr\u00e8s de l&rsquo;AFP Mich\u00e8le Battin, professeure de philosophie au sein du lyc\u00e9e. \u00ab\u00a0C&rsquo;est un soulagement pour tous les \u00e9l\u00e8ves, c&rsquo;est g\u00e9nial.\u00a0\u00bb<\/p>\n<p>\u00ab\u00a0C&rsquo;est une pression constante, un poids sur les \u00e9paules (&#8230;), un poids qui s&rsquo;enl\u00e8ve\u00a0\u00bb, sourit Romayssa, 16 ans, une \u00e9l\u00e8ve en premi\u00e8re \u00e0 Averro\u00e8s.<\/p>\n<p>Le minist\u00e8re de l&rsquo;Education nationale a dit dans un communiqu\u00e9 se r\u00e9server la possibilit\u00e9 de faire appel \u00ab\u00a0apr\u00e8s analyse approfondie du jugement\u00a0\u00bb.<\/p>\n<p>Averro\u00e8s, fond\u00e9 en 2003 et qui s&rsquo;est distingu\u00e9 par d&rsquo;excellents r\u00e9sultats scolaires, \u00e9tait jusqu&rsquo;en septembre 2024 le principal lyc\u00e9e musulman sous contrat de France.<\/p>\n<p>Pour survivre sans subventions, Averro\u00e8s a doubl\u00e9 ses frais de scolarit\u00e9 et lanc\u00e9 une cagnotte en ligne. Mais il a perdu de nombreux \u00e9l\u00e8ves, passant de 470 lyc\u00e9ens \u00e0 290, qui ont d\u00fb pr\u00e9parer le bac en candidats libres.<\/p>\n<p>L&rsquo;\u00e9tablissement a chiffr\u00e9 \u00e0 plus d&rsquo;un million d&rsquo;euros par an le co\u00fbt des salaires des enseignants auparavant pris en charge par l&rsquo;Etat.<\/p>\n<p>&#8211; \u00ab\u00a0Infond\u00e9 et discriminatoire\u00a0\u00bb &#8211;<\/p>\n<p>La d\u00e9cision du tribunal \u00ab\u00a0d\u00e9montre que (ce) traitement aussi exceptionnel que brutal (&#8230;) par le pr\u00e9fet du Nord \u00e9tait infond\u00e9 et discriminatoire\u00a0\u00bb, a r\u00e9agi le d\u00e9put\u00e9 La France insoumise (LFI) du Val-d&rsquo;Oise Paul Vannier, sur X.<\/p>\n<p>\u00ab\u00a0Je respecte la justice administrative\u00a0\u00bb, a affirm\u00e9 de son c\u00f4t\u00e9 le Premier ministre Fran\u00e7ois Bayrou, tout en ajoutant qu&rsquo;il chercherait \u00ab\u00a0le meilleur \u00e9quilibre possible\u00a0\u00bb dans les semaines \u00e0 venir pour \u00ab\u00a0\u00e9viter qu&rsquo;il n&rsquo;y ait des d\u00e9rives\u00a0\u00bb et qu&rsquo;en m\u00eame temps \u00ab\u00a0le droit soit respect\u00e9\u00a0\u00bb.<\/p>\n<p>Entendu le 9 avril par la commission d&rsquo;enqu\u00eate parlementaire sur le contr\u00f4le des \u00e9tablissements scolaires par l&rsquo;\u00c9tat, Georges-Fran\u00e7ois Leclerc, ancien pr\u00e9fet du Nord qui avait d\u00e9cid\u00e9 de r\u00e9silier le contrat, avait assur\u00e9 qu&rsquo;il disposait \u00e0 l&rsquo;\u00e9poque d&rsquo;\u00e9l\u00e9ments \u00ab\u00a0suffisamment tangibles pour consid\u00e9rer que les \u00e9l\u00e8ves \u00e9taient en danger\u00a0\u00bb au sein d&rsquo;Averro\u00e8s.<\/p>\n<p>Sa d\u00e9cision reposait notamment sur la mention, dans la bibliographie d&rsquo;un cours d&rsquo;\u00e9thique musulmane, d&rsquo;un recueil de textes religieux contenant des commentaires pr\u00f4nant la peine de mort en cas d&rsquo;apostasie ainsi que la s\u00e9gr\u00e9gation des sexes.<\/p>\n<p>Un livre qui n&rsquo;a jamais \u00e9t\u00e9 pr\u00e9sent au sein de l&rsquo;\u00e9tablissement, assurent les responsables d&rsquo;Averro\u00e8s.<\/p>\n<p>Le r\u00e9tablissement du contrat d&rsquo;Averro\u00e8s intervient alors que le groupe scolaire Al-Kindi, pr\u00e8s de Lyon, o\u00f9 se trouvait le seul autre lyc\u00e9e musulman sous contrat, a vu ce contrat suspendu \u00e0 partir de la rentr\u00e9e prochaine, ce qu&rsquo;il conteste en justice.<\/p>\n<p>La bataille juridique n&rsquo;est pas termin\u00e9e pour Averro\u00e8s. Les avocats du groupe scolaire ont saisi la justice concernant le refus par la pr\u00e9fecture d&rsquo;accorder un contrat \u00e0 son coll\u00e8ge, alors que cet \u00e9tablissement remplit \u00ab\u00a0toutes les conditions\u00a0\u00bb selon M. Dufour.<\/p>\n<p>kau-chp-zl-jmt\/etb\/hdz<\/p>\n","protected":false},"excerpt":{"rendered":"Le tribunal administratif de Lille a r\u00e9tabli mercredi le contrat d&rsquo;association entre l&rsquo;Etat et le lyc\u00e9e musulman Averro\u00e8s,&hellip;\n","protected":false},"author":2,"featured_media":48140,"comment_status":"","ping_status":"","sticky":false,"template":"","format":"standard","meta":{"footnotes":""},"categories":[2815],"tags":[1111,11,6267,13942,1777,674,1011,27,811,1307,12,13944,25,13943,13941],"class_list":{"0":"post-48139","1":"post","2":"type-post","3":"status-publish","4":"format-standard","5":"has-post-thumbnail","7":"category-lille","8":"tag-actu","9":"tag-actualites","10":"tag-averroes","11":"tag-contrat-dassociation","12":"tag-eu","13":"tag-europe","14":"tag-fr","15":"tag-france","16":"tag-hauts-de-france","17":"tag-lille","18":"tag-news","19":"tag-prefecture-du-nord","20":"tag-republique-francaise","21":"tag-tribunal-administratif-de-lille","22":"tag-valeurs-de-la-republique"},"share_on_mastodon":{"url":"https:\/\/pubeurope.com\/@fr\/114390722400632763","error":""},"_links":{"self":[{"href":"https:\/\/www.europesays.com\/fr\/wp-json\/wp\/v2\/posts\/48139","targetHints":{"allow":["GET"]}}],"collection":[{"href":"https:\/\/www.europesays.com\/fr\/wp-json\/wp\/v2\/posts"}],"about":[{"href":"https:\/\/www.europesays.com\/fr\/wp-json\/wp\/v2\/types\/post"}],"author":[{"embeddable":true,"href":"https:\/\/www.europesays.com\/fr\/wp-json\/wp\/v2\/users\/2"}],"replies":[{"embeddable":true,"href":"https:\/\/www.europesays.com\/fr\/wp-json\/wp\/v2\/comments?post=48139"}],"version-history":[{"count":0,"href":"https:\/\/www.europesays.com\/fr\/wp-json\/wp\/v2\/posts\/48139\/revisions"}],"wp:featuredmedia":[{"embeddable":true,"href":"https:\/\/www.europesays.com\/fr\/wp-json\/wp\/v2\/media\/48140"}],"wp:attachment":[{"href":"https:\/\/www.europesays.com\/fr\/wp-json\/wp\/v2\/media?parent=48139"}],"wp:term":[{"taxonomy":"category","embeddable":true,"href":"https:\/\/www.europesays.com\/fr\/wp-json\/wp\/v2\/categories?post=48139"},{"taxonomy":"post_tag","embeddable":true,"href":"https:\/\/www.europesays.com\/fr\/wp-json\/wp\/v2\/tags?post=48139"}],"curies":[{"name":"wp","href":"https:\/\/api.w.org\/{rel}","templated":true}]}}