{"id":481404,"date":"2025-10-22T07:10:11","date_gmt":"2025-10-22T07:10:11","guid":{"rendered":"https:\/\/www.europesays.com\/fr\/481404\/"},"modified":"2025-10-22T07:10:11","modified_gmt":"2025-10-22T07:10:11","slug":"des-personnes-recherchees-en-bretagne-pour-une-nouvelle-emission-tele","status":"publish","type":"post","link":"https:\/\/www.europesays.com\/fr\/481404\/","title":{"rendered":"des personnes recherch\u00e9es en Bretagne pour une nouvelle \u00e9mission t\u00e9l\u00e9"},"content":{"rendered":"<p>            Par<br \/>\n        <strong><br \/>\n            <a href=\"https:\/\/actu.fr\/auteur\/clemence-pays02-actu-fr\" title=\"Consulter tous les articles de Cl\u00e9mence Pays\" target=\"_blank\" rel=\"noopener\">Cl\u00e9mence Pays<\/a><br \/>\n        <\/strong><\/p>\n<p>        Publi\u00e9 le<\/p>\n<p>            22 oct. 2025 \u00e0 8h27        <\/p>\n<p><strong>\u00ab\u2009Vous avez des tr\u00e9sors cach\u00e9s chez vous\u2009?<\/strong> Et si vous pouviez les transformer en cash\u2009?\u2009\u00bb La soci\u00e9t\u00e9 Kitchen Factory \u2013 connue pour avoir produit Tous en cuisine et Le meilleur p\u00e2tissier \u2013 pr\u00e9pare une <strong>nouvelle \u00e9mission<\/strong> (dont le nom est encore tenu secret) et lance un <strong>casting.<\/strong><\/p>\n<p class=\" wall-content\">Le concept\u2009? L\u2019\u00e9quipe de production se d\u00e9placera dans trois r\u00e9gions de France, dont la <a href=\"https:\/\/actu.fr\/bretagne\/\" target=\"_blank\" rel=\"noopener\">Bretagne<\/a>, pour se rendre <strong>chez des collectionneurs et particuliers<\/strong> qui pourraient poss\u00e9der de v\u00e9ritables tr\u00e9sors.<\/p>\n<p class=\" wall-content\">Ce futur programme t\u00e9l\u00e9vis\u00e9 sera diffus\u00e9 sur la cha\u00eene <a href=\"https:\/\/actu.fr\/loisirs-culture\/novo19-debarque-ce-lundi-sur-la-tnt-voici-le-programme-tele-de-la-nouvelle-chaine_63091741.html\" target=\"_blank\" rel=\"noopener\">Novo19<\/a>. \u00ab\u2009C\u2019est une des premi\u00e8res commandes de cette nouvelle cha\u00eene\u2009\u00bb, souligne la direction du casting.<\/p>\n<p>Des ventes aux ench\u00e8res \u00e0 Rennes<\/p>\n<p class=\" wall-content\">Le <strong>commissaire-priseur rennais, Pierre-Guillaume Klein<\/strong> se d\u00e9placera chez les particuliers, <strong>\u00ab\u2009avec une animatrice connue\u2009\u00bb,<\/strong> glisse la direction du casting.<\/p>\n<p class=\" wall-content\">Pierre-Guillaume Klein se chargera des <strong>expertises<\/strong> et de <strong>l\u2019animation des ench\u00e8res<\/strong> dans la salle des ventes d\u2019Ouest Ench\u00e8res publiques, \u00e0 <a href=\"https:\/\/actu.fr\/rennes\/\" target=\"_blank\" rel=\"noopener\">Rennes<\/a>.<\/p>\n<p class=\" wall-content\">\u00ab\u2009L\u2019avantage, c\u2019est que les frais de vente [qui s\u2019ajoutent au prix adjug\u00e9 lors des ench\u00e8res, N.D.L.R.] sont absorb\u00e9s par la production.\u2009\u00bb<\/p>\n<p>Votre r\u00e9gion, votre actu !<\/p>\n<p>Recevez chaque jour les infos qui comptent pour vous.<\/p>\n<p>\t<a href=\"https:\/\/actu.fr\/newsletter\" class=\"ac-btn ac-btn--corner ac-btn--medium ac-btn--blue800\" target=\"_blank\" rel=\"noopener\">S&rsquo;incrire<\/a><br \/>\nLes profils recherch\u00e9s<\/p>\n<p class=\" wall-content\">La production a d\u00e9j\u00e0 retenu quelques candidatures de personnes ayant des objets type brocante. \u00ab\u2009On souhaite avoir <strong>diff\u00e9rents profils<\/strong> avec un<strong> univers plus color\u00e9, vintage,<\/strong> avec des objets de <strong>pop art<\/strong> ou de la <strong>pop culture\u2009\u00bb,<\/strong> souligne la direction du casting.<\/p>\n<p class=\" wall-content\">R\u00e9trogaming, sneakers, Barbie, Pok\u00e9mon, Disney, jouets vintage et autre sont donc les bienvenus.<\/p>\n<p class=\" wall-content\">Les candidats doivent <strong>r\u00e9sider en Bretagne<\/strong> et se rendre <strong>disponible durant deux journ\u00e9es,<\/strong> en d\u00e9cembre et\/ou janvier. La premi\u00e8re pour le tournage \u00e0 domicile, puis quelques semaines plus tard pour le tournage dans la salle des ventes.<\/p>\n<p class=\" wall-content\">\u00c7a vous int\u00e9resse\u2009? Vous avez jusqu\u2019au 31\u00a0octobre pour <strong>candidater par mail<\/strong> \u00e0 <a href=\"https:\/\/actu.fr\/cdn-cgi\/l\/email-protection\" class=\"__cf_email__\" data-cfemail=\"3e5d5f4d4a575059515c545b4a4d7e594c514b4e5b4d4a514c474e524b4d10584c\" target=\"_blank\" rel=\"noopener\">[email\u00a0protected]<\/a> ou <strong>par t\u00e9l\u00e9phone<\/strong> au 06\u200930\u200984\u200960\u200958.<\/p>\n<p class=\" wall-content\">Personnalisez votre actualit\u00e9 en ajoutant vos villes et m\u00e9dias en favori avec <a href=\"https:\/\/moncompte.actu.fr\" title=\"D\u00e9couvez Mon Actu\" rel=\"nofollow noopener\" data-trk=\"{&quot;cta&quot;:{&quot;action&quot;:&quot;https:\\\/\\\/moncompte.actu.fr&quot;,&quot;category&quot;:&quot;mon compte&quot;,&quot;from&quot;:&quot;article footer&quot;,&quot;name&quot;:&quot;Mon actu&quot;,&quot;type&quot;:&quot;cta&quot;}}\" target=\"_blank\">Mon Actu<\/a>.<\/p>\n","protected":false},"excerpt":{"rendered":"Par Cl\u00e9mence Pays Publi\u00e9 le 22 oct. 2025 \u00e0 8h27 \u00ab\u2009Vous avez des tr\u00e9sors cach\u00e9s chez vous\u2009? Et&hellip;\n","protected":false},"author":2,"featured_media":481405,"comment_status":"","ping_status":"","sticky":false,"template":"","format":"standard","meta":{"footnotes":""},"categories":[2821],"tags":[1111,11,829,11668,1777,674,1011,27,1652,12,584,25,252],"class_list":{"0":"post-481404","1":"post","2":"type-post","3":"status-publish","4":"format-standard","5":"has-post-thumbnail","7":"category-rennes","8":"tag-actu","9":"tag-actualites","10":"tag-bretagne","11":"tag-casting","12":"tag-eu","13":"tag-europe","14":"tag-fr","15":"tag-france","16":"tag-loisirs-culture","17":"tag-news","18":"tag-rennes","19":"tag-republique-francaise","20":"tag-television"},"share_on_mastodon":{"url":"https:\/\/pubeurope.com\/@fr\/115416571851412746","error":""},"_links":{"self":[{"href":"https:\/\/www.europesays.com\/fr\/wp-json\/wp\/v2\/posts\/481404","targetHints":{"allow":["GET"]}}],"collection":[{"href":"https:\/\/www.europesays.com\/fr\/wp-json\/wp\/v2\/posts"}],"about":[{"href":"https:\/\/www.europesays.com\/fr\/wp-json\/wp\/v2\/types\/post"}],"author":[{"embeddable":true,"href":"https:\/\/www.europesays.com\/fr\/wp-json\/wp\/v2\/users\/2"}],"replies":[{"embeddable":true,"href":"https:\/\/www.europesays.com\/fr\/wp-json\/wp\/v2\/comments?post=481404"}],"version-history":[{"count":0,"href":"https:\/\/www.europesays.com\/fr\/wp-json\/wp\/v2\/posts\/481404\/revisions"}],"wp:featuredmedia":[{"embeddable":true,"href":"https:\/\/www.europesays.com\/fr\/wp-json\/wp\/v2\/media\/481405"}],"wp:attachment":[{"href":"https:\/\/www.europesays.com\/fr\/wp-json\/wp\/v2\/media?parent=481404"}],"wp:term":[{"taxonomy":"category","embeddable":true,"href":"https:\/\/www.europesays.com\/fr\/wp-json\/wp\/v2\/categories?post=481404"},{"taxonomy":"post_tag","embeddable":true,"href":"https:\/\/www.europesays.com\/fr\/wp-json\/wp\/v2\/tags?post=481404"}],"curies":[{"name":"wp","href":"https:\/\/api.w.org\/{rel}","templated":true}]}}