{"id":481406,"date":"2025-10-22T07:11:17","date_gmt":"2025-10-22T07:11:17","guid":{"rendered":"https:\/\/www.europesays.com\/fr\/481406\/"},"modified":"2025-10-22T07:11:17","modified_gmt":"2025-10-22T07:11:17","slug":"la-wantzenau-le-saviez-vous-la-foret-est-tropicale-alsace-nature-nous-explique-pourquoi","status":"publish","type":"post","link":"https:\/\/www.europesays.com\/fr\/481406\/","title":{"rendered":"La Wantzenau. Le saviez-vous ? La for\u00eat est \u00ab\u00a0tropicale\u00a0\u00bb, Alsace Nature nous explique pourquoi"},"content":{"rendered":"<p>On la qualifie m\u00eame de \u201ctropicale\u201d. Les pieds dans l\u2019eau par endroits, la for\u00eat de La Wantzenau est \u00ab\u00a0assez repr\u00e9sentative d\u2019une for\u00eat alluviale\u00a0\u00bb, et puisque nous sommes non loin du Rhin, d\u2019 <a href=\"https:\/\/www.dna.fr\/videos\/a-la-frontiere-allemande-une-balade-en-pleine-foret-alluviale-avec-alsace-nature-30s5pmq\" target=\"_blank\" rel=\"noopener\">une for\u00eat alluviale rh\u00e9nane<\/a>. Pour la montrer aux citadins, Alsace Nature y organisait en septembre une de ses sorties mensuelles d\u00e9di\u00e9es \u00e0 la d\u00e9couverte du territoire de l\u2019Eurom\u00e9tropole.<\/p>\n<p>Cette \u00e9tendue de quelque 700 hectares \u00ab\u00a0pleine de petits bras morts\u00a0\u00bb du grand fleuve est \u00ab\u00a0un peu plus sauvage qu\u2019une autre\u00a0\u00bb, poursuit pour la pr\u00e9senter R\u00e9gine Gross, animatrice nature de l\u2019association environnementaliste. \u00ab\u00a0Plus ombrag\u00e9e, elle est plus <a href=\"https:\/\/www.dna.fr\/environnement\/2019\/05\/07\/comment-ne-pas-faucher-la-faune-et-la-flore\" target=\"_blank\" rel=\"noopener\">riche en biodiversit\u00e9<\/a>. En tout cas, elle est plus humide que celle de Neuhof-Illkirch\u00a0\u00bb, compare-t-elle.<\/p>\n<p>\u00ab\u00a0\u00c7a veut litt\u00e9ralement dire que la rivi\u00e8re inonde la for\u00eat\u00a0\u00bb<\/p>\n<p>\u00ab\u00a0L\u2019eau vient aussi de la nappe phr\u00e9atique, via deux ph\u00e9nom\u00e8nes\u00a0: affleurement ou r\u00e9surgence. Qu\u2019ils cr\u00e9ent ou rejoignent un cours d\u2019eau existant\u00a0\u00bb, compl\u00e8te Martin Marchand, garde des r\u00e9serves&#8230;<\/p>\n","protected":false},"excerpt":{"rendered":"On la qualifie m\u00eame de \u201ctropicale\u201d. Les pieds dans l\u2019eau par endroits, la for\u00eat de La Wantzenau est&hellip;\n","protected":false},"author":2,"featured_media":481407,"comment_status":"","ping_status":"","sticky":false,"template":"","format":"standard","meta":{"footnotes":""},"categories":[2820],"tags":[1111,11,1867,7782,1687,2880,436,1777,674,107,1011,27,775,9440,12,25,104,640,3265,1631],"class_list":{"0":"post-481406","1":"post","2":"type-post","3":"status-publish","4":"format-standard","5":"has-post-thumbnail","7":"category-strasbourg","8":"tag-actu","9":"tag-actualites","10":"tag-animaux","11":"tag-balades-et-randonnees","12":"tag-culture-loisirs","13":"tag-edition-strasbourg","14":"tag-environnement","15":"tag-eu","16":"tag-europe","17":"tag-fil-info","18":"tag-fr","19":"tag-france","20":"tag-grand-est","21":"tag-la-wantzenau","22":"tag-news","23":"tag-republique-francaise","24":"tag-societe","25":"tag-strasbourg","26":"tag-strasbourg-nord","27":"tag-vie-associative"},"share_on_mastodon":{"url":"https:\/\/pubeurope.com\/@fr\/115416575754337444","error":""},"_links":{"self":[{"href":"https:\/\/www.europesays.com\/fr\/wp-json\/wp\/v2\/posts\/481406","targetHints":{"allow":["GET"]}}],"collection":[{"href":"https:\/\/www.europesays.com\/fr\/wp-json\/wp\/v2\/posts"}],"about":[{"href":"https:\/\/www.europesays.com\/fr\/wp-json\/wp\/v2\/types\/post"}],"author":[{"embeddable":true,"href":"https:\/\/www.europesays.com\/fr\/wp-json\/wp\/v2\/users\/2"}],"replies":[{"embeddable":true,"href":"https:\/\/www.europesays.com\/fr\/wp-json\/wp\/v2\/comments?post=481406"}],"version-history":[{"count":0,"href":"https:\/\/www.europesays.com\/fr\/wp-json\/wp\/v2\/posts\/481406\/revisions"}],"wp:featuredmedia":[{"embeddable":true,"href":"https:\/\/www.europesays.com\/fr\/wp-json\/wp\/v2\/media\/481407"}],"wp:attachment":[{"href":"https:\/\/www.europesays.com\/fr\/wp-json\/wp\/v2\/media?parent=481406"}],"wp:term":[{"taxonomy":"category","embeddable":true,"href":"https:\/\/www.europesays.com\/fr\/wp-json\/wp\/v2\/categories?post=481406"},{"taxonomy":"post_tag","embeddable":true,"href":"https:\/\/www.europesays.com\/fr\/wp-json\/wp\/v2\/tags?post=481406"}],"curies":[{"name":"wp","href":"https:\/\/api.w.org\/{rel}","templated":true}]}}