{"id":481412,"date":"2025-10-22T07:14:11","date_gmt":"2025-10-22T07:14:11","guid":{"rendered":"https:\/\/www.europesays.com\/fr\/481412\/"},"modified":"2025-10-22T07:14:11","modified_gmt":"2025-10-22T07:14:11","slug":"nice-deux-voitures-prennent-feu-dans-un-sous-sol-une-dizaine-de-personnes-intoxiquees","status":"publish","type":"post","link":"https:\/\/www.europesays.com\/fr\/481412\/","title":{"rendered":"Nice. Deux voitures prennent feu dans un sous-sol, une dizaine de personnes intoxiqu\u00e9es"},"content":{"rendered":"<p>            Par<br \/>\n        <strong><br \/>\n            <a href=\"https:\/\/actu.fr\/auteur\/ugo-maillard\" title=\"Consulter tous les articles de Ugo Maillard\" rel=\"nofollow noopener\" target=\"_blank\">Ugo Maillard<\/a><br \/>\n        <\/strong><\/p>\n<p>        Publi\u00e9 le<\/p>\n<p>            22 oct. 2025 \u00e0 9h09        <\/p>\n<p>Deux <strong>voitures<\/strong> situ\u00e9es dans le sous-sol d\u2019un immeuble d\u2019habitation<strong> ont pris feu<\/strong> dans l\u2019apr\u00e8s-midi du mardi 21\u00a0octobre 2025. Les faits se sont produits au niveau de la rue L\u00e9on-Jouhaux, \u00e0 <a href=\"https:\/\/actu.fr\/nice\/\" rel=\"nofollow noopener\" target=\"_blank\">Nice<\/a>, dans le secteur du Paillon.<\/p>\n<p>    <a href=\"https:\/\/www.google.com\/maps\/embed?pb=!1m18!1m12!1m3!1d17277.31614710294!2d7.3113671564501!3d43.73535038944679!2m3!1f0!2f0!3f0!3m2!1i1024!2i768!4f13.1!3m3!1m2!1s0x12cdc51b449ef043%3A0xc808327665b97d5f!2sRue%20L%C3%A9on%20Jouhaux%2C%2006300%20Nice!5e0!3m2!1sfr!2sfr!4v1761116308055!5m2!1sfr!2sfr\" title=\"Ouvrie le lien\" rel=\"nofollow noopener\" target=\"_blank\">Cliquez ici pour visualiser le contenu<\/a><\/p>\n<p class=\" wall-content\">Les sapeurs-pompiers des<a href=\"https:\/\/actu.fr\/provence-alpes-cote-d-azur\/alpes-maritimes_06\" rel=\"nofollow noopener\" target=\"_blank\"> Alpes-Maritimes<\/a> sont intervenus et ont rapidement ma\u00eetris\u00e9 l\u2019incendie, indiquent les services de la pr\u00e9fecture.<\/p>\n<p class=\" wall-content\">L\u2019incendie des deux v\u00e9hicules a engendr\u00e9 la propagation de fum\u00e9e au sein des parties communes de l\u2019immeuble.<\/p>\n<p>Une dizaine de personnes intoxiqu\u00e9es<\/p>\n<p class=\" wall-content\">En raison de la propagation de la fum\u00e9e, <strong>neuf personnes<\/strong> ont \u00e9t\u00e9 l\u00e9g\u00e8rement intoxiqu\u00e9es. Selon le bilan des secours, trois enfants, deux femmes, un homme et trois policiers nationaux ont \u00e9t\u00e9 pris en charge par les pompiers.<\/p>\n<p class=\" wall-content\">Les victimes ont toutes \u00e9t\u00e9 transport\u00e9es vers des centres hospitaliers.<\/p>\n<p class=\" wall-content\">Personnalisez votre actualit\u00e9 en ajoutant vos villes et m\u00e9dias en favori avec <a href=\"https:\/\/moncompte.actu.fr\" title=\"D\u00e9couvez Mon Actu\" rel=\"nofollow noopener\" data-trk=\"{&quot;cta&quot;:{&quot;action&quot;:&quot;https:\\\/\\\/moncompte.actu.fr&quot;,&quot;category&quot;:&quot;mon compte&quot;,&quot;from&quot;:&quot;article footer&quot;,&quot;name&quot;:&quot;Mon actu&quot;,&quot;type&quot;:&quot;cta&quot;}}\" target=\"_blank\">Mon Actu<\/a>.<\/p>\n","protected":false},"excerpt":{"rendered":"Par Ugo Maillard Publi\u00e9 le 22 oct. 2025 \u00e0 9h09 Deux voitures situ\u00e9es dans le sous-sol d\u2019un immeuble&hellip;\n","protected":false},"author":2,"featured_media":481413,"comment_status":"","ping_status":"","sticky":false,"template":"","format":"standard","meta":{"footnotes":""},"categories":[2819],"tags":[1111,11,1777,674,118,1011,27,1310,12,2401,1311,882,25],"class_list":{"0":"post-481412","1":"post","2":"type-post","3":"status-publish","4":"format-standard","5":"has-post-thumbnail","7":"category-nice","8":"tag-actu","9":"tag-actualites","10":"tag-eu","11":"tag-europe","12":"tag-faits-divers","13":"tag-fr","14":"tag-france","15":"tag-incendie","16":"tag-news","17":"tag-nice","18":"tag-pompiers","19":"tag-provence-alpes-cote-dazur","20":"tag-republique-francaise"},"share_on_mastodon":{"url":"https:\/\/pubeurope.com\/@fr\/115416587633993532","error":""},"_links":{"self":[{"href":"https:\/\/www.europesays.com\/fr\/wp-json\/wp\/v2\/posts\/481412","targetHints":{"allow":["GET"]}}],"collection":[{"href":"https:\/\/www.europesays.com\/fr\/wp-json\/wp\/v2\/posts"}],"about":[{"href":"https:\/\/www.europesays.com\/fr\/wp-json\/wp\/v2\/types\/post"}],"author":[{"embeddable":true,"href":"https:\/\/www.europesays.com\/fr\/wp-json\/wp\/v2\/users\/2"}],"replies":[{"embeddable":true,"href":"https:\/\/www.europesays.com\/fr\/wp-json\/wp\/v2\/comments?post=481412"}],"version-history":[{"count":0,"href":"https:\/\/www.europesays.com\/fr\/wp-json\/wp\/v2\/posts\/481412\/revisions"}],"wp:featuredmedia":[{"embeddable":true,"href":"https:\/\/www.europesays.com\/fr\/wp-json\/wp\/v2\/media\/481413"}],"wp:attachment":[{"href":"https:\/\/www.europesays.com\/fr\/wp-json\/wp\/v2\/media?parent=481412"}],"wp:term":[{"taxonomy":"category","embeddable":true,"href":"https:\/\/www.europesays.com\/fr\/wp-json\/wp\/v2\/categories?post=481412"},{"taxonomy":"post_tag","embeddable":true,"href":"https:\/\/www.europesays.com\/fr\/wp-json\/wp\/v2\/tags?post=481412"}],"curies":[{"name":"wp","href":"https:\/\/api.w.org\/{rel}","templated":true}]}}