{"id":481414,"date":"2025-10-22T07:15:13","date_gmt":"2025-10-22T07:15:13","guid":{"rendered":"https:\/\/www.europesays.com\/fr\/481414\/"},"modified":"2025-10-22T07:15:13","modified_gmt":"2025-10-22T07:15:13","slug":"evitez-les-rages-de-dents-lapres-midi-les-urgences-dentaires-sont-fermees","status":"publish","type":"post","link":"https:\/\/www.europesays.com\/fr\/481414\/","title":{"rendered":"Evitez les rages de dents l\u2019apr\u00e8s-midi, les urgences dentaires sont ferm\u00e9es"},"content":{"rendered":"<p>Pensez-y \u00e0 deux fois avant de manger un caramel. La direction du CHU de <a href=\"https:\/\/www.20minutes.fr\/nantes\/\" target=\"_blank\" class=\"c-link c-link--is-underlined\" rel=\"noopener\">Nantes<\/a> a d\u00e9cid\u00e9 de fermer les consultations sans rendez-vous du centre de <a href=\"https:\/\/www.20minutes.fr\/dossier\/dentiste\" target=\"_blank\" class=\"c-link c-link--is-underlined\" rel=\"noopener\">soins dentaires<\/a> tous les apr\u00e8s-midi, et ce jusqu\u2019au 31\u00a0octobre. Une d\u00e9cision jug\u00e9e \u00ab\u00a0scandaleuse\u00a0\u00bb par les membres de la CGT de l\u2019\u00e9tablissement. Au c\u0153ur de cette d\u00e9cision\u00a0? La suppression de deux postes d\u2019admissionnistes qui avait valu, en d\u00e9but de mois, un pr\u00e9avis de gr\u00e8ve de l\u2019ensemble des assistants m\u00e9dico-administratives (AMA) du secr\u00e9tariat du centre d\u2019odontologie.<\/p>\n<\/p>\n<p>Cette suppression de postes, qui vise \u00e0 faire passer les admissions via des bornes, s\u2019inscrit dans le cadre de l\u2019ouverture en\u00a02027 du <a href=\"https:\/\/www.20minutes.fr\/nantes\/4110929-20240919-nantes-va-devenir-site-actuel-chu-reconversion-entre-premiere-phase\" target=\"_blank\" class=\"c-link c-link--is-underlined\" rel=\"noopener\">nouveau CHU<\/a>, d\u00e9localis\u00e9 \u00e0 quelques centaines de m\u00e8tres sur l\u2019\u00eele de Nantes. Mais pour le personnel, la borne d\u2019accueil install\u00e9e au centre de soins ne suffit pas \u00e0 remplacer les petites mains. \u00ab\u00a0Ils sont all\u00e9s plus vite que la musique, d\u00e9plore Olivier Sabin, repr\u00e9sentant syndical de l\u2019\u00e9tablissement. Les AMA se retrouvent d\u00e9bord\u00e9s par l\u2019accueil des patients, ils ne peuvent plus r\u00e9pondre au t\u00e9l\u00e9phone et comptabilisent plus de 1.700 mails non trait\u00e9s.\u00a0\u00bb<\/p>\n<p>\u00ab\u00a0Graves r\u00e9percussions sur la sant\u00e9\u00a0\u00bb<\/p>\n<p>En cons\u00e9quence, l\u2019activit\u00e9 du service, d\u00e9j\u00e0 affect\u00e9e par <a href=\"https:\/\/www.20minutes.fr\/societe\/4176683-20251002-angers-face-penurie-hopital-ouvre-centre-soins-mene-etudiants-dentistes\" target=\"_blank\" class=\"c-link c-link--is-underlined\" rel=\"noopener\">le manque de dentistes<\/a> sur l\u2019ensemble du d\u00e9partement, baisse en qualit\u00e9. \u00ab\u00a0A l\u2019heure actuelle, nos \u00e9quipes sont dans l\u2019incapacit\u00e9 d\u2019accueillir plus de 40 patients le matin\u00a0\u00bb, alerte le repr\u00e9sentant, qui \u00e9voque l\u2019agressivit\u00e9 de certains. Et pour cause\u00a0: les usagers font parfois plus d\u2019une heure de route avant d\u2019arriver sur place et se retrouvent dans l\u2019obligation de rentrer chez eux sans consultation ou de se r\u00e9organiser pour esp\u00e9rer obtenir un rendez-vous. Une situation \u00ab\u00a0purement scandaleuse\u00a0\u00bb qui \u00ab\u00a0prive une partie de la population d\u2019acc\u00e8s aux soins d\u2019urgence, estime Olivier Sabin. Rester avec un <a href=\"https:\/\/www.20minutes.fr\/societe\/4082618-20240325-inflation-prix-grimpent-dents-trinquent\" target=\"_blank\" class=\"c-link c-link--is-underlined\" rel=\"noopener\">abc\u00e8s dentaire<\/a> plusieurs jours peut avoir de graves r\u00e9percussions sur la sant\u00e9\u00a0\u00bb.<\/p>\n<p>La d\u00e9cision de la direction a pourtant pour objectif de r\u00e9soudre la probl\u00e9matique d\u2019organisation actuelle. \u00ab\u00a0C\u2019est le serpent qui se mord la queue\u00a0\u00bb, d\u00e9plore le membre de la CGT. De son c\u00f4t\u00e9, la direction du CHU de Nantes confirme \u00ab\u00a0la fermeture exceptionnelle des consultations sans rendez-vous du centre de soins dentaires, de 13h45 \u00e0 16h30\u00a0\u00bb, \u00e0 l\u2019exception des traumatismes sur dents d\u00e9finitives \u00ab\u00a0et ce jusqu\u2019\u00e0 la fin des <a href=\"https:\/\/www.20minutes.fr\/societe\/4177006-20251003-changer-nom-vacances-scolaires-toussaint-noel-non-repond-elisabeth-borne\" target=\"_blank\" class=\"c-link c-link--is-underlined\" rel=\"noopener\">vacances scolaires<\/a>\u00a0\u00bb. D\u2019ici l\u00e0, on serre les dents.<\/p>\n","protected":false},"excerpt":{"rendered":"Pensez-y \u00e0 deux fois avant de manger un caramel. La direction du CHU de Nantes a d\u00e9cid\u00e9 de&hellip;\n","protected":false},"author":2,"featured_media":481415,"comment_status":"","ping_status":"","sticky":false,"template":"","format":"standard","meta":{"footnotes":""},"categories":[2818],"tags":[1111,11,4309,60191,1777,674,1011,27,3047,766,12,2636,1306,25,71,5699,4984,6444],"class_list":{"0":"post-481414","1":"post","2":"type-post","3":"status-publish","4":"format-standard","5":"has-post-thumbnail","7":"category-nantes","8":"tag-actu","9":"tag-actualites","10":"tag-chu","11":"tag-dentiste","12":"tag-eu","13":"tag-europe","14":"tag-fr","15":"tag-france","16":"tag-loire-atlantique","17":"tag-nantes","18":"tag-news","19":"tag-pays-de-la-loire","20":"tag-regions","21":"tag-republique-francaise","22":"tag-sante","23":"tag-sante-publique","24":"tag-soins","25":"tag-urgences"},"share_on_mastodon":{"url":"https:\/\/pubeurope.com\/@fr\/115416591504115339","error":""},"_links":{"self":[{"href":"https:\/\/www.europesays.com\/fr\/wp-json\/wp\/v2\/posts\/481414","targetHints":{"allow":["GET"]}}],"collection":[{"href":"https:\/\/www.europesays.com\/fr\/wp-json\/wp\/v2\/posts"}],"about":[{"href":"https:\/\/www.europesays.com\/fr\/wp-json\/wp\/v2\/types\/post"}],"author":[{"embeddable":true,"href":"https:\/\/www.europesays.com\/fr\/wp-json\/wp\/v2\/users\/2"}],"replies":[{"embeddable":true,"href":"https:\/\/www.europesays.com\/fr\/wp-json\/wp\/v2\/comments?post=481414"}],"version-history":[{"count":0,"href":"https:\/\/www.europesays.com\/fr\/wp-json\/wp\/v2\/posts\/481414\/revisions"}],"wp:featuredmedia":[{"embeddable":true,"href":"https:\/\/www.europesays.com\/fr\/wp-json\/wp\/v2\/media\/481415"}],"wp:attachment":[{"href":"https:\/\/www.europesays.com\/fr\/wp-json\/wp\/v2\/media?parent=481414"}],"wp:term":[{"taxonomy":"category","embeddable":true,"href":"https:\/\/www.europesays.com\/fr\/wp-json\/wp\/v2\/categories?post=481414"},{"taxonomy":"post_tag","embeddable":true,"href":"https:\/\/www.europesays.com\/fr\/wp-json\/wp\/v2\/tags?post=481414"}],"curies":[{"name":"wp","href":"https:\/\/api.w.org\/{rel}","templated":true}]}}