{"id":481420,"date":"2025-10-22T07:18:12","date_gmt":"2025-10-22T07:18:12","guid":{"rendered":"https:\/\/www.europesays.com\/fr\/481420\/"},"modified":"2025-10-22T07:18:12","modified_gmt":"2025-10-22T07:18:12","slug":"pourquoi-les-girondins-de-bordeaux-viendront-jouer-au-moustoir-a-lorient-en-novembre","status":"publish","type":"post","link":"https:\/\/www.europesays.com\/fr\/481420\/","title":{"rendered":"Pourquoi les Girondins de Bordeaux viendront jouer au\u00a0Moustoir \u00e0 Lorient en novembre"},"content":{"rendered":"<p>Comme au bon vieux temps. Il faut remonter au 24 octobre 2021 pour voir les <a href=\"https:\/\/footamateur.letelegramme.fr\/clubs\/dinan-lehon-fc\/comment-bordeaux-a-t-il-ete-admis-en-national-2-6756554.php\" target=\"_blank\" rel=\"noopener\">Girondins de Bordeaux<\/a> au Moustoir \u00e0 Lorient. Depuis, le club a connu de nombreux d\u00e9boires et \u00e9volue <a href=\"https:\/\/www.letelegramme.fr\/sports\/football\/bordeaux-rennes-on-est-lequipe-que-les-gens-veulent-voir-perdre-le-renouveau-des-girondins-en-n2-6729455.php\" target=\"_blank\" rel=\"noopener\">d\u00e9sormais en National 2<\/a> (5e apr\u00e8s huit journ\u00e9es), le quatri\u00e8me \u00e9chelon national. C\u2019est dans ce cadre que les Bordelais, entra\u00een\u00e9 par Bruno Irles, vont venir au Moustoir, le samedi 22 novembre (17\u00a0h) pour affronter l\u2019\u00e9quipe r\u00e9serve du FC Lorient.<\/p>\n<p>Pour un bon accueil des supporters<\/p>\n<p>Les rencontres du FCL (B) se jouent normalement \u00e0 Kerlir, le centre d\u2019entra\u00eenement. Mais les Girondins \u00e9tant un club singulier en N2, avec une importante base de supporters, m\u00eame \u00e0 l\u2019ext\u00e9rieur, le match a \u00e9t\u00e9 d\u00e9localis\u00e9 dans l\u2019antre des Merlus pour accueillir les supporters dans des conditions optimales, de confort et de s\u00e9curit\u00e9.<\/p>\n","protected":false},"excerpt":{"rendered":"Comme au bon vieux temps. Il faut remonter au 24 octobre 2021 pour voir les Girondins de Bordeaux&hellip;\n","protected":false},"author":2,"featured_media":481421,"comment_status":"","ping_status":"","sticky":false,"template":"","format":"standard","meta":{"footnotes":""},"categories":[2817],"tags":[328,1111,11,1997,1777,674,60484,1011,27,50796,12,2219,25],"class_list":{"0":"post-481420","1":"post","2":"type-post","3":"status-publish","4":"format-standard","5":"has-post-thumbnail","7":"category-bordeaux","8":"tag-a-la-une","9":"tag-actu","10":"tag-actualites","11":"tag-bordeaux","12":"tag-eu","13":"tag-europe","14":"tag-fc-lorient-bretagne-sud","15":"tag-fr","16":"tag-france","17":"tag-national-2","18":"tag-news","19":"tag-nouvelle-aquitaine","20":"tag-republique-francaise"},"share_on_mastodon":{"url":"https:\/\/pubeurope.com\/@fr\/115416603334574686","error":""},"_links":{"self":[{"href":"https:\/\/www.europesays.com\/fr\/wp-json\/wp\/v2\/posts\/481420","targetHints":{"allow":["GET"]}}],"collection":[{"href":"https:\/\/www.europesays.com\/fr\/wp-json\/wp\/v2\/posts"}],"about":[{"href":"https:\/\/www.europesays.com\/fr\/wp-json\/wp\/v2\/types\/post"}],"author":[{"embeddable":true,"href":"https:\/\/www.europesays.com\/fr\/wp-json\/wp\/v2\/users\/2"}],"replies":[{"embeddable":true,"href":"https:\/\/www.europesays.com\/fr\/wp-json\/wp\/v2\/comments?post=481420"}],"version-history":[{"count":0,"href":"https:\/\/www.europesays.com\/fr\/wp-json\/wp\/v2\/posts\/481420\/revisions"}],"wp:featuredmedia":[{"embeddable":true,"href":"https:\/\/www.europesays.com\/fr\/wp-json\/wp\/v2\/media\/481421"}],"wp:attachment":[{"href":"https:\/\/www.europesays.com\/fr\/wp-json\/wp\/v2\/media?parent=481420"}],"wp:term":[{"taxonomy":"category","embeddable":true,"href":"https:\/\/www.europesays.com\/fr\/wp-json\/wp\/v2\/categories?post=481420"},{"taxonomy":"post_tag","embeddable":true,"href":"https:\/\/www.europesays.com\/fr\/wp-json\/wp\/v2\/tags?post=481420"}],"curies":[{"name":"wp","href":"https:\/\/api.w.org\/{rel}","templated":true}]}}