{"id":481428,"date":"2025-10-22T07:23:13","date_gmt":"2025-10-22T07:23:13","guid":{"rendered":"https:\/\/www.europesays.com\/fr\/481428\/"},"modified":"2025-10-22T07:23:13","modified_gmt":"2025-10-22T07:23:13","slug":"grimonprez-jooris-memoire-dun-temple-du-football-lillois-decouvrir-lille-que-faire-a-lille","status":"publish","type":"post","link":"https:\/\/www.europesays.com\/fr\/481428\/","title":{"rendered":"Grimonprez-Jooris, m\u00e9moire d&rsquo;un temple du football lillois \/ D\u00e9couvrir Lille \/ Que faire \u00e0 Lille ?"},"content":{"rendered":"<p>Avant de devenir une plaine ouverte \u00e0 tous, ce site abritait l\u2019un des lieux les plus mythiques du sport lillois : le stade Grimonprez-Jooris.<\/p>\n<p>            <img loading=\"lazy\" decoding=\"async\" src=\"\/var\/www\/storage\/images\/mediatheque\/mairie-de-lille\/n1\/que-faire-a-lille\/decouvrir-lille\/images\/stade-grimonprez-jooris\/3874242-1-fre-FR\/Stade-Grimonprez-Jooris_news_image_top.png\" width=\"779\" height=\"518\" alt=\"\"\/><br \/>\n    \tL&rsquo;ancien stade Grimonprez-Jooris, ici en vue a\u00e9rienne. Photo Ville de Lille<\/p>\n<p>De 1975 \u00e0 2011, le stade Grimonprez-Jooris a vibr\u00e9 au rythme du LOSC et port\u00e9 haut les noms de deux figures du sport lillois : F\u00e9lix Grimonprez et Henri Jooris. <strong>Inaugur\u00e9 en 1975 et d\u00e9construit en 2011<\/strong>, ce stade de 25 000 places a accueilli pr\u00e8s de <strong>400 rencontres officielles du LOSC<\/strong>, avant que le club ne rejoigne le Stadium Lille M\u00e9tropole, puis le Stade Pierre-Mauroy \u00e0 Villeneuve-d\u2019Ascq.<\/p>\n<p><strong>Ce lieu embl\u00e9matique portait le nom de deux grandes figures du sport nordiste.<\/strong><\/p>\n<p><strong>F\u00e9lix Grimonprez\u00a0<\/strong>(1910-1940), un grand hockeyeur, fut triple champion de France avec le Lille Hockey Club et participa aux Jeux Olympiques d\u2019Amsterdam (1928) et de Berlin (1936). Tomb\u00e9 au combat \u00e0 Calais en 1940, son nom fut donn\u00e9 \u00e0 un premier stade inaugur\u00e9 en 1955, d\u00e9truit vingt ans plus tard pour laisser place \u00e0 Grimonprez-Jooris.<\/p>\n<p>\u00c0 ses c\u00f4t\u00e9s,\u00a0<strong>Henri Jooris (<\/strong>1879-1940), industriel et pr\u00e9sident de l\u2019Olympique Lillois, joua un r\u00f4le majeur dans le d\u00e9veloppement du football dans le Nord et dans l\u2019unification du football fran\u00e7ais. Son nom, d\u2019abord associ\u00e9 \u00e0 un autre stade lillois, fut d\u00e9finitivement li\u00e9 \u00e0 celui de Grimonprez lors de la construction du nouvel \u00e9crin du LOSC en 1975.<\/p>\n<p>Aujourd\u2019hui, la plaine F\u00e9lix-Grimonprez &#8211; Henri-Jooris reste un lieu charg\u00e9 d\u2019histoire du sport lillois. Ce vaste espace enherb\u00e9, ouvert \u00e0 tous, est devenu un lieu de vie et de d\u00e9tente pour les joggeurs, les familles et les promeneurs.<\/p>\n","protected":false},"excerpt":{"rendered":"Avant de devenir une plaine ouverte \u00e0 tous, ce site abritait l\u2019un des lieux les plus mythiques du&hellip;\n","protected":false},"author":2,"featured_media":481429,"comment_status":"","ping_status":"","sticky":false,"template":"","format":"standard","meta":{"footnotes":""},"categories":[2815],"tags":[1111,11,4763,1777,674,1011,27,811,1307,5415,12,25],"class_list":{"0":"post-481428","1":"post","2":"type-post","3":"status-publish","4":"format-standard","5":"has-post-thumbnail","7":"category-lille","8":"tag-actu","9":"tag-actualites","10":"tag-agenda","11":"tag-eu","12":"tag-europe","13":"tag-fr","14":"tag-france","15":"tag-hauts-de-france","16":"tag-lille","17":"tag-mairie","18":"tag-news","19":"tag-republique-francaise"},"share_on_mastodon":{"url":"https:\/\/pubeurope.com\/@fr\/115416623792997330","error":""},"_links":{"self":[{"href":"https:\/\/www.europesays.com\/fr\/wp-json\/wp\/v2\/posts\/481428","targetHints":{"allow":["GET"]}}],"collection":[{"href":"https:\/\/www.europesays.com\/fr\/wp-json\/wp\/v2\/posts"}],"about":[{"href":"https:\/\/www.europesays.com\/fr\/wp-json\/wp\/v2\/types\/post"}],"author":[{"embeddable":true,"href":"https:\/\/www.europesays.com\/fr\/wp-json\/wp\/v2\/users\/2"}],"replies":[{"embeddable":true,"href":"https:\/\/www.europesays.com\/fr\/wp-json\/wp\/v2\/comments?post=481428"}],"version-history":[{"count":0,"href":"https:\/\/www.europesays.com\/fr\/wp-json\/wp\/v2\/posts\/481428\/revisions"}],"wp:featuredmedia":[{"embeddable":true,"href":"https:\/\/www.europesays.com\/fr\/wp-json\/wp\/v2\/media\/481429"}],"wp:attachment":[{"href":"https:\/\/www.europesays.com\/fr\/wp-json\/wp\/v2\/media?parent=481428"}],"wp:term":[{"taxonomy":"category","embeddable":true,"href":"https:\/\/www.europesays.com\/fr\/wp-json\/wp\/v2\/categories?post=481428"},{"taxonomy":"post_tag","embeddable":true,"href":"https:\/\/www.europesays.com\/fr\/wp-json\/wp\/v2\/tags?post=481428"}],"curies":[{"name":"wp","href":"https:\/\/api.w.org\/{rel}","templated":true}]}}