{"id":48143,"date":"2025-04-24T03:05:16","date_gmt":"2025-04-24T03:05:16","guid":{"rendered":"https:\/\/www.europesays.com\/fr\/48143\/"},"modified":"2025-04-24T03:05:16","modified_gmt":"2025-04-24T03:05:16","slug":"debat-pensez-vous-le-stade-brestois-capable-de-realiser-un-gros-coup-a-marseille","status":"publish","type":"post","link":"https:\/\/www.europesays.com\/fr\/48143\/","title":{"rendered":"D\u00c9BAT &#8211; Pensez-vous le Stade Brestois capable de r\u00e9aliser un gros coup \u00e0 Marseille\u00a0?"},"content":{"rendered":"<p>Si<a href=\"https:\/\/www.letelegramme.fr\/sports\/football\/stade-brestois\/la-decision-de-larbitre-a-tue-le-match-reduit-a-dix-avant-la-pause-contre-lens-le-stade-brestois-sestime-floue-6802471.php\" target=\"_blank\" rel=\"nofollow noopener\"> la d\u00e9faite subie face \u00e0 Lens<\/a> a fortement <a href=\"https:\/\/www.letelegramme.fr\/sports\/football\/stade-brestois\/t-dans-le-match-la-fin-des-espoirs-europeens-pour-le-stade-brestois-6803055.php\" target=\"_blank\" rel=\"nofollow noopener\">r\u00e9duit les espoirs<\/a> d\u2019accrocher une qualification pour une coupe d\u2019Europe la saison prochaine au Stade Brestois, le d\u00e9placement \u00e0 Marseille, lui, pourrait \u00e0 nouveau assombrir cette perspective. \u00c0 quatre journ\u00e9es de la fin, les joueurs d\u2019Eric Roy, neuvi\u00e8mes de Ligue 1 avec 44 points, comptent sept points d\u2019\u00e9cart sur Lyon et Strasbourg, sixi\u00e8me et septi\u00e8me.<\/p>\n<p>Si, actuellement, seule la sixi\u00e8me place donne acc\u00e8s \u00e0 une coupe d\u2019Europe (Ligue Conf\u00e9rence), il est probable que la septi\u00e8me devienne \u00e9galement qualificative, en cas de victoire du PSG en Coupe de France (finale face \u00e0 Reims le 24 mai prochain).<\/p>\n<p>En tous les cas, Brest a besoin de points et la victoire \u00e0 Marseille, dimanche 26 avril 2025, pour la 31e journ\u00e9e de Ligue 1, para\u00eet imp\u00e9rative dans cette course \u00e0 l\u2019Europe. Cette saison, l\u2019OM s\u2019est inclin\u00e9 trois fois \u00e0 domicile, face au PSG, \u00e0 Lens et face \u00e0 Auxerre. Alors la question est simple : pensez-vous le Stade Brestois capable de r\u00e9aliser un gros coup \u00e0 Marseille, dimanche ?<\/p>\n","protected":false},"excerpt":{"rendered":"Si la d\u00e9faite subie face \u00e0 Lens a fortement r\u00e9duit les espoirs d\u2019accrocher une qualification pour une coupe&hellip;\n","protected":false},"author":2,"featured_media":48144,"comment_status":"","ping_status":"","sticky":false,"template":"","format":"standard","meta":{"footnotes":""},"categories":[2814],"tags":[1111,11,13945,3450,13946,1777,674,63,1011,27,66,884,12,882,25,60,4449],"class_list":{"0":"post-48143","1":"post","2":"type-post","3":"status-publish","4":"format-standard","5":"has-post-thumbnail","7":"category-marseille","8":"tag-actu","9":"tag-actualites","10":"tag-bloc-debat-nl-stade-brestois","11":"tag-brest","12":"tag-debats","13":"tag-eu","14":"tag-europe","15":"tag-football","16":"tag-fr","17":"tag-france","18":"tag-ligue-1","19":"tag-marseille","20":"tag-news","21":"tag-provence-alpes-cote-dazur","22":"tag-republique-francaise","23":"tag-sports","24":"tag-stade-brestois"},"share_on_mastodon":{"url":"https:\/\/pubeurope.com\/@fr\/114390730260160754","error":""},"_links":{"self":[{"href":"https:\/\/www.europesays.com\/fr\/wp-json\/wp\/v2\/posts\/48143","targetHints":{"allow":["GET"]}}],"collection":[{"href":"https:\/\/www.europesays.com\/fr\/wp-json\/wp\/v2\/posts"}],"about":[{"href":"https:\/\/www.europesays.com\/fr\/wp-json\/wp\/v2\/types\/post"}],"author":[{"embeddable":true,"href":"https:\/\/www.europesays.com\/fr\/wp-json\/wp\/v2\/users\/2"}],"replies":[{"embeddable":true,"href":"https:\/\/www.europesays.com\/fr\/wp-json\/wp\/v2\/comments?post=48143"}],"version-history":[{"count":0,"href":"https:\/\/www.europesays.com\/fr\/wp-json\/wp\/v2\/posts\/48143\/revisions"}],"wp:featuredmedia":[{"embeddable":true,"href":"https:\/\/www.europesays.com\/fr\/wp-json\/wp\/v2\/media\/48144"}],"wp:attachment":[{"href":"https:\/\/www.europesays.com\/fr\/wp-json\/wp\/v2\/media?parent=48143"}],"wp:term":[{"taxonomy":"category","embeddable":true,"href":"https:\/\/www.europesays.com\/fr\/wp-json\/wp\/v2\/categories?post=48143"},{"taxonomy":"post_tag","embeddable":true,"href":"https:\/\/www.europesays.com\/fr\/wp-json\/wp\/v2\/tags?post=48143"}],"curies":[{"name":"wp","href":"https:\/\/api.w.org\/{rel}","templated":true}]}}