{"id":481430,"date":"2025-10-22T07:24:12","date_gmt":"2025-10-22T07:24:12","guid":{"rendered":"https:\/\/www.europesays.com\/fr\/481430\/"},"modified":"2025-10-22T07:24:12","modified_gmt":"2025-10-22T07:24:12","slug":"linstallation-de-300-cameras-de-videosurveillance-a-venir","status":"publish","type":"post","link":"https:\/\/www.europesays.com\/fr\/481430\/","title":{"rendered":"L\u2019installation de 300 cam\u00e9ras de vid\u00e9osurveillance \u00e0 venir"},"content":{"rendered":"\n<p>C\u2019est l\u2019enterrement d\u00e9finitif du moratoire sur la question de la vid\u00e9osurveillance dans la cit\u00e9 phoc\u00e9enne. La pr\u00e9fecture des Bouches-du-Rh\u00f4ne a pris un arr\u00eat\u00e9, en date du 15\u00a0octobre dernier, autorisant la mairie de Marseille \u00e0 augmenter le nombre de cam\u00e9ras de vid\u00e9osurveillance dans la ville. Et on ne parle pas d\u2019une hausse \u00e0 la marge, puisque ce n\u2019est pas moins de 300\u00a0dispositifs de vid\u00e9osurveillance suppl\u00e9mentaires qui sont pr\u00e9vus.<\/p>\n<p>\u00ab\u00a0Les modifications portent sur l\u2019ajout de 300\u00a0cam\u00e9ras voie publique, portant ainsi le nombre total \u00e0 2\u00a0201\u00a0cam\u00e9ras voie publique\u00a0\u00bb, d\u00e9taille l\u2019arr\u00eat\u00e9. Un arr\u00eat\u00e9 pris sur \u00ab\u00a0demande de modification de l\u2019autorisation d\u2019un syst\u00e8me de vid\u00e9oprotection (&#8230;) par Monsieur le maire\u00a0\u00bb, pr\u00e9cise la pr\u00e9fecture.<\/p>\n<p>Concr\u00e8tement, entre 2021 et 2025, le nombre de cam\u00e9ras aura augment\u00e9 de 22%, passant de 1\u00a0558 \u00e0 1\u00a0901, selon les chiffres de l\u2019audit de vid\u00e9osurveillance en date de 2021, obtenu par La\u00a0Marseillaise sur saisine de la Cada (Commission d\u2019acc\u00e8s aux documents administratifs). Et augmentera encore avec les 300 \u00e0 venir.<\/p>\n<p>Contact\u00e9e, la mairie de Marseille confirme bien que c\u2019est suite \u00e0 sa demande que l\u2019arr\u00eat\u00e9 a \u00e9t\u00e9 pris. \u00ab\u00a0Une demande dans le cadre de Marseille en Grand. Il s\u2019agit de la phase 3 de ce d\u00e9ploiement avec plus de 300\u00a0nouvelles cam\u00e9ras en 2025-2026\u00a0\u00bb, pr\u00e9cise la Ville. Un \u00ab\u00a0d\u00e9ploiement pour favoriser la tranquillit\u00e9 des Marseillaises et des Marseillais et renforcer les moyens d\u2019action de la police municipale, nationale et de la Justice \u00e0 Marseille\u00a0\u00bb, selon la municipalit\u00e9. Elle rappelle que \u00ab\u00a0le Maire a pris la d\u00e9cision de donner un acc\u00e8s total \u00e0 la Police nationale aux images de la vid\u00e9oprotection d\u00e9ploy\u00e9e par la Ville et exploit\u00e9es par la Police municipale\u00a0\u00bb.<\/p>\n","protected":false},"excerpt":{"rendered":"C\u2019est l\u2019enterrement d\u00e9finitif du moratoire sur la question de la vid\u00e9osurveillance dans la cit\u00e9 phoc\u00e9enne. La pr\u00e9fecture des&hellip;\n","protected":false},"author":2,"featured_media":481431,"comment_status":"","ping_status":"","sticky":false,"template":"","format":"standard","meta":{"footnotes":""},"categories":[2814],"tags":[1111,11,1777,674,1011,27,884,12,8916,882,25],"class_list":{"0":"post-481430","1":"post","2":"type-post","3":"status-publish","4":"format-standard","5":"has-post-thumbnail","7":"category-marseille","8":"tag-actu","9":"tag-actualites","10":"tag-eu","11":"tag-europe","12":"tag-fr","13":"tag-france","14":"tag-marseille","15":"tag-news","16":"tag-prefecture","17":"tag-provence-alpes-cote-dazur","18":"tag-republique-francaise"},"share_on_mastodon":{"url":"https:\/\/pubeurope.com\/@fr\/115416626875859760","error":""},"_links":{"self":[{"href":"https:\/\/www.europesays.com\/fr\/wp-json\/wp\/v2\/posts\/481430","targetHints":{"allow":["GET"]}}],"collection":[{"href":"https:\/\/www.europesays.com\/fr\/wp-json\/wp\/v2\/posts"}],"about":[{"href":"https:\/\/www.europesays.com\/fr\/wp-json\/wp\/v2\/types\/post"}],"author":[{"embeddable":true,"href":"https:\/\/www.europesays.com\/fr\/wp-json\/wp\/v2\/users\/2"}],"replies":[{"embeddable":true,"href":"https:\/\/www.europesays.com\/fr\/wp-json\/wp\/v2\/comments?post=481430"}],"version-history":[{"count":0,"href":"https:\/\/www.europesays.com\/fr\/wp-json\/wp\/v2\/posts\/481430\/revisions"}],"wp:featuredmedia":[{"embeddable":true,"href":"https:\/\/www.europesays.com\/fr\/wp-json\/wp\/v2\/media\/481431"}],"wp:attachment":[{"href":"https:\/\/www.europesays.com\/fr\/wp-json\/wp\/v2\/media?parent=481430"}],"wp:term":[{"taxonomy":"category","embeddable":true,"href":"https:\/\/www.europesays.com\/fr\/wp-json\/wp\/v2\/categories?post=481430"},{"taxonomy":"post_tag","embeddable":true,"href":"https:\/\/www.europesays.com\/fr\/wp-json\/wp\/v2\/tags?post=481430"}],"curies":[{"name":"wp","href":"https:\/\/api.w.org\/{rel}","templated":true}]}}