{"id":481432,"date":"2025-10-22T07:25:13","date_gmt":"2025-10-22T07:25:13","guid":{"rendered":"https:\/\/www.europesays.com\/fr\/481432\/"},"modified":"2025-10-22T07:25:13","modified_gmt":"2025-10-22T07:25:13","slug":"la-patinoire-gratuite-pour-les-moins-de-12-ans-pendant-les-vacances-de-la-toussaint","status":"publish","type":"post","link":"https:\/\/www.europesays.com\/fr\/481432\/","title":{"rendered":"la patinoire gratuite pour les moins de 12 ans pendant les vacances de la Toussaint"},"content":{"rendered":"<p>Une op\u00e9ration renouvel\u00e9e par la ville de Marseille.<\/p>\n<p style=\"text-align: justify;\">\u00c0 Marseille, pendant les vacances de la Toussaint et pour la 4\u1d49 ann\u00e9e cons\u00e9cutive, la municipalit\u00e9 met en place un dispositif exceptionnel de gratuit\u00e9 aux piscines, aux mus\u00e9es et au Palais Omnisports Grand-Est. Les enfants de moins de 12 ans et un accompagnateur par enfant peuvent en b\u00e9n\u00e9ficier et ne s&rsquo;en privent pas, comme \u00e0 la patinoire sur laquelle petits et grands peuvent chausser les patins et glisser ensemble sur la glace.<\/p>\n<p style=\"text-align: justify;\">Le reportage tourn\u00e9 sur la glace du Palais Omnisports Grand-Est ce mardi, dans cette vid\u00e9o.<\/p>\n<p style=\"text-align: justify;\">\u00a0<\/p>\n<p style=\"text-align: justify;\">\n<p style=\"text-align: justify;\">(Interviews, images et montage : R\u00e9my Reponty pour Maritima M\u00e9dias.)<\/p>\n<p style=\"text-align: justify;\">\u00a0<\/p>\n<p style=\"text-align: justify;\">Avec la gratuit\u00e9, pour une famille avec un papa, une maman et deux enfants de moins de 12 ans, l&rsquo;\u00e9conomie sera de 32 euros. De quoi glisser en toute s\u00e9r\u00e9nit\u00e9.<\/p>\n","protected":false},"excerpt":{"rendered":"Une op\u00e9ration renouvel\u00e9e par la ville de Marseille. \u00c0 Marseille, pendant les vacances de la Toussaint et pour&hellip;\n","protected":false},"author":2,"featured_media":481433,"comment_status":"","ping_status":"","sticky":false,"template":"","format":"standard","meta":{"footnotes":""},"categories":[2814],"tags":[1111,11,1777,674,1011,27,326,60490,884,12,45643,882,25,3176],"class_list":{"0":"post-481432","1":"post","2":"type-post","3":"status-publish","4":"format-standard","5":"has-post-thumbnail","7":"category-marseille","8":"tag-actu","9":"tag-actualites","10":"tag-eu","11":"tag-europe","12":"tag-fr","13":"tag-france","14":"tag-gratuit","15":"tag-la-toussaint","16":"tag-marseille","17":"tag-news","18":"tag-patinoire","19":"tag-provence-alpes-cote-dazur","20":"tag-republique-francaise","21":"tag-vacances-scolaires"},"share_on_mastodon":{"url":"https:\/\/pubeurope.com\/@fr\/115416630833959195","error":""},"_links":{"self":[{"href":"https:\/\/www.europesays.com\/fr\/wp-json\/wp\/v2\/posts\/481432","targetHints":{"allow":["GET"]}}],"collection":[{"href":"https:\/\/www.europesays.com\/fr\/wp-json\/wp\/v2\/posts"}],"about":[{"href":"https:\/\/www.europesays.com\/fr\/wp-json\/wp\/v2\/types\/post"}],"author":[{"embeddable":true,"href":"https:\/\/www.europesays.com\/fr\/wp-json\/wp\/v2\/users\/2"}],"replies":[{"embeddable":true,"href":"https:\/\/www.europesays.com\/fr\/wp-json\/wp\/v2\/comments?post=481432"}],"version-history":[{"count":0,"href":"https:\/\/www.europesays.com\/fr\/wp-json\/wp\/v2\/posts\/481432\/revisions"}],"wp:featuredmedia":[{"embeddable":true,"href":"https:\/\/www.europesays.com\/fr\/wp-json\/wp\/v2\/media\/481433"}],"wp:attachment":[{"href":"https:\/\/www.europesays.com\/fr\/wp-json\/wp\/v2\/media?parent=481432"}],"wp:term":[{"taxonomy":"category","embeddable":true,"href":"https:\/\/www.europesays.com\/fr\/wp-json\/wp\/v2\/categories?post=481432"},{"taxonomy":"post_tag","embeddable":true,"href":"https:\/\/www.europesays.com\/fr\/wp-json\/wp\/v2\/tags?post=481432"}],"curies":[{"name":"wp","href":"https:\/\/api.w.org\/{rel}","templated":true}]}}