{"id":481435,"date":"2025-10-22T07:27:11","date_gmt":"2025-10-22T07:27:11","guid":{"rendered":"https:\/\/www.europesays.com\/fr\/481435\/"},"modified":"2025-10-22T07:27:11","modified_gmt":"2025-10-22T07:27:11","slug":"si-je-voyais-ma-soeur-faire-ca-je-la-tuerais-a-lyon-le-mystere-du-nourrisson-intoxique-a-la-methadone","status":"publish","type":"post","link":"https:\/\/www.europesays.com\/fr\/481435\/","title":{"rendered":"\u00ab Si je voyais ma s\u0153ur faire \u00e7a, je la tuerais \u00bb : \u00e0 Lyon, le myst\u00e8re du nourrisson intoxiqu\u00e9 \u00e0 la m\u00e9thadone"},"content":{"rendered":"<p class=\"paragraph text_align_left lp-f-body-02\">Les juges de la 12e chambre correctionnelle de Lyon <a href=\"https:\/\/www.leparisien.fr\/rhone-69\/\" target=\"_blank\" rel=\"noreferrer nofollow noopener\">(Rh\u00f4ne)<\/a> vont examiner ce mercredi une affaire conservant une importante part d\u2019ombre. L\u2019histoire d\u2019une toute petite fille de 16 mois victime, courant 2023, d\u2019une polyintoxication aux stup\u00e9fiants, dont principalement la m\u00e9thadone, r\u00e9sultant potentiellement d\u2019un acte volontaire. Les trois coupables \u00e9ventuels, la m\u00e8re de l\u2019enfant, son p\u00e8re et sa tante paternelle, tous mis en examen pour administration de substance nuisible \u00e0 un mineur de 15 ans, ont vu ces graves soup\u00e7ons \u00e9cart\u00e9s par un non-lieu partiel rendu en ao\u00fbt dernier.<\/p>\n<p class=\"paragraph text_align_left lp-f-body-02\">\u00ab Les circonstances dans lesquelles la victime a pu en ing\u00e9rer restent opaques en d\u00e9pit des investigations diligent\u00e9es (\u2026) Aucune des explications apport\u00e9es ne permet de mettre formellement en cause l\u2019un des mis en examen et d\u2019accr\u00e9diter l\u2019hypoth\u00e8se d\u2019une volontaire intoxication \u00e0 la m\u00e9thadone \u00bb, constate dans son ordonnance le juge d\u2019instruction. Si ces mots avaient une odeur, il exhalerait un fragile m\u00e9lange de frustration et de r\u00e9signation.<\/p>\n","protected":false},"excerpt":{"rendered":"Les juges de la 12e chambre correctionnelle de Lyon (Rh\u00f4ne) vont examiner ce mercredi une affaire conservant une&hellip;\n","protected":false},"author":2,"featured_media":481436,"comment_status":"","ping_status":"","sticky":false,"template":"","format":"standard","meta":{"footnotes":""},"categories":[1889],"tags":[1111,11,2430,459,1777,674,118,1011,27,2428,12,25],"class_list":{"0":"post-481435","1":"post","2":"type-post","3":"status-publish","4":"format-standard","5":"has-post-thumbnail","7":"category-lyon","8":"tag-actu","9":"tag-actualites","10":"tag-auvergne-rhone-alpes","11":"tag-departements-horsidfo","12":"tag-eu","13":"tag-europe","14":"tag-faits-divers","15":"tag-fr","16":"tag-france","17":"tag-lyon","18":"tag-news","19":"tag-republique-francaise"},"share_on_mastodon":{"url":"https:\/\/pubeurope.com\/@fr\/115416638669716302","error":""},"_links":{"self":[{"href":"https:\/\/www.europesays.com\/fr\/wp-json\/wp\/v2\/posts\/481435","targetHints":{"allow":["GET"]}}],"collection":[{"href":"https:\/\/www.europesays.com\/fr\/wp-json\/wp\/v2\/posts"}],"about":[{"href":"https:\/\/www.europesays.com\/fr\/wp-json\/wp\/v2\/types\/post"}],"author":[{"embeddable":true,"href":"https:\/\/www.europesays.com\/fr\/wp-json\/wp\/v2\/users\/2"}],"replies":[{"embeddable":true,"href":"https:\/\/www.europesays.com\/fr\/wp-json\/wp\/v2\/comments?post=481435"}],"version-history":[{"count":0,"href":"https:\/\/www.europesays.com\/fr\/wp-json\/wp\/v2\/posts\/481435\/revisions"}],"wp:featuredmedia":[{"embeddable":true,"href":"https:\/\/www.europesays.com\/fr\/wp-json\/wp\/v2\/media\/481436"}],"wp:attachment":[{"href":"https:\/\/www.europesays.com\/fr\/wp-json\/wp\/v2\/media?parent=481435"}],"wp:term":[{"taxonomy":"category","embeddable":true,"href":"https:\/\/www.europesays.com\/fr\/wp-json\/wp\/v2\/categories?post=481435"},{"taxonomy":"post_tag","embeddable":true,"href":"https:\/\/www.europesays.com\/fr\/wp-json\/wp\/v2\/tags?post=481435"}],"curies":[{"name":"wp","href":"https:\/\/api.w.org\/{rel}","templated":true}]}}