{"id":481437,"date":"2025-10-22T07:28:28","date_gmt":"2025-10-22T07:28:28","guid":{"rendered":"https:\/\/www.europesays.com\/fr\/481437\/"},"modified":"2025-10-22T07:28:28","modified_gmt":"2025-10-22T07:28:28","slug":"lile-de-france-roule-en-essence-et-prefere-lautomatique","status":"publish","type":"post","link":"https:\/\/www.europesays.com\/fr\/481437\/","title":{"rendered":"L\u2019\u00cele-de-France roule en essence et pr\u00e9f\u00e8re l\u2019automatique"},"content":{"rendered":"<p><img loading=\"lazy\" decoding=\"async\" alt=\"\u00a9 Shutterstock - Le march\u00e9 de la voiture d\u2019occasion bat des records en \u00cele-de-France.\" data-zoom-src=\"https:\/\/www.europesays.com\/fr\/wp-content\/uploads\/2025\/10\/initial-automobile.jpg\" data-zoomable=\"\" height=\"702\" src=\"https:\/\/www.europesays.com\/fr\/wp-content\/uploads\/2025\/10\/initial-automobile.jpg\" width=\"1248\"\/>  <\/p>\n<p class=\"article-desc\">\u00a9 Shutterstock &#8211; Le march\u00e9 de la voiture d\u2019occasion bat des records en \u00cele-de-France. <\/p>\n<p>L\u2019\u00cele-de-France affiche des pr\u00e9f\u00e9rences nettes en mati\u00e8re de voitures d\u2019occasion. Selon une \u00e9tude men\u00e9e par la plateforme CapCar, la r\u00e9gion se distingue par une <strong>adoption record de la bo\u00eete automatique<\/strong> : <strong>51,1 % des v\u00e9hicules vendus<\/strong> sont \u00e9quip\u00e9s de ce type de transmission, contre 48,5 % en bo\u00eete manuelle. Ce choix s\u2019explique avant tout par le <strong>confort recherch\u00e9 dans une circulation dense et encombr\u00e9e<\/strong>, caract\u00e9ristique du bassin francilien. <\/p>\n<p> Les Franciliens d\u00e9laissent le diesel au profit de l\u2019essence <\/p>\n<p>Du c\u00f4t\u00e9 des carburants, <strong>l\u2019essence domine<\/strong> largement avec <strong>62,3 % des ventes<\/strong>, contre seulement 21,8 % pour le diesel. Les motorisations hybrides repr\u00e9sentent 10,3 % des transactions, et l\u2019\u00e9lectrique, encore timide, atteint 5,4 %. Une tendance influenc\u00e9e par les politiques publiques, mais potentiellement amen\u00e9e \u00e0 \u00e9voluer. <\/p>\n<p>\u00ab\u00a0Jusqu\u2019ici, les ZFE ont contribu\u00e9 \u00e0 acc\u00e9l\u00e9rer le recul du diesel dans les grandes m\u00e9tropoles. Mais leur arr\u00eat pourrait att\u00e9nuer cet effet de clivage. On peut s\u2019attendre \u00e0 un r\u00e9\u00e9quilibrage partiel dans les ann\u00e9es \u00e0 venir, surtout si les prix des motorisations alternatives restent \u00e9lev\u00e9s\u00a0\u00bb, a analys\u00e9 <strong>Guillaume Moriaucourt<\/strong>, directeur marketing et co-fondateur de CapCar.<\/p>\n<p>  Des voitures plus ch\u00e8res\u2026 et gard\u00e9es plus longtemps <\/p>\n<p>Autre enseignement : les Franciliens <strong>investissent davantage<\/strong> dans leur v\u00e9hicule. <strong>45,9 % des voitures vendues<\/strong> dans la r\u00e9gion se situent entre 10 000 et 20 000 euros, et plus de <strong>6 % d\u00e9passent les 30 000 euros<\/strong>, avec une proportion non n\u00e9gligeable de mod\u00e8les premium. Une dynamique qui explique en partie l\u2019<strong>\u00e2ge moyen \u00e9lev\u00e9<\/strong> des v\u00e9hicules vendus : <strong>8 ans<\/strong>, contre <strong>6,9 ans en moyenne nationale<\/strong>.<\/p>\n<p>La fid\u00e9lit\u00e9 \u00e0 l\u2019automobile fran\u00e7aise est \u00e9galement au rendez-vous. Le <strong>top 3 des marques les plus vendues<\/strong> en \u00cele-de-France est 100 % hexagonal : <strong>Renault (16,5 %), Peugeot (15,6 %) et Citro\u00ebn (10,1 %)<\/strong>. Les mod\u00e8les les plus pl\u00e9biscit\u00e9s sont la Renault Clio, la Peugeot 208 et la Peugeot 308. Cette derni\u00e8re figure d\u2019ailleurs parmi les mod\u00e8les les plus vendus dans toutes les r\u00e9gions fran\u00e7aises. <\/p>\n<p>La voiture, un r\u00e9v\u00e9lateur <\/p>\n<p>En mati\u00e8re de kilom\u00e9trage, la majorit\u00e9 des ventes se concentre entre 40 000 et 100 000 km. Ce segment reste attractif pour les acheteurs, alliant bon \u00e9tat g\u00e9n\u00e9ral et prix accessibles. <\/p>\n<p>\u00ab\u00a0Le <a href=\"https:\/\/mesinfos.fr\/achat-de-voiture-l-occasion-une-option-intelligente-202524.html\" rel=\"noopener\" target=\"_blank\">march\u00e9 de la voiture d\u2019occasion <\/a>est bien plus r\u00e9v\u00e9lateur qu\u2019on ne le pense. Il refl\u00e8te \u00e0 la fois des r\u00e9alit\u00e9s \u00e9conomiques, des pr\u00e9f\u00e9rences culturelles et des contraintes locales de mobilit\u00e9. L\u2019\u00e9cart de plus de 10 points entre la bo\u00eete automatique en \u00cele-de-France et dans les Hauts-de-France, ou la perc\u00e9e de l\u2019\u00e9lectrique dans les Pays de la Loire, en sont des exemples parlants. Cette cartographie, c\u2019est une photographie sociale de la France qui roule\u00a0\u00bb, a conclu Louis-Gabriel de Causans, co-fondateur de CapCar.<\/p>\n","protected":false},"excerpt":{"rendered":"\u00a9 Shutterstock &#8211; Le march\u00e9 de la voiture d\u2019occasion bat des records en \u00cele-de-France. L\u2019\u00cele-de-France affiche des pr\u00e9f\u00e9rences&hellip;\n","protected":false},"author":2,"featured_media":481438,"comment_status":"","ping_status":"","sticky":false,"template":"","format":"standard","meta":{"footnotes":""},"categories":[1592],"tags":[1111,11,3534,1777,674,1011,27,662,12,626,25,4752],"class_list":{"0":"post-481437","1":"post","2":"type-post","3":"status-publish","4":"format-standard","5":"has-post-thumbnail","7":"category-ile-de-france","8":"tag-actu","9":"tag-actualites","10":"tag-carburant","11":"tag-eu","12":"tag-europe","13":"tag-fr","14":"tag-france","15":"tag-ile-de-france","16":"tag-news","17":"tag-paris","18":"tag-republique-francaise","19":"tag-voiture"},"share_on_mastodon":{"url":"https:\/\/pubeurope.com\/@fr\/115416643535868763","error":""},"_links":{"self":[{"href":"https:\/\/www.europesays.com\/fr\/wp-json\/wp\/v2\/posts\/481437","targetHints":{"allow":["GET"]}}],"collection":[{"href":"https:\/\/www.europesays.com\/fr\/wp-json\/wp\/v2\/posts"}],"about":[{"href":"https:\/\/www.europesays.com\/fr\/wp-json\/wp\/v2\/types\/post"}],"author":[{"embeddable":true,"href":"https:\/\/www.europesays.com\/fr\/wp-json\/wp\/v2\/users\/2"}],"replies":[{"embeddable":true,"href":"https:\/\/www.europesays.com\/fr\/wp-json\/wp\/v2\/comments?post=481437"}],"version-history":[{"count":0,"href":"https:\/\/www.europesays.com\/fr\/wp-json\/wp\/v2\/posts\/481437\/revisions"}],"wp:featuredmedia":[{"embeddable":true,"href":"https:\/\/www.europesays.com\/fr\/wp-json\/wp\/v2\/media\/481438"}],"wp:attachment":[{"href":"https:\/\/www.europesays.com\/fr\/wp-json\/wp\/v2\/media?parent=481437"}],"wp:term":[{"taxonomy":"category","embeddable":true,"href":"https:\/\/www.europesays.com\/fr\/wp-json\/wp\/v2\/categories?post=481437"},{"taxonomy":"post_tag","embeddable":true,"href":"https:\/\/www.europesays.com\/fr\/wp-json\/wp\/v2\/tags?post=481437"}],"curies":[{"name":"wp","href":"https:\/\/api.w.org\/{rel}","templated":true}]}}